{"id":421864,"date":"2025-09-27T17:12:11","date_gmt":"2025-09-27T17:12:11","guid":{"rendered":"https:\/\/www.europesays.com\/fr\/421864\/"},"modified":"2025-09-27T17:12:11","modified_gmt":"2025-09-27T17:12:11","slug":"baptiste-luaces-publie-un-nouveau-livre","status":"publish","type":"post","link":"https:\/\/www.europesays.com\/fr\/421864\/","title":{"rendered":"Baptiste Luaces publie un nouveau livre"},"content":{"rendered":"<p>\u00ab\u00a025\u00a0avril 2027. La France bascule. Le PRP, un parti d\u2019extr\u00eame droite, acc\u00e8de au pouvoir. Dans la nuit, de terribles pogroms \u00e9clatent. Ils annoncent l\u2019av\u00e8nement d\u2019un r\u00e9gime autoritaire, s\u00e9gr\u00e9gationniste et violent.\u00a0\u00bb Selon la formule consacr\u00e9e, toute ressemblance avec des faits et des personnages existants ou ayant exist\u00e9 serait purement fortuite et ne pourrait \u00eatre que le fruit d\u2019une pure co\u00efncidence. \u00ab\u00a0En r\u00e9alit\u00e9, ce roman, c\u2019est le fruit d\u2019un cauchemar, avec la commission d\u2019un massacre, d\u2019actes graves. Je me suis r\u00e9veill\u00e9 avec un sentiment de malaise qui a dur\u00e9 un certain temps. J\u2019ai pris quelques notes. C\u2019est comme cela que \u00e7a a d\u00e9but\u00e9.\u00a0\u00bb Avec son second roman \u00ab\u00a0Puisque l\u2019obscurit\u00e9\u00a0\u00bb (1), Baptiste Luaces se d\u00e9tourne des<a href=\"https:\/\/www.sudouest.fr\/lot-et-garonne\/agen\/medecin-a-port-sainte-marie-le-docteur-luaces-publie-un-roman-inspire-de-son-quotidien-16019521.php\" target=\"_blank\" rel=\"noopener\"> \u00e9toiles filantes<\/a> de son pr\u00e9c\u00e9dent opus, sans abandonner le champ lexical de la lumi\u00e8re, des fragilit\u00e9s, de la r\u00e9silience et de l\u2019exploration des parts d\u2019ombre.<\/p>\n<p>Et ne vous y trompez pas, si les \u00e9v\u00e9nements politiques balis\u00e9s en rep\u00e8res chronologiques agissent en toile de fond, c\u2019est de la trajectoire de Kiran, Rima, Ra\u00efssa, Martin Scrivia que surgit l\u2019intrigue. \u00ab\u00a0Je n\u2019aime pas l\u2019id\u00e9e qu\u2019un livre ait une port\u00e9e militante. Pour moi, soit on essaye de faire de la litt\u00e9rature, soit on fait de la politique. Bien que les deux activit\u00e9s soient nobles, elles ne doivent pas se t\u00e9lescoper.\u00a0\u00bb<\/p>\n<p>Points de vue<\/p>\n<p>Soucieux de son \u00ab\u00a0histoire de v\u00e9rit\u00e9\u00a0\u00bb, le m\u00e9decin g\u00e9n\u00e9raliste de la maison de sant\u00e9 de Port-Sainte-Marie compose avec une mati\u00e8re famili\u00e8re, voire intime \u2013 la m\u00e9decine, la R\u00e9union, le militantisme, la ruralit\u00e9 lot-et-garonnaise \u2013 pour modeler son r\u00e9cit en usant de la forme \u00e9pistolaire, par envie d\u2019utiliser la premi\u00e8re personne du singulier. \u00ab\u00a0Je trouvais int\u00e9ressant que des points de vue parfois oppos\u00e9s s\u2019expriment, avec des temporalit\u00e9s diff\u00e9rentes\u00a0; et via la lettre, il y a aussi l\u2019id\u00e9e d\u2019\u00e9crire \u00e0 quelqu\u2019un, la transmission.\u00a0\u00bb<\/p>\n<p>En filigrane, les vies fracass\u00e9es ou remodel\u00e9es par l\u2019Histoire en marche, quand son voisin d\u2019hier devient son ennemi d\u2019aujourd\u2019hui, et la question, centrale, de l\u2019\u00e9galit\u00e9 des chances \u2013 \u00ab\u00a0deux termes antinomiques\u00a0\u00bb \u2013 ch\u00e8re \u00e0 Baptiste Luaces, traversent les personnages de \u00ab\u00a0Puisque l\u2019obscurit\u00e9\u00a0\u00bb.<\/p>\n<p>\u00ab\u00a0Je pense que la litt\u00e9rature a le pouvoir d\u2019influencer les lecteurs. \u00c0 titre personnel, je pense \u00e0 des livres qui ont vraiment chang\u00e9 ma fa\u00e7on de concevoir les choses et ont fait la personne que je suis devenue aujourd\u2019hui.\u00a0\u00bb M\u00e9decin et \u00e9crivain.<\/p>\n<p>(1) \u00ab\u00a0Puisque l\u2019obscurit\u00e9\u00a0\u00bb, de Baptiste Luaces, aux \u00c9ditions Publishroom factory. Sortie le 4\u00a0octobre.<\/p>\n<p>    D\u00e9dicaces<br \/>\nUne soir\u00e9e de lancement du livre est organis\u00e9e au Bistrot de Garonne de Saint-Laurent, samedi 4\u00a0octobre, \u00e0 19\u00a0heures. Baptiste Luaces sera en d\u00e9dicace avec son nouveau livre le 11\u00a0octobre \u00e0 14\u00a0heures \u00e0 l\u2019Espace Leclerc de Tonneins, le 18\u00a0octobre \u00e0 la librairie Libellule de Marmande, le 8\u00a0novembre \u00e0 la librairie Livresse \u00e0 Villeneuve-sur-Lot et le week-end du 15 et 16\u00a0novembre, au salon du livre de Buzet-sur-Ba\u00efse.<\/p>\n","protected":false},"excerpt":{"rendered":"\u00ab\u00a025\u00a0avril 2027. La France bascule. Le PRP, un parti d\u2019extr\u00eame droite, acc\u00e8de au pouvoir. Dans la nuit, de&hellip;\n","protected":false},"author":2,"featured_media":421865,"comment_status":"","ping_status":"","sticky":false,"template":"","format":"standard","meta":{"footnotes":""},"categories":[1357],"tags":[1379,58,59,1011,27,1380],"class_list":{"0":"post-421864","1":"post","2":"type-post","3":"status-publish","4":"format-standard","5":"has-post-thumbnail","7":"category-livres","8":"tag-books","9":"tag-divertissement","10":"tag-entertainment","11":"tag-fr","12":"tag-france","13":"tag-livres"},"share_on_mastodon":{"url":"https:\/\/pubeurope.com\/@fr\/115277381368197406","error":""},"_links":{"self":[{"href":"https:\/\/www.europesays.com\/fr\/wp-json\/wp\/v2\/posts\/421864","targetHints":{"allow":["GET"]}}],"collection":[{"href":"https:\/\/www.europesays.com\/fr\/wp-json\/wp\/v2\/posts"}],"about":[{"href":"https:\/\/www.europesays.com\/fr\/wp-json\/wp\/v2\/types\/post"}],"author":[{"embeddable":true,"href":"https:\/\/www.europesays.com\/fr\/wp-json\/wp\/v2\/users\/2"}],"replies":[{"embeddable":true,"href":"https:\/\/www.europesays.com\/fr\/wp-json\/wp\/v2\/comments?post=421864"}],"version-history":[{"count":0,"href":"https:\/\/www.europesays.com\/fr\/wp-json\/wp\/v2\/posts\/421864\/revisions"}],"wp:featuredmedia":[{"embeddable":true,"href":"https:\/\/www.europesays.com\/fr\/wp-json\/wp\/v2\/media\/421865"}],"wp:attachment":[{"href":"https:\/\/www.europesays.com\/fr\/wp-json\/wp\/v2\/media?parent=421864"}],"wp:term":[{"taxonomy":"category","embeddable":true,"href":"https:\/\/www.europesays.com\/fr\/wp-json\/wp\/v2\/categories?post=421864"},{"taxonomy":"post_tag","embeddable":true,"href":"https:\/\/www.europesays.com\/fr\/wp-json\/wp\/v2\/tags?post=421864"}],"curies":[{"name":"wp","href":"https:\/\/api.w.org\/{rel}","templated":true}]}}