{"id":421866,"date":"2025-09-27T17:13:13","date_gmt":"2025-09-27T17:13:13","guid":{"rendered":"https:\/\/www.europesays.com\/fr\/421866\/"},"modified":"2025-09-27T17:13:13","modified_gmt":"2025-09-27T17:13:13","slug":"ils-ne-jouaient-pas-le-jeu-ces-deux-invites-dont-un-celebre-animateur-que-michel-cymes-a-failli-virer-dune-de-ses-emissions","status":"publish","type":"post","link":"https:\/\/www.europesays.com\/fr\/421866\/","title":{"rendered":"\u00ab\u00a0Ils ne jouaient pas le jeu\u00a0\u00bb : ces deux invit\u00e9s, dont un c\u00e9l\u00e8bre animateur, que Michel Cymes a failli virer d\u2019une de ses \u00e9missions"},"content":{"rendered":"<p data-start=\"303\" data-end=\"624\"><a href=\"https:\/\/www.closermag.fr\/people\/michel-cymes-les-deux-aliments-quil-a-bannis-pour-etre-en-bonne-sante-3234966\" target=\"_blank\" rel=\"noopener\"><br \/>\nMichel Cymes est un des m\u00e9decins les plus connus de France<\/a>.<br \/>\nForm\u00e9 \u00e0 Paris et attach\u00e9 \u00e0 l\u2019H\u00f4pital europ\u00e9en Georges-Pompidou, il<br \/>\ns\u2019est fait conna\u00eetre du grand public par des \u00e9missions de sant\u00e9<br \/>\ncomme Le Magazine de la<br \/>\nsant\u00e9 et All\u00f4<br \/>\nDocteurs sur France 5, puis par des programmes consacr\u00e9s au<br \/>\ncorps humain sur France 2. Il lutte aussi <a href=\"https:\/\/www.closermag.fr\/people\/michel-cymes-contre-les-fake-news-medicales-le-celebre-medecin-se-lance-dans-un-projet-ambitieux-3572945\" target=\"_blank\" rel=\"noopener\"><br \/>\ncontre les fake-news m\u00e9dicales.<\/a><\/p>\n<p data-start=\"626\" data-end=\"993\">Dans ses diff\u00e9rents programmes,<br \/>\nMichel Cymes a re\u00e7u plusieurs c\u00e9l\u00e9brit\u00e9s, notamment dans<br \/>\n\u00c7a ne sortira pas d\u00a0\u00bbici !,<br \/>\ndiffus\u00e9 certains mercredis soirs sur France 2, de 2018 \u00e0 2020. Dans<br \/>\ncette \u00e9mission, il ouvrait son cabinet \u00e0 des personnalit\u00e9s et leur<br \/>\noffrait des consultations publiques, sur un ton humoristique. Mais<br \/>\ntous n\u2019ont pas \u00e9t\u00e9 tr\u00e8s r\u00e9ceptifs au concept.<\/p>\n<p>Michel Cymes a re\u00e7u des<br \/>\n\u201cinvit\u00e9s limite<br \/>\nd\u00e9sagr\u00e9ables\u201d<\/p>\n<p data-start=\"1058\" data-end=\"1337\">Samedi 27 septembre, alors<br \/>\nqu\u2019il \u00e9tait <a href=\"https:\/\/www.closermag.fr\/people\/des-saladiers-de-cocaine-a-canal-une-figure-de-la-chaine-cryptee-raconte-tout-3543564\" target=\"_blank\" rel=\"noopener\"><br \/>\ninvit\u00e9 dans On refait la<br \/>\nt\u00e9l\u00e9 sur RTL<\/a>, Michel Cymes, qui a fait des <a href=\"https:\/\/closermag.fr\/people\/mon-cerveau-michel-cymes-fait-des-revelations-sur-les-problemes-de-sante-quil-a-longtemps-caches-3554928\" target=\"_blank\" rel=\"noopener\"><br \/>\nr\u00e9v\u00e9lations sur ses probl\u00e8mes de sant\u00e9<\/a>, n\u2019a pas eu sa langue<br \/>\ndans sa poche concernant le comportement de certaines c\u00e9l\u00e9brit\u00e9s :<br \/>\n\u201cC&rsquo;\u00e9taient des gens normaux<br \/>\nau d\u00e9but, et le succ\u00e8s les a fait basculer sur une autre<br \/>\nplan\u00e8te\u201d. Lorsqu\u2019\u00c9ric Dussard lui demande s\u2019il a vraiment d\u00e9j\u00e0<br \/>\nfailli virer des personnes de ses \u00e9missions, il confirme en<br \/>\nexpliquant que c\u2019\u00e9tait \u201c<strong>Parce qu&rsquo;ils ne jouaient pas le jeu.<\/strong> Dans<br \/>\n\u00c7a ne sortira pas d&rsquo;ici, quand on venait dans mon \u00e9mission le soir,<br \/>\nil fallait jouer le jeu\u201d. Par cela, il entend le fait<br \/>\n\u201cd\u2019accepter de r\u00e9pondre aux<br \/>\ninterviews, \u00e0 mon interview, \u00e0 ma consultation, aux questions que<br \/>\nje posais\u201d.<\/p>\n<p data-start=\"1755\" data-end=\"2111\">Alors que tout le monde<br \/>\ns\u2019attend \u00e0 ce qu\u2019il cite des noms, il affirme : \u201cEt il y en a qui n&rsquo;ont pas jou\u00e9 le jeu. Je<br \/>\nne vous dirai pas qui. <strong>J&rsquo;ai failli en virer deux, qui<br \/>\n\u00e9taient limite d\u00e9sagr\u00e9ables.<\/strong> Ils ne r\u00e9pondaient pas aux<br \/>\nquestions, ils n&rsquo;\u00e9taient pas tr\u00e8s sympathiques\u201d. Il en rajoute<br \/>\nune couche en disant : \u201c<strong>Il y a des t\u00eates de cons quand<br \/>\nm\u00eame<\/strong>\u201d.<\/p>\n<p>Michel Cymes balance (un peu) sur un.e invit\u00e9.e<\/p>\n<p data-start=\"2168\" data-end=\"2561\">S\u2019il ne donne pas vraiment<br \/>\nplus de d\u00e9tails, <a href=\"https:\/\/www.closermag.fr\/people\/michel-cymes-le-mari-de-nathalie-revele-pourquoi-il-ne-porte-pas-son-alliance-3249125\" target=\"_blank\" rel=\"noopener\"><br \/>\nle mari de Nathalie<\/a> r\u00e9v\u00e8le une information qui pourra peut-\u00eatre<br \/>\naiguiller les auditeurs. Alors qu\u2019il affirme ne jamais avoir revu<br \/>\nces deux invit\u00e9s en question, il poursuit en disant :<br \/>\n\u201cJe pense qu&rsquo;il y a une<br \/>\npersonne en particulier qui m&rsquo;a invit\u00e9 plusieurs fois dans des<br \/>\n\u00e9missions qu&rsquo;elle pr\u00e9sentait. Et je n&rsquo;irai plus jamais dans une<br \/>\n\u00e9mission qu&rsquo;elle pr\u00e9sente\u201d.<\/p>\n<p data-start=\"2563\" data-end=\"2683\">Ce sont cependant les seules<br \/>\nindications qu\u2019il donnera, laissant donc penser qu\u2019il s\u2019agit d\u2019un.e<br \/>\nanimateur.trice t\u00e9l\u00e9.<\/p>\n","protected":false},"excerpt":{"rendered":"Michel Cymes est un des m\u00e9decins les plus connus de France. Form\u00e9 \u00e0 Paris et attach\u00e9 \u00e0 l\u2019H\u00f4pital&hellip;\n","protected":false},"author":2,"featured_media":421867,"comment_status":"","ping_status":"","sticky":false,"template":"","format":"standard","meta":{"footnotes":""},"categories":[1356],"tags":[548,58,59,1011,27,11712,252,1364],"class_list":{"0":"post-421866","1":"post","2":"type-post","3":"status-publish","4":"format-standard","5":"has-post-thumbnail","7":"category-television","8":"tag-article-simple","9":"tag-divertissement","10":"tag-entertainment","11":"tag-fr","12":"tag-france","13":"tag-michel-cymes","14":"tag-television","15":"tag-tv"},"share_on_mastodon":{"url":"https:\/\/pubeurope.com\/@fr\/115277385249374478","error":""},"_links":{"self":[{"href":"https:\/\/www.europesays.com\/fr\/wp-json\/wp\/v2\/posts\/421866","targetHints":{"allow":["GET"]}}],"collection":[{"href":"https:\/\/www.europesays.com\/fr\/wp-json\/wp\/v2\/posts"}],"about":[{"href":"https:\/\/www.europesays.com\/fr\/wp-json\/wp\/v2\/types\/post"}],"author":[{"embeddable":true,"href":"https:\/\/www.europesays.com\/fr\/wp-json\/wp\/v2\/users\/2"}],"replies":[{"embeddable":true,"href":"https:\/\/www.europesays.com\/fr\/wp-json\/wp\/v2\/comments?post=421866"}],"version-history":[{"count":0,"href":"https:\/\/www.europesays.com\/fr\/wp-json\/wp\/v2\/posts\/421866\/revisions"}],"wp:featuredmedia":[{"embeddable":true,"href":"https:\/\/www.europesays.com\/fr\/wp-json\/wp\/v2\/media\/421867"}],"wp:attachment":[{"href":"https:\/\/www.europesays.com\/fr\/wp-json\/wp\/v2\/media?parent=421866"}],"wp:term":[{"taxonomy":"category","embeddable":true,"href":"https:\/\/www.europesays.com\/fr\/wp-json\/wp\/v2\/categories?post=421866"},{"taxonomy":"post_tag","embeddable":true,"href":"https:\/\/www.europesays.com\/fr\/wp-json\/wp\/v2\/tags?post=421866"}],"curies":[{"name":"wp","href":"https:\/\/api.w.org\/{rel}","templated":true}]}}