{"id":421884,"date":"2025-09-27T17:23:13","date_gmt":"2025-09-27T17:23:13","guid":{"rendered":"https:\/\/www.europesays.com\/fr\/421884\/"},"modified":"2025-09-27T17:23:13","modified_gmt":"2025-09-27T17:23:13","slug":"karine-le-marchand-apporte-son-soutien-aux-sarkozy-malgre-sa-neutralite-politique-revendiquee","status":"publish","type":"post","link":"https:\/\/www.europesays.com\/fr\/421884\/","title":{"rendered":"Karine Le\u00a0Marchand apporte son soutien aux Sarkozy, malgr\u00e9 sa \u00ab\u00a0neutralit\u00e9\u00a0\u00bb politique revendiqu\u00e9e"},"content":{"rendered":"<p>        <img decoding=\"async\" loading=\"lazy\" src=\"https:\/\/www.europesays.com\/fr\/wp-content\/uploads\/2025\/09\/b0e5788_1727164295703-000-32cx8bf.jpg\"  width=\"728\" height=\"409\" alt=\"Sans la moindre retenue, Karine Le Marchand a apport\u00e9 son soutien au couple form\u00e9 pare Carla Bruni et Nicolas Sarkozy. \"\/>  <\/p>\n<p>VALERY HACHE \/ AFP<\/p>\n<p>Sans la moindre retenue, Karine Le Marchand a apport\u00e9 son soutien au couple form\u00e9 pare Carla Bruni et Nicolas Sarkozy. <\/p>\n<p class=\"asset asset-text\">PEOPLE &#8211; La condamnation de l\u2019ancien pr\u00e9sident de la R\u00e9publique dans l\u2019affaire des financements libyens continue de faire r\u00e9agir. M\u00eame en dehors de la sph\u00e8re politique. C\u2019est notamment le cas de la pr\u00e9sentatrice du groupe M6\u00a0<a href=\"https:\/\/www.huffingtonpost.fr\/divertissement\/article\/l-amour-est-dans-le-pre-la-surprise-de-karine-le-marchand-apres-la-rupture-d-un-couple-emblematique_253491.html\" target=\"_blank\" rel=\"noopener\">Karine Le\u00a0Marchand<\/a>, qui s\u2019est exprim\u00e9e sur le sujet dans une longue story partag\u00e9e sur Instagram. Sans la neutralit\u00e9 politique, qu\u2019elle revendique pourtant si souvent dans le cadre de <a href=\"https:\/\/www.huffingtonpost.fr\/divertissement\/article\/une-ambition-intime-sur-m6-karine-le-marchand-decue-par-les-audiences-veut-passer-a-autre-chose_250864.html\" target=\"_blank\" rel=\"noopener\">son \u00e9mission\u00a0Une ambition intime<\/a>.<\/p>\n<p class=\"asset asset-text\">Entre deux publications en story pour partager des codes promo, l\u2019animatrice t\u00e9l\u00e9 de <a href=\"https:\/\/www.huffingtonpost.fr\/divertissement\/article\/dans-l-amour-est-dans-le-pre-sur-m6-un-speed-dating-totalement-inedit-pour-anthony_254283.html\" target=\"_blank\" rel=\"noopener\">L\u2019Amour est dans le pr\u00e9<\/a> a expliqu\u00e9 ce vendredi 26\u00a0septembre qu\u2019elle \u00e9tait \u00ab\u00a0extr\u00eamement choqu\u00e9e\u00a0\u00bb par la <a href=\"https:\/\/www.huffingtonpost.fr\/justice\/article\/cinq-ans-de-prison-pour-nicolas-sarkozy-on-a-assiste-a-la-fin-d-un-fauve-severement-condamne_255251.html\" target=\"_blank\" rel=\"noopener\">d\u00e9cision de justice rendue la veille par le tribunal correctionnel de Paris<\/a> condamnant Nicolas Sarkozy \u00e0 <a href=\"https:\/\/www.huffingtonpost.fr\/justice\/article\/nicolas-sarkozy-condamne-date-conditions-lieu-ce-que-l-on-sait-de-sa-future-detention_255265.html\" target=\"_blank\" rel=\"noopener\">cinq ans de prison<\/a> pour association de malfaiteurs.<\/p>\n<p class=\"asset asset-text\">\u00ab\u00a0Vous savez que je prends tr\u00e8s peu la parole pour la politique, parce que je pr\u00e9sente\u00a0Une ambition intime\u00a0et que j\u2019essaie de rester neutre\u00a0\u00bb, commence-t-elle par rappeler dans une vid\u00e9o film\u00e9e dans un parking souterrain. \u00ab\u00a0Mais en tant que Fran\u00e7aise, citoyenne, je ne comprends pas ce qu\u2019il se passe avec Nicolas Sarkozy, 70\u00a0ans, ancien pr\u00e9sident de la R\u00e9publique\u00a0\u00bb, poursuit-elle.<\/p>\n<p>         <img decoding=\"async\" loading=\"lazy\" src=\"https:\/\/www.europesays.com\/fr\/wp-content\/uploads\/2025\/09\/7374676_upload-1-7btoli8kx745-capture-d-a-cran-2025-09-27-173710.png\"  width=\"728\" height=\"581\" alt=\"Dans une vid\u00e9o partag\u00e9e en story Instagram, Karine Le Marchand a exprim\u00e9 sa profonde incompr\u00e9hension face \u00e0 la d\u00e9cision rendue conre Nicolas Sarkozy dans cette \u00e9ni\u00e8me affaire judiciaire o\u00f9 le nom de l\u2019ancien chef de l\u2019\u00c9tat est cit\u00e9.\"\/>  <\/p>\n<p>Capture d\u2019\u00e9cran Instagram<\/p>\n<p>Dans une vid\u00e9o partag\u00e9e en story Instagram, Karine Le Marchand a exprim\u00e9 sa profonde incompr\u00e9hension face \u00e0 la d\u00e9cision rendue conre Nicolas Sarkozy dans cette \u00e9ni\u00e8me affaire judiciaire o\u00f9 le nom de l\u2019ancien chef de l\u2019\u00c9tat est cit\u00e9.<\/p>\n<p class=\"asset asset-text\">\u00ab\u00a0On vient de dire qu\u2019il n\u2019avait pas eu d\u2019enrichissement personnel. On vient de d\u00e9montrer que l\u2019article de d\u00e9part de Mediapart \u00e9tait faux. Que l\u2019enqu\u00eate est donc partie d\u2019un faux\u2026 Et on le condamne \u00e0 5\u00a0ans (de prison) alors qu\u2019on a des jeunes qui tabassent un policier qui sont rel\u00e2ch\u00e9s, que des mecs sous OQTF condamn\u00e9s jusqu\u2019\u00e0 11\u00a0fois qui agressent des femmes sont rel\u00e2ch\u00e9s\u2026\u00a0\u00bb, s\u2019indigne alors la pr\u00e9sentatrice de 57\u00a0ans, reprenant l\u00e0 l\u2019argumentation tr\u00e8s en vogue \u00e0 droite et \u00e0 l\u2019extr\u00eame droite depuis deux jours.<\/p>\n<p>                     \u00ab\u00a0Rien ni personne ne me feront taire\u00a0\u00bb    <\/p>\n<p class=\"asset asset-text\">\u00ab\u00a0Je ne comprends pas cette justice. Je suis\u00a0extr\u00eamement choqu\u00e9e et je ne pouvais pas ne pas le dire. Nicolas, tu as tout mon soutien. Carla tu as tout mon soutien. Et si je peux faire quelque chose, vous me le demandez\u00a0\u00bb, finit par conclure Karine Le\u00a0Marchand.<\/p>\n<p class=\"asset asset-text\">Visiblement loin d\u2019en savoir fini avec cette affaire, Karine Le\u00a0Marchand en a rajout\u00e9 une couche sur Instagram. \u00ab\u00a0Condamn\u00e9 pour l\u2019intention\u2026\u00a0\u00bb, a-t-elle \u00e9crit ironiquement sous une vid\u00e9o de l\u2019\u00e9mission Quotidien. La vid\u00e9o en question montrait l\u2019animateur Yann Barth\u00e8s donner la parole au journaliste Nicolas Bastuck, venu commenter et d\u00e9crypter cette d\u00e9cision de justice du point de vue du droit.<\/p>\n<p>         <img decoding=\"async\" loading=\"lazy\" src=\"https:\/\/www.europesays.com\/fr\/wp-content\/uploads\/2025\/09\/aa30b5c_upload-1-x9hoqwzhsmpb-capture-d-a-cran-2025-09-27-173736.png\"  width=\"728\" height=\"590\" alt=\"Le message final partag\u00e9 sur Instagram par Karine Le Marchand sur le sujet Nicolas Sarkozy.\"\/>  <\/p>\n<p>Captrue d\u2019\u00e9cran Instagram<\/p>\n<p>Le message final partag\u00e9 sur Instagram par Karine Le Marchand sur le sujet Nicolas Sarkozy.<\/p>\n<p class=\"asset asset-text\">Avec ses d\u00e9clarations, l\u2019animatrice de M6\u00a0a provoqu\u00e9 de vives r\u00e9actions sur les r\u00e9seaux sociaux. Raison pour laquelle elle a fini par \u00e9crire \u00e0 ses d\u00e9tracteurs dans une nouvelle story\u00a0: \u00ab\u00a0\u00c0 ceux que mes opinions d\u00e9rangent, je vous conseille de ne pas suivre mes r\u00e9seaux.\u00a0\u00bb \u00ab\u00a0Rien ni personne (et surtout pas vos petites remarques d\u00e9sobligeantes sous pseudonyme) ne me feront taire ou changer. Passez votre chemin, bonne route\u00a0\u00bb, a-t-elle \u00e9crit pour mettre un terme au d\u00e9bat qu\u2019elle avait elle-m\u00eame lanc\u00e9 sur son compte Instagram.<\/p>\n<p>                     Raccord avec le Code p\u00e9nal    <\/p>\n<p class=\"asset asset-text\">Pour rappel, les magistrats qui ont rendu la d\u00e9cision de justice condamnant Nicolas Sarkozy \u00e0 5\u00a0ans de prison s\u2019appuient, selon eux, sur des faits \u00ab\u00a0d\u2019une gravit\u00e9 exceptionnelle, de nature \u00e0 alt\u00e9rer la confiance des citoyens dans ceux qui les repr\u00e9sentent et sont cens\u00e9s agir dans le sens de l\u2019int\u00e9r\u00eat g\u00e9n\u00e9ral, mais aussi dans les institutions m\u00eames de la R\u00e9publique\u00a0\u00bb.<\/p>\n<p class=\"asset asset-text\">Bien loin d\u2019une vengeance judiciaire ou d\u2019une d\u00e9cision injuste motiv\u00e9e par une conspiration contre l\u2019ancien chef de l\u2019\u00c9tat fran\u00e7ais. Car selon le <a href=\"https:\/\/www.legifrance.gouv.fr\/codes\/article_lc\/LEGIARTI000051741799\" target=\"_blank\" rel=\"noopener\" title=\"Nouvelle fen\u00eatre\">Code p\u00e9nal<\/a>, \u00ab\u00a0constitue une association de malfaiteurs tout groupement form\u00e9 ou entente \u00e9tablie en vue de la pr\u00e9paration, caract\u00e9ris\u00e9e par un ou plusieurs faits mat\u00e9riels, d\u2019un ou plusieurs crimes ou d\u2019un ou plusieurs d\u00e9lits punis d\u2019au moins cinq ans d\u2019emprisonnement.\u00a0\u00bb<\/p>\n<p class=\"asset asset-text\">C\u2019est bien ce qu\u2019a retenu le tribunal en le condamnant \u00e0 cinq ans de prison, pour avoir \u00ab\u00a0laiss\u00e9 ses proches collaborateurs et soutiens politiques sur lesquels il avait autorit\u00e9\u00a0\u00bb solliciter les autorit\u00e9s libyennes \u00ab\u00a0afin d\u2019obtenir ou tenter d\u2019obtenir des soutiens financiers en Libye en vue d\u2019obtenir le financement\u00a0\u00bb de sa campagne de 2007.<\/p>\n","protected":false},"excerpt":{"rendered":"VALERY HACHE \/ AFP Sans la moindre retenue, Karine Le Marchand a apport\u00e9 son soutien au couple form\u00e9&hellip;\n","protected":false},"author":2,"featured_media":421885,"comment_status":"","ping_status":"","sticky":false,"template":"","format":"standard","meta":{"footnotes":""},"categories":[4],"tags":[11,58,1011,27,303,5413,12,3091,973,25,938],"class_list":{"0":"post-421884","1":"post","2":"type-post","3":"status-publish","4":"format-standard","5":"has-post-thumbnail","7":"category-france","8":"tag-actualites","9":"tag-divertissement","10":"tag-fr","11":"tag-france","12":"tag-justice","13":"tag-karine-le-marchand","14":"tag-news","15":"tag-nicolas-sarkozy","16":"tag-people","17":"tag-republique-francaise","18":"tag-reseaux-sociaux"},"share_on_mastodon":{"url":"https:\/\/pubeurope.com\/@fr\/115277425083954960","error":""},"_links":{"self":[{"href":"https:\/\/www.europesays.com\/fr\/wp-json\/wp\/v2\/posts\/421884","targetHints":{"allow":["GET"]}}],"collection":[{"href":"https:\/\/www.europesays.com\/fr\/wp-json\/wp\/v2\/posts"}],"about":[{"href":"https:\/\/www.europesays.com\/fr\/wp-json\/wp\/v2\/types\/post"}],"author":[{"embeddable":true,"href":"https:\/\/www.europesays.com\/fr\/wp-json\/wp\/v2\/users\/2"}],"replies":[{"embeddable":true,"href":"https:\/\/www.europesays.com\/fr\/wp-json\/wp\/v2\/comments?post=421884"}],"version-history":[{"count":0,"href":"https:\/\/www.europesays.com\/fr\/wp-json\/wp\/v2\/posts\/421884\/revisions"}],"wp:featuredmedia":[{"embeddable":true,"href":"https:\/\/www.europesays.com\/fr\/wp-json\/wp\/v2\/media\/421885"}],"wp:attachment":[{"href":"https:\/\/www.europesays.com\/fr\/wp-json\/wp\/v2\/media?parent=421884"}],"wp:term":[{"taxonomy":"category","embeddable":true,"href":"https:\/\/www.europesays.com\/fr\/wp-json\/wp\/v2\/categories?post=421884"},{"taxonomy":"post_tag","embeddable":true,"href":"https:\/\/www.europesays.com\/fr\/wp-json\/wp\/v2\/tags?post=421884"}],"curies":[{"name":"wp","href":"https:\/\/api.w.org\/{rel}","templated":true}]}}