{"id":421887,"date":"2025-09-27T17:25:17","date_gmt":"2025-09-27T17:25:17","guid":{"rendered":"https:\/\/www.europesays.com\/fr\/421887\/"},"modified":"2025-09-27T17:25:17","modified_gmt":"2025-09-27T17:25:17","slug":"la-tour-en-jarez-lundi-la-montee-du-bourg-interdite-a-la-circulation","status":"publish","type":"post","link":"https:\/\/www.europesays.com\/fr\/421887\/","title":{"rendered":"La Tour-en-Jarez. Lundi, la mont\u00e9e du Bourg interdite \u00e0 la circulation"},"content":{"rendered":"<p>Lundi\u00a029 et le mardi 30\u00a0septembre, Saint-\u00c9tienne M\u00e9tropole va proc\u00e9der \u00e0 des travaux de r\u00e9fection de la voirie. Des enrob\u00e9s vont \u00eatre appliqu\u00e9s sur l\u2019acc\u00e8s principal au village du n\u00b0\u00a011 mont\u00e9e du Bourg \u00e0 son intersection avec la rue des Terreaux. Une d\u00e9viation sera mise en place par la mont\u00e9e du Goulot. Les riverains sont invit\u00e9s \u00e0 prendre leurs dispositions, la circulation \u00e9tant interdite. Ils devront stationner leurs v\u00e9hicules en dehors du p\u00e9rim\u00e8tre du chantier ces jours-l\u00e0.<\/p>\n","protected":false},"excerpt":{"rendered":"Lundi\u00a029 et le mardi 30\u00a0septembre, Saint-\u00c9tienne M\u00e9tropole va proc\u00e9der \u00e0 des travaux de r\u00e9fection de la voirie. Des&hellip;\n","protected":false},"author":2,"featured_media":421888,"comment_status":"","ping_status":"","sticky":false,"template":"","format":"standard","meta":{"footnotes":""},"categories":[9653],"tags":[1111,11,2430,7539,1777,674,1011,27,36355,12,25,4001,9664,104],"class_list":{"0":"post-421887","1":"post","2":"type-post","3":"status-publish","4":"format-standard","5":"has-post-thumbnail","7":"category-saint-etienne","8":"tag-actu","9":"tag-actualites","10":"tag-auvergne-rhone-alpes","11":"tag-edition-loire-sud","12":"tag-eu","13":"tag-europe","14":"tag-fr","15":"tag-france","16":"tag-la-tour-en-jarez","17":"tag-news","18":"tag-republique-francaise","19":"tag-saint-etienne","20":"tag-saint-etienne-bassin","21":"tag-societe"},"share_on_mastodon":{"url":"https:\/\/pubeurope.com\/@fr\/115277432346508743","error":""},"_links":{"self":[{"href":"https:\/\/www.europesays.com\/fr\/wp-json\/wp\/v2\/posts\/421887","targetHints":{"allow":["GET"]}}],"collection":[{"href":"https:\/\/www.europesays.com\/fr\/wp-json\/wp\/v2\/posts"}],"about":[{"href":"https:\/\/www.europesays.com\/fr\/wp-json\/wp\/v2\/types\/post"}],"author":[{"embeddable":true,"href":"https:\/\/www.europesays.com\/fr\/wp-json\/wp\/v2\/users\/2"}],"replies":[{"embeddable":true,"href":"https:\/\/www.europesays.com\/fr\/wp-json\/wp\/v2\/comments?post=421887"}],"version-history":[{"count":0,"href":"https:\/\/www.europesays.com\/fr\/wp-json\/wp\/v2\/posts\/421887\/revisions"}],"wp:featuredmedia":[{"embeddable":true,"href":"https:\/\/www.europesays.com\/fr\/wp-json\/wp\/v2\/media\/421888"}],"wp:attachment":[{"href":"https:\/\/www.europesays.com\/fr\/wp-json\/wp\/v2\/media?parent=421887"}],"wp:term":[{"taxonomy":"category","embeddable":true,"href":"https:\/\/www.europesays.com\/fr\/wp-json\/wp\/v2\/categories?post=421887"},{"taxonomy":"post_tag","embeddable":true,"href":"https:\/\/www.europesays.com\/fr\/wp-json\/wp\/v2\/tags?post=421887"}],"curies":[{"name":"wp","href":"https:\/\/api.w.org\/{rel}","templated":true}]}}