{"id":421889,"date":"2025-09-27T17:26:26","date_gmt":"2025-09-27T17:26:26","guid":{"rendered":"https:\/\/www.europesays.com\/fr\/421889\/"},"modified":"2025-09-27T17:26:26","modified_gmt":"2025-09-27T17:26:26","slug":"saint-etienne-il-voulait-voler-une-moto-dans-une-auto-ecole-il-file-en-prison","status":"publish","type":"post","link":"https:\/\/www.europesays.com\/fr\/421889\/","title":{"rendered":"Saint-\u00c9tienne. Il voulait voler une moto dans une auto-\u00e9cole, il file en prison"},"content":{"rendered":"<p>Quand le sursis tombe, c\u2019est le coup de massue. Incr\u00e9dule dans le box, Farid, comprend que cette fois-ci, il n\u2019\u00e9chappera pas \u00e0 l\u2019incarc\u00e9ration. Avec d\u00e9j\u00e0 sept mentions au casier judiciaire dont plusieurs pour r\u00e9cidives, il s\u2019\u00e9tait habitu\u00e9 \u00e0 passer entre les mailles du filet, via le DDSE (Disposition de d\u00e9tention sous surveillance \u00e9lectronique).<\/p>\n<p>Le pire, c\u2019est que dans&#8230;<\/p>\n","protected":false},"excerpt":{"rendered":"Quand le sursis tombe, c\u2019est le coup de massue. Incr\u00e9dule dans le box, Farid, comprend que cette fois-ci,&hellip;\n","protected":false},"author":2,"featured_media":421890,"comment_status":"","ping_status":"","sticky":false,"template":"","format":"standard","meta":{"footnotes":""},"categories":[9653],"tags":[1111,11,2430,271,272,7539,1777,674,274,107,1011,27,3367,12,25,4001,7538],"class_list":{"0":"post-421889","1":"post","2":"type-post","3":"status-publish","4":"format-standard","5":"has-post-thumbnail","7":"category-saint-etienne","8":"tag-actu","9":"tag-actualites","10":"tag-auvergne-rhone-alpes","11":"tag-crime","12":"tag-delit-et-contravention","13":"tag-edition-loire-sud","14":"tag-eu","15":"tag-europe","16":"tag-faits-divers-justice","17":"tag-fil-info","18":"tag-fr","19":"tag-france","20":"tag-loire","21":"tag-news","22":"tag-republique-francaise","23":"tag-saint-etienne","24":"tag-saint-etienne-ville"},"share_on_mastodon":{"url":"https:\/\/pubeurope.com\/@fr\/115277436272618175","error":""},"_links":{"self":[{"href":"https:\/\/www.europesays.com\/fr\/wp-json\/wp\/v2\/posts\/421889","targetHints":{"allow":["GET"]}}],"collection":[{"href":"https:\/\/www.europesays.com\/fr\/wp-json\/wp\/v2\/posts"}],"about":[{"href":"https:\/\/www.europesays.com\/fr\/wp-json\/wp\/v2\/types\/post"}],"author":[{"embeddable":true,"href":"https:\/\/www.europesays.com\/fr\/wp-json\/wp\/v2\/users\/2"}],"replies":[{"embeddable":true,"href":"https:\/\/www.europesays.com\/fr\/wp-json\/wp\/v2\/comments?post=421889"}],"version-history":[{"count":0,"href":"https:\/\/www.europesays.com\/fr\/wp-json\/wp\/v2\/posts\/421889\/revisions"}],"wp:featuredmedia":[{"embeddable":true,"href":"https:\/\/www.europesays.com\/fr\/wp-json\/wp\/v2\/media\/421890"}],"wp:attachment":[{"href":"https:\/\/www.europesays.com\/fr\/wp-json\/wp\/v2\/media?parent=421889"}],"wp:term":[{"taxonomy":"category","embeddable":true,"href":"https:\/\/www.europesays.com\/fr\/wp-json\/wp\/v2\/categories?post=421889"},{"taxonomy":"post_tag","embeddable":true,"href":"https:\/\/www.europesays.com\/fr\/wp-json\/wp\/v2\/tags?post=421889"}],"curies":[{"name":"wp","href":"https:\/\/api.w.org\/{rel}","templated":true}]}}