{"id":421891,"date":"2025-09-27T17:27:38","date_gmt":"2025-09-27T17:27:38","guid":{"rendered":"https:\/\/www.europesays.com\/fr\/421891\/"},"modified":"2025-09-27T17:27:38","modified_gmt":"2025-09-27T17:27:38","slug":"eulmont-mariage-jennifer-et-david","status":"publish","type":"post","link":"https:\/\/www.europesays.com\/fr\/421891\/","title":{"rendered":"Eulmont | Mariage. Jennifer et David"},"content":{"rendered":"<p>En ce samedi d\u2019automne \u00e0 16\u00a0h\u00a030 en mairie, Jennifer Rizzo, charg\u00e9e d\u2019affaires professionnelles, et David Gardelli, chef de secteur se sont dit \u00ab\u00a0oui\u00a0\u00bb. C\u2019est le maire Claude Thomas, assist\u00e9 d\u2019Arnaud Petry conseiller, qui a proc\u00e9d\u00e9 au mariage de son adjoint David avec Jennifer, en pr\u00e9sence de leurs enfants Bonnie et Enzo, de familles et amis. La famille r\u00e9side \u00e0 Eulmont. Nos f\u00e9licitations.<\/p>\n","protected":false},"excerpt":{"rendered":"En ce samedi d\u2019automne \u00e0 16\u00a0h\u00a030 en mairie, Jennifer Rizzo, charg\u00e9e d\u2019affaires professionnelles, et David Gardelli, chef de&hellip;\n","protected":false},"author":2,"featured_media":421892,"comment_status":"","ping_status":"","sticky":false,"template":"","format":"standard","meta":{"footnotes":""},"categories":[9635],"tags":[1111,11,9223,12080,1704,1777,20012,674,1011,27,775,1930,1702,12,25,104],"class_list":{"0":"post-421891","1":"post","2":"type-post","3":"status-publish","4":"format-standard","5":"has-post-thumbnail","7":"category-nancy","8":"tag-actu","9":"tag-actualites","10":"tag-carnet-du-jour","11":"tag-cc-de-seille-et-grand-couronne-54b","12":"tag-edition-nancy-et-agglomeration","13":"tag-eu","14":"tag-eulmont","15":"tag-europe","16":"tag-fr","17":"tag-france","18":"tag-grand-est","19":"tag-mariage","20":"tag-nancy","21":"tag-news","22":"tag-republique-francaise","23":"tag-societe"},"share_on_mastodon":{"url":"https:\/\/pubeurope.com\/@fr\/115277440129596970","error":""},"_links":{"self":[{"href":"https:\/\/www.europesays.com\/fr\/wp-json\/wp\/v2\/posts\/421891","targetHints":{"allow":["GET"]}}],"collection":[{"href":"https:\/\/www.europesays.com\/fr\/wp-json\/wp\/v2\/posts"}],"about":[{"href":"https:\/\/www.europesays.com\/fr\/wp-json\/wp\/v2\/types\/post"}],"author":[{"embeddable":true,"href":"https:\/\/www.europesays.com\/fr\/wp-json\/wp\/v2\/users\/2"}],"replies":[{"embeddable":true,"href":"https:\/\/www.europesays.com\/fr\/wp-json\/wp\/v2\/comments?post=421891"}],"version-history":[{"count":0,"href":"https:\/\/www.europesays.com\/fr\/wp-json\/wp\/v2\/posts\/421891\/revisions"}],"wp:featuredmedia":[{"embeddable":true,"href":"https:\/\/www.europesays.com\/fr\/wp-json\/wp\/v2\/media\/421892"}],"wp:attachment":[{"href":"https:\/\/www.europesays.com\/fr\/wp-json\/wp\/v2\/media?parent=421891"}],"wp:term":[{"taxonomy":"category","embeddable":true,"href":"https:\/\/www.europesays.com\/fr\/wp-json\/wp\/v2\/categories?post=421891"},{"taxonomy":"post_tag","embeddable":true,"href":"https:\/\/www.europesays.com\/fr\/wp-json\/wp\/v2\/tags?post=421891"}],"curies":[{"name":"wp","href":"https:\/\/api.w.org\/{rel}","templated":true}]}}