{"id":421893,"date":"2025-09-27T17:29:22","date_gmt":"2025-09-27T17:29:22","guid":{"rendered":"https:\/\/www.europesays.com\/fr\/421893\/"},"modified":"2025-09-27T17:29:22","modified_gmt":"2025-09-27T17:29:22","slug":"les-espoirs-battus-sur-le-fil-a-villeurbanne","status":"publish","type":"post","link":"https:\/\/www.europesays.com\/fr\/421893\/","title":{"rendered":"les espoirs battus sur le fil \u00e0 Villeurbanne"},"content":{"rendered":"<p>Les espoirs du SLUC Nancy peuvent nourrir de sacr\u00e9s regrets. Finalement battus de deux petits points sur le parquet de Villeurbanne, ce samedi apr\u00e8s-midi (72-70), ils ont pourtant \u00e9t\u00e9 tout proches de rafler la mise et ont m\u00eame parcouru la plus grande partie de ce premier match de la saison en t\u00eate (15-18, 10e\u00a0 ; 33-35, 20e\u00a0; 48-54, 30e).<\/p>\n<p>Mais le dernier quart-temps (24-16) a \u00e9t\u00e9 fatal aux co\u00e9quipiers de Kany N\u2019Kouka. Tout comme les ballons perdus (21) et les lancers-francs manqu\u00e9s (11\/20) ont forc\u00e9ment co\u00fbt\u00e9 cher \u00e0 l\u2019arriv\u00e9e d\u2019un match aussi serr\u00e9.<\/p>\n<p class=\"note\"><strong>Les marqueurs<\/strong><strong>ASVEL\u00a0:<\/strong> Wade 14, Diouf 17, Sylves 10, Goder 3, P.\u00a0Loussavouvou 13, A.\u00a0Loussavouvou 5, Gruszka 2, Ndiaye, Eduardo, Risal 8. <strong>SLUC\u00a0:<\/strong> Chaney 21, Chammartin 6, Issa-Pavy 6, Nfomoum-Lomby 18, N\u2019Kouka 8, Kalubi 5, Munongo, Dayas 4, Moller 2.<\/p>\n","protected":false},"excerpt":{"rendered":"Les espoirs du SLUC Nancy peuvent nourrir de sacr\u00e9s regrets. Finalement battus de deux petits points sur le&hellip;\n","protected":false},"author":2,"featured_media":421894,"comment_status":"","ping_status":"","sticky":false,"template":"","format":"standard","meta":{"footnotes":""},"categories":[9635],"tags":[1111,11,1791,1704,1777,674,1011,27,775,1702,1703,12,25,11567,517,1700],"class_list":{"0":"post-421893","1":"post","2":"type-post","3":"status-publish","4":"format-standard","5":"has-post-thumbnail","7":"category-nancy","8":"tag-actu","9":"tag-actualites","10":"tag-basket-ball","11":"tag-edition-nancy-et-agglomeration","12":"tag-eu","13":"tag-europe","14":"tag-fr","15":"tag-france","16":"tag-grand-est","17":"tag-nancy","18":"tag-nancy-ville-54b","19":"tag-news","20":"tag-republique-francaise","21":"tag-sluc","22":"tag-sport","23":"tag-sport-lorrain"},"share_on_mastodon":{"url":"https:\/\/pubeurope.com\/@fr\/115277448072312891","error":""},"_links":{"self":[{"href":"https:\/\/www.europesays.com\/fr\/wp-json\/wp\/v2\/posts\/421893","targetHints":{"allow":["GET"]}}],"collection":[{"href":"https:\/\/www.europesays.com\/fr\/wp-json\/wp\/v2\/posts"}],"about":[{"href":"https:\/\/www.europesays.com\/fr\/wp-json\/wp\/v2\/types\/post"}],"author":[{"embeddable":true,"href":"https:\/\/www.europesays.com\/fr\/wp-json\/wp\/v2\/users\/2"}],"replies":[{"embeddable":true,"href":"https:\/\/www.europesays.com\/fr\/wp-json\/wp\/v2\/comments?post=421893"}],"version-history":[{"count":0,"href":"https:\/\/www.europesays.com\/fr\/wp-json\/wp\/v2\/posts\/421893\/revisions"}],"wp:featuredmedia":[{"embeddable":true,"href":"https:\/\/www.europesays.com\/fr\/wp-json\/wp\/v2\/media\/421894"}],"wp:attachment":[{"href":"https:\/\/www.europesays.com\/fr\/wp-json\/wp\/v2\/media?parent=421893"}],"wp:term":[{"taxonomy":"category","embeddable":true,"href":"https:\/\/www.europesays.com\/fr\/wp-json\/wp\/v2\/categories?post=421893"},{"taxonomy":"post_tag","embeddable":true,"href":"https:\/\/www.europesays.com\/fr\/wp-json\/wp\/v2\/tags?post=421893"}],"curies":[{"name":"wp","href":"https:\/\/api.w.org\/{rel}","templated":true}]}}