{"id":421909,"date":"2025-09-27T17:38:12","date_gmt":"2025-09-27T17:38:12","guid":{"rendered":"https:\/\/www.europesays.com\/fr\/421909\/"},"modified":"2025-09-27T17:38:12","modified_gmt":"2025-09-27T17:38:12","slug":"ivre-il-provoque-un-accident-et-sort-une-arme-face-aux-gendarmes","status":"publish","type":"post","link":"https:\/\/www.europesays.com\/fr\/421909\/","title":{"rendered":"ivre, il provoque un accident et sort une arme face aux gendarmes"},"content":{"rendered":"<p>            Par<br \/>\n        <strong><br \/>\n            <a href=\"https:\/\/actu.fr\/auteur\/journaliste-er\" title=\"Consulter tous les articles de R\u00e9daction Ch\u00e2teaubriant\" target=\"_blank\" rel=\"noopener\">R\u00e9daction Ch\u00e2teaubriant<\/a><br \/>\n        <\/strong><\/p>\n<p>        Publi\u00e9 le<\/p>\n<p>            27 sept. 2025 \u00e0 15h12        <\/p>\n<p>Le tribunal correctionnel de Rennes (Ille-et-Vilaine) a condamn\u00e9, le<b> jeudi 3\u00a0juillet 2025<\/b>, un habitant de Tresboeuf (Ille-et-Vilaine) de 53\u00a0ans qui avait sorti un <b>fusil devant les gendarmes. Mais pour quel motif\u2009?<\/b><\/p>\n<p>Ille-et-Vilaine\u2009: ivre, il provoque un accident et sort une arme face aux gendarmes<\/p>\n<p class=\" wall-content\">Ce soir-l\u00e0 le quinquag\u00e9naire alcoolis\u00e9 avait en effet provoqu\u00e9 un <b>accident de la route<\/b>\u2009: craignant de \u00ab\u2009perdre son permis\u2009\u00bb, l\u2019homme avait pris la fuite.<\/p>\n<p class=\" wall-content\">Alert\u00e9s, deux gendarmes s\u2019\u00e9taient rendus sur place et avaient appris par un t\u00e9moin qu\u2019un proche du conducteur l\u2019avait \u00ab\u2009r\u00e9cup\u00e9r\u00e9\u2009\u00bb apr\u00e8s avoir \u00ab\u2009r\u00e9cup\u00e9r\u00e9 des affaires\u2009\u00bb.<\/p>\n<p class=\" wall-content\">Les gendarmes s\u2019\u00e9taient donc pr\u00e9sent\u00e9s \u00e0 son domicile et sa fille, visiblement paniqu\u00e9e, leur avait ouvert\u2009: le pr\u00e9venu avait alors \u00ab\u2009surgi\u2009\u00bb de chez lui, fusil \u00e0 la main. \u00ab\u2009Ils sont o\u00f9 ces fils de pute de gendarmes\u2009?\u2009\u00bb, avait-il hurl\u00e9.<\/p>\n<p class=\" wall-content\">L\u2019une des filles plus \u00e2g\u00e9es du couple, \u00e9tait arriv\u00e9e \u00ab\u2009en trombe\u2009\u00bb au domicile familial et \u00e9tait parvenue \u00e0 \u00ab\u2009d\u00e9samorcer la situation\u2009\u00bb en \u00ab\u2009r\u00e9cup\u00e9rant l\u2019arme\u2009\u00bb, expliquant qu\u2019elle \u00e9tait toutefois \u00ab\u2009inop\u00e9rante\u2009\u00bb.<\/p>\n<p>Il conserve son permis de conduire<\/p>\n<p class=\" wall-content\">M\u00e9content, <b>l\u2019homme alcoolis\u00e9<\/b> avait pour sa part continu\u00e9 \u00ab\u2009les provocations\u2009\u00bb en criant de nouveau \u00ab\u2009qu\u2019est-ce que vous voulez faire les cow-boys\u2009!\u2009\u00bb. Il avait \u00e9t\u00e9 interpell\u00e9 non sans \u00ab\u2009r\u00e9sistance\u2009\u00bb, blessant m\u00eame un gendarme \u00e0 la main.<\/p>\n<p>Votre r\u00e9gion, votre actu !<\/p>\n<p>Recevez chaque jour les infos qui comptent pour vous.<\/p>\n<p>\t<a href=\"https:\/\/actu.fr\/newsletter\" class=\"ac-btn ac-btn--corner ac-btn--medium ac-btn--blue800\" target=\"_blank\" rel=\"noopener\">S&rsquo;incrire<\/a><\/p>\n<p class=\" wall-content\">\u00c0 l\u2019audience, le pr\u00e9venu \u2013 ouvrier de voirie, p\u00e8re de famille et inconnu de la justice \u2013 a imm\u00e9diatement <b>pr\u00e9sent\u00e9 ses excuses aux trois militaires <\/b>pr\u00e9sents dans la salle.<\/p>\n<p class=\" wall-content\">Son avocat, Me Arnaud Le Bourdais, a lui\u00a0insist\u00e9\u00a0sur la \u00ab\u2009n\u00e9cessit\u00e9\u2009\u00bb, pour son client, de conserver son permis de conduire, un \u00e9l\u00e9ment \u00ab\u2009vital pour son travail\u2009\u00bb.<\/p>\n<p class=\" wall-content\">Le procureur de la R\u00e9publique avait, lui, requis une \u00ab\u2009peine civique\u2009\u00bb \u2013 \u00e0 savoir un stage de citoyennet\u00e9 \u00e0 r\u00e9aliser \u00e0 ses frais.<\/p>\n<p class=\" wall-content\">Les juges du tribunal correctionnel de Rennes l\u2019ont finalement suivi\u2009: le pr\u00e9venu a donc \u00e9t\u00e9 reconnu coupable d\u2019ivresse manifeste au volant, de r\u00e9bellion, d\u2019outrage et de menaces.<\/p>\n<p class=\" wall-content\">Il lui a \u00e9t\u00e9 fait <b>interdiction de porter une arme pendant cinq ans <\/b>et il devra indemniser les \u00ab\u2009pr\u00e9judices\u2009\u00bb subis par les gendarmes.<\/p>\n<p class=\" wall-content\"><b>LB (PressPepper)<\/b><\/p>\n<p class=\" wall-content\">Personnalisez votre actualit\u00e9 en ajoutant vos villes et m\u00e9dias en favori avec <a href=\"https:\/\/moncompte.actu.fr\" title=\"D\u00e9couvez Mon Actu\" rel=\"nofollow noopener\" data-trk=\"{&quot;cta&quot;:{&quot;action&quot;:&quot;https:\\\/\\\/moncompte.actu.fr&quot;,&quot;category&quot;:&quot;mon compte&quot;,&quot;from&quot;:&quot;article footer&quot;,&quot;name&quot;:&quot;Mon actu&quot;,&quot;type&quot;:&quot;cta&quot;}}\" target=\"_blank\">Mon Actu<\/a>.<\/p>\n","protected":false},"excerpt":{"rendered":"Par R\u00e9daction Ch\u00e2teaubriant Publi\u00e9 le 27 sept. 2025 \u00e0 15h12 Le tribunal correctionnel de Rennes (Ille-et-Vilaine) a condamn\u00e9,&hellip;\n","protected":false},"author":2,"featured_media":421910,"comment_status":"","ping_status":"","sticky":false,"template":"","format":"standard","meta":{"footnotes":""},"categories":[2821],"tags":[119,1111,11,829,1777,674,118,1011,27,3381,12,584,25],"class_list":{"0":"post-421909","1":"post","2":"type-post","3":"status-publish","4":"format-standard","5":"has-post-thumbnail","7":"category-rennes","8":"tag-accident","9":"tag-actu","10":"tag-actualites","11":"tag-bretagne","12":"tag-eu","13":"tag-europe","14":"tag-faits-divers","15":"tag-fr","16":"tag-france","17":"tag-gendarmerie","18":"tag-news","19":"tag-rennes","20":"tag-republique-francaise"},"share_on_mastodon":{"url":"https:\/\/pubeurope.com\/@fr\/115277483472856642","error":""},"_links":{"self":[{"href":"https:\/\/www.europesays.com\/fr\/wp-json\/wp\/v2\/posts\/421909","targetHints":{"allow":["GET"]}}],"collection":[{"href":"https:\/\/www.europesays.com\/fr\/wp-json\/wp\/v2\/posts"}],"about":[{"href":"https:\/\/www.europesays.com\/fr\/wp-json\/wp\/v2\/types\/post"}],"author":[{"embeddable":true,"href":"https:\/\/www.europesays.com\/fr\/wp-json\/wp\/v2\/users\/2"}],"replies":[{"embeddable":true,"href":"https:\/\/www.europesays.com\/fr\/wp-json\/wp\/v2\/comments?post=421909"}],"version-history":[{"count":0,"href":"https:\/\/www.europesays.com\/fr\/wp-json\/wp\/v2\/posts\/421909\/revisions"}],"wp:featuredmedia":[{"embeddable":true,"href":"https:\/\/www.europesays.com\/fr\/wp-json\/wp\/v2\/media\/421910"}],"wp:attachment":[{"href":"https:\/\/www.europesays.com\/fr\/wp-json\/wp\/v2\/media?parent=421909"}],"wp:term":[{"taxonomy":"category","embeddable":true,"href":"https:\/\/www.europesays.com\/fr\/wp-json\/wp\/v2\/categories?post=421909"},{"taxonomy":"post_tag","embeddable":true,"href":"https:\/\/www.europesays.com\/fr\/wp-json\/wp\/v2\/tags?post=421909"}],"curies":[{"name":"wp","href":"https:\/\/api.w.org\/{rel}","templated":true}]}}