{"id":421913,"date":"2025-09-27T17:40:13","date_gmt":"2025-09-27T17:40:13","guid":{"rendered":"https:\/\/www.europesays.com\/fr\/421913\/"},"modified":"2025-09-27T17:40:13","modified_gmt":"2025-09-27T17:40:13","slug":"strasbourg-au-fil-de-leau-roselyne-bachelot-balance-sur-les-monstres-politiques","status":"publish","type":"post","link":"https:\/\/www.europesays.com\/fr\/421913\/","title":{"rendered":"Strasbourg. Au fil de l\u2019eau, Roselyne Bachelot balance sur les \u00ab\u00a0monstres\u00a0\u00bb politiques"},"content":{"rendered":"<p>Apr\u00e8s avoir \u00e9voqu\u00e9 la veille les compositrices et les h\u00e9ro\u00efnes d\u2019op\u00e9ra, devant le public de la soir\u00e9e de gala des Biblioth\u00e8ques id\u00e9ales, l\u2019ancienne femme politique <a href=\"https:\/\/www.dna.fr\/p\/roselyne-bachelot\" target=\"_blank\" rel=\"noopener\">Roselyne Bachelot<\/a>, 78 ans, reconvertie dans les activit\u00e9s radiophoniques sur RTL (Les Grosses t\u00eates) et France Musique (La Matinale du vendredi), \u00e9tait l\u2019invit\u00e9e vedette de la premi\u00e8re des deux croisi\u00e8res litt\u00e9raires figurant <a href=\"https:\/\/www.dna.fr\/culture-loisirs\/2025\/09\/13\/salome-saque-peuples-racines-guillaume-gallienne-les-bibliotheques-ideales-sont-de-retour\" target=\"_blank\" rel=\"noopener\">au programme de cette nouvelle \u00e9dition<\/a>.<\/p>\n<p>Pas moins de 120 privil\u00e9gi\u00e9s ont embarqu\u00e9 et inaugur\u00e9 avec elle ce nouveau format imagin\u00e9 dans le cadre d\u2019un partenariat avec <a href=\"https:\/\/www.dna.fr\/culture-loisirs\/2025\/07\/30\/a-strasbourg-promenade-au-fil-de-l-ill-avec-le-capitaine-penincq\" target=\"_blank\" rel=\"noopener\">Batorama<\/a> , m\u00ealant promenade fluviale dans les eaux du port et du Rhin et conversation avec des gens de lettres.<\/p>\n<p>  Digressions croustillantes<\/p>\n<p>R\u00e9put\u00e9e pour son franc-parler, <a href=\"https:\/\/www.dna.fr\/culture-loisirs\/2020\/07\/08\/roselyne-bachelot-pour-la-traversee-de-l-ete\" target=\"_blank\" rel=\"noopener\">celle qui occupa quatre fauteuils de ministre entre\u00a02002 et\u00a02022<\/a> apr\u00e8s avoir \u00e9t\u00e9 conseill\u00e8re g\u00e9n\u00e9rale, d\u00e9put\u00e9e nationale et europ\u00e9enne, n\u2019a eu aucun mal \u00e0 d\u00e9rider les passagers. Son dialogue avec l\u2019ami <a href=\"https:\/\/www.dna.fr\/culture-loisirs\/2023\/11\/02\/de-gaulle-retour-aux-textes\" target=\"_blank\" rel=\"noopener\">\u00e9diteur et \u00e9crivain Jean-Luc Barr\u00e9<\/a> , qui fut comme elle un proche de l\u2019ancien chef de l\u2019\u00c9tat <a href=\"https:\/\/www.dna.fr\/p\/jacques-chirac\" target=\"_blank\" rel=\"noopener\">Jacques Chirac<\/a>, lui a permis d\u2019\u00e9voquer avec des formules souvent imag\u00e9es quelques-unes des figures politiques fran\u00e7aises qu\u2019elle a crois\u00e9es ou c\u00f4toy\u00e9es au cours de sa longue carri\u00e8re et dont elle a croqu\u00e9 les qualit\u00e9s et les tares dans son dernier ouvrage, Sacr\u00e9s monstres , paru \u00e0 l\u2019automne 2024.<\/p>\n<p>Jacques Chirac (\u00ab\u00a0Charnel et sensuel\u00a0\u00bb), <a href=\"https:\/\/www.dna.fr\/p\/francois-hollande\" target=\"_blank\" rel=\"noopener\">Fran\u00e7ois Hollande<\/a> (\u00ab\u00a0Un je-m\u2019en-foutiste tr\u00e8s intelligent et pas vaniteux\u00a0\u00bb), <a href=\"https:\/\/www.dna.fr\/p\/emmanuel-macron\" target=\"_blank\" rel=\"noopener\">Emmanuel Macron<\/a> (\u00ab\u00a0Personnalit\u00e9 \u00e9trange, sans racines, avec un c\u00f4t\u00e9 anomique\u00a0\u00bb), <a href=\"https:\/\/www.dna.fr\/p\/marine-le-pen\" target=\"_blank\" rel=\"noopener\">Marine Le Pen<\/a> (\u00ab\u00a0Prisonni\u00e8re d\u2019une mal\u00e9diction familiale\u00a0\u00bb) et <a href=\"https:\/\/www.dna.fr\/p\/jean-luc-melenchon\" target=\"_blank\" rel=\"noopener\">Jean-Luc M\u00e9lenchon<\/a> (\u00ab\u00a0Un vrai trotskiste pour lequel seuls comptent les syst\u00e8mes\u00a0\u00bb) sont ainsi pass\u00e9s \u00e0 la moulinette, le tout ponctu\u00e9 d\u2019anecdotes et de digressions croustillantes. Sans oublier <a href=\"https:\/\/www.dna.fr\/p\/nicolas-sarkozy\" target=\"_blank\" rel=\"noopener\">Nicolas Sarkozy<\/a> (\u00ab\u00a0Un sacr\u00e9 mec avec des qualit\u00e9s extraordinaires\u00a0\u00bb) dont elle refusa, fort adroitement, de commenter <a href=\"https:\/\/www.dna.fr\/faits-divers-justice\/2025\/09\/26\/exceptionnelle-gravite-des-faits-pourquoi-la-peine-contre-nicolas-sarkozy-est-si-lourde\" target=\"_blank\" rel=\"noopener\">la condamnation<\/a> prononc\u00e9e jeudi.<\/p>\n<p class=\"note\">Le festival de rencontres litt\u00e9raires et musicales se poursuit \u00e0 Strasbourg jusqu\u2019au 5\u00a0octobre. Programme sur <a href=\"https:\/\/biblideales.fr\/\" target=\"_blank\" rel=\"noopener\">bibliedales.fr<\/a><\/p>\n","protected":false},"excerpt":{"rendered":"Apr\u00e8s avoir \u00e9voqu\u00e9 la veille les compositrices et les h\u00e9ro\u00efnes d\u2019op\u00e9ra, devant le public de la soir\u00e9e de&hellip;\n","protected":false},"author":2,"featured_media":421914,"comment_status":"","ping_status":"","sticky":false,"template":"","format":"standard","meta":{"footnotes":""},"categories":[2820],"tags":[1111,11,2389,1687,2880,1777,674,107,1011,27,775,2410,12,316,25,640,2879],"class_list":{"0":"post-421913","1":"post","2":"type-post","3":"status-publish","4":"format-standard","5":"has-post-thumbnail","7":"category-strasbourg","8":"tag-actu","9":"tag-actualites","10":"tag-alsace","11":"tag-culture-loisirs","12":"tag-edition-strasbourg","13":"tag-eu","14":"tag-europe","15":"tag-fil-info","16":"tag-fr","17":"tag-france","18":"tag-grand-est","19":"tag-livres-bd","20":"tag-news","21":"tag-politique","22":"tag-republique-francaise","23":"tag-strasbourg","24":"tag-strasbourg-ville"},"share_on_mastodon":{"url":"https:\/\/pubeurope.com\/@fr\/115277491417337019","error":""},"_links":{"self":[{"href":"https:\/\/www.europesays.com\/fr\/wp-json\/wp\/v2\/posts\/421913","targetHints":{"allow":["GET"]}}],"collection":[{"href":"https:\/\/www.europesays.com\/fr\/wp-json\/wp\/v2\/posts"}],"about":[{"href":"https:\/\/www.europesays.com\/fr\/wp-json\/wp\/v2\/types\/post"}],"author":[{"embeddable":true,"href":"https:\/\/www.europesays.com\/fr\/wp-json\/wp\/v2\/users\/2"}],"replies":[{"embeddable":true,"href":"https:\/\/www.europesays.com\/fr\/wp-json\/wp\/v2\/comments?post=421913"}],"version-history":[{"count":0,"href":"https:\/\/www.europesays.com\/fr\/wp-json\/wp\/v2\/posts\/421913\/revisions"}],"wp:featuredmedia":[{"embeddable":true,"href":"https:\/\/www.europesays.com\/fr\/wp-json\/wp\/v2\/media\/421914"}],"wp:attachment":[{"href":"https:\/\/www.europesays.com\/fr\/wp-json\/wp\/v2\/media?parent=421913"}],"wp:term":[{"taxonomy":"category","embeddable":true,"href":"https:\/\/www.europesays.com\/fr\/wp-json\/wp\/v2\/categories?post=421913"},{"taxonomy":"post_tag","embeddable":true,"href":"https:\/\/www.europesays.com\/fr\/wp-json\/wp\/v2\/tags?post=421913"}],"curies":[{"name":"wp","href":"https:\/\/api.w.org\/{rel}","templated":true}]}}