{"id":421921,"date":"2025-09-27T17:44:16","date_gmt":"2025-09-27T17:44:16","guid":{"rendered":"https:\/\/www.europesays.com\/fr\/421921\/"},"modified":"2025-09-27T17:44:16","modified_gmt":"2025-09-27T17:44:16","slug":"en-images-un-apercu-des-festifolies-dautomne-festival-dedie-aux-arts-de-la-rue-pres-de","status":"publish","type":"post","link":"https:\/\/www.europesays.com\/fr\/421921\/","title":{"rendered":"EN IMAGES. Un aper\u00e7u des Festifolies d\u2019automne, festival d\u00e9di\u00e9 aux arts de la rue, pr\u00e8s de"},"content":{"rendered":"<tr wp_automatic_readability=\"7.8579881656805\">\n<td valign=\"middle\" align=\"center\" class=\"col-logo\" wp_automatic_readability=\"5\">\n    <img decoding=\"async\" src=\"https:\/\/maville.com\/design\/images\/logo-of-monetise.svg?version=20130627\" alt=\"logo Ouest-France\" height=\"66\"\/><\/p>\n<p>Contenu r\u00e9serv\u00e9 aux abonn\u00e9s<\/p>\n<\/td>\n<td class=\"col-titre\">\n\t\t\tSamedi 27 septembre 2025 16:48<br \/>\n\t\t\t<a class=\"icon-bulle sizeL count\" href=\"#ancreAvis\"><br \/>\n\t&#8230;<br \/>\n<\/a><\/td>\n<\/tr>\n<p>\t\t<a class=\"mavillebox2 elmt-photo\" href=\"https:\/\/maville.com\/photosmvi\/2025\/09\/27\/P35489602D6996146G.jpg\" title=\" La grande parade a d\u00e9but\u00e9 \u00e0 17 h, ce samedi 27 septembre, avec ici les vaches de la Cie Paris Benar\u00e8s qui ouvrent le cort\u00e8ge, suivies du d\u00e9fil\u00e9 des diff\u00e9rentes \u00e9quipes des quartiers de Saint-Aignan.  \u00a9  Ouest-France  &lt;!--TAG-BLC credit--&gt;\" rel=\"galerie_actu noopener\" target=\"_blank\"><br \/>\n\t<img decoding=\"async\" src=\"https:\/\/www.europesays.com\/fr\/wp-content\/uploads\/2025\/09\/P35489602D6996146G_crop_640-330_.jpg\" alt=\"photo  la grande parade a d\u00e9but\u00e9 \u00e0 17 h, ce samedi 27 septembre, avec ici les vaches de la cie paris benar\u00e8s qui ouvrent le cort\u00e8ge, suivies du d\u00e9fil\u00e9 des diff\u00e9rentes \u00e9quipes des quartiers de saint-aignan.  \u00a9  ouest-france \"\/><br \/>\n\t10<br \/>\n<\/a><\/p>\n<p class=\"elmt-legende\"> La grande parade a d\u00e9but\u00e9 \u00e0 17 h, ce samedi 27 septembre, avec ici les vaches de la Cie Paris Benar\u00e8s qui ouvrent le cort\u00e8ge, suivies du d\u00e9fil\u00e9 des diff\u00e9rentes \u00e9quipes des quartiers de Saint-Aignan.  \u00a9  Ouest-France  <\/p>\n<p><a class=\"mavillebox2\" href=\"https:\/\/maville.com\/photosmvi\/2025\/09\/27\/P35489603D6996146G.jpg\" title=\"ce samedi 27\u00a0septembre, le duo d\u2019acrobates du spectacle \" gravir=\"\" port=\"\" par=\"\" les=\"\" quat=\"\" en=\"\" l=\"\" compagnie=\"\" circassienne=\"\" de=\"\" montaigu=\"\" ouest-france=\"\" rel=\"galerie_actu noopener\" target=\"_blank\"><a class=\"mavillebox2\" href=\"https:\/\/maville.com\/photosmvi\/2025\/09\/27\/P35489604D6996146G.jpg\" title=\"ici, une des animations propos\u00e9es aux festifolies d&#039;automne, ce samedi 27 septembre, \u00e0 saint-aignan de grand lieu : une animation cirque pour les enfants de cirqu\u2019en retz. \u00a9  ouest-france \" rel=\"galerie_actu noopener\" target=\"_blank\"><a class=\"mavillebox2\" href=\"https:\/\/maville.com\/photosmvi\/2025\/09\/27\/P35489605D6996146G.jpg\" title=\"sp\u00e9cialis\u00e9e dans le th\u00e9\u00e2tre \u00e9questre depuis vingt ans, la compagnie corr\u00e9zienne caval\u2019sc\u00e8ne a jou\u00e9 \" jo=\"\" vendeur=\"\" de=\"\" chevaux=\"\" ce=\"\" samedi=\"\" un=\"\" cocktail=\"\" m=\"\" humour=\"\" voltige=\"\" et=\"\" autres=\"\" prouesses=\"\" quatre=\"\" pattes.=\"\" ouest-france=\"\" rel=\"galerie_actu noopener\" ouest-fran target=\"_blank\"><a class=\"mavillebox2\" href=\"https:\/\/maville.com\/photosmvi\/2025\/09\/27\/P35489606D6996146G.jpg\" title=\"la fanfare nantaise amateur des trompettes de fallope a accueilli les spectateurs \u00e0 l\u2019entr\u00e9e, ce samedi 27\u00a0septembre, en d\u00e9but d\u2019apr\u00e8s-midi. \u00a9  ouest-france \" rel=\"galerie_actu noopener\" target=\"_blank\"><a class=\"mavillebox2\" href=\"https:\/\/maville.com\/photosmvi\/2025\/09\/27\/P35489607D6996146G.jpg\" title=\"des d\u00e9ambulations ont lieu cet apr\u00e8s-midi dans les rues du bourg de saint-aignan, exclusivement pi\u00e9tonnes pour l\u2019occasion. \u00a9  ouest-france \" rel=\"galerie_actu noopener\" target=\"_blank\"><a class=\"mavillebox2\" href=\"https:\/\/maville.com\/photosmvi\/2025\/09\/27\/P35489608D6996146G.jpg\" title=\"la grande parade a d\u00e9but\u00e9 \u00e0 17 h, ce samedi 27 septembre, avec ici les vaches de la cie paris benar\u00e8s qui ouvrent le cort\u00e8ge, suivies du d\u00e9fil\u00e9 des diff\u00e9rentes \u00e9quipes des quartiers de saint-aignan. \u00a9  ouest-france \" rel=\"galerie_actu noopener\" target=\"_blank\"><a class=\"mavillebox2\" href=\"https:\/\/maville.com\/photosmvi\/2025\/09\/27\/P35489609D6996146G.jpg\" title=\"puis les diff\u00e9rentes \u00e9quipes des quartiers de saint-aignan ont d\u00e9fil\u00e9 dans la parade. \u00a9  ouest-france \" rel=\"galerie_actu noopener\" target=\"_blank\"><a class=\"mavillebox2\" href=\"https:\/\/maville.com\/photosmvi\/2025\/09\/27\/P35489610D6996146G.jpg\" title=\"chaque \u00e9quipe mettant \u00e0 l&#039;honneur une couleur, pour coller \u00e0 la th\u00e9matique de cette ann\u00e9e : \" les=\"\" couleurs=\"\" ouest-france=\"\" rel=\"galerie_actu noopener\" target=\"_blank\"><a class=\"mavillebox2\" href=\"https:\/\/maville.com\/photosmvi\/2025\/09\/27\/P35489611D6996146G.jpg\" title=\"la grande parade et son d\u00e9file de couleurs. \u00a9  ouest-france \" rel=\"galerie_actu noopener\" target=\"_blank\"><\/p>\n<p>\t\tOrganis\u00e9 tous les trois ans, le festival gratuit des arts de la rue est de retour, ce samedi\u00a027 et dimanche 28\u00a0septembre, \u00e0 Saint-Aignan de Grand Lieu (Loire-Atlantique). Voici, en images, un aper\u00e7u du festival.<\/p>\n<p><b>Cet article est r\u00e9serv\u00e9 aux abonn\u00e9s<\/b><\/p>\n<p>Pour un acc\u00e8s imm\u00e9diat, abonnez-vous<\/p>\n<p><b>1\u00e8re semaine offerte<\/b><\/p>\n<p>\t\tOuest-France<\/p>\n<p>Retrouvez d&rsquo;autres actus sur les communes de :<\/p>\n<p>\t\t&#13;<\/p>\n","protected":false},"excerpt":{"rendered":"Contenu r\u00e9serv\u00e9 aux abonn\u00e9s Samedi 27 septembre 2025 16:48 &#8230; 10 La grande parade a d\u00e9but\u00e9 \u00e0 17&hellip;\n","protected":false},"author":2,"featured_media":421922,"comment_status":"","ping_status":"","sticky":false,"template":"","format":"standard","meta":{"footnotes":""},"categories":[2818],"tags":[1111,11,2964,1348,13632,9728,1777,674,29686,849,1011,27,4430,766,12,2636,3762,25,3640],"class_list":{"0":"post-421921","1":"post","2":"type-post","3":"status-publish","4":"format-standard","5":"has-post-thumbnail","7":"category-nantes","8":"tag-actu","9":"tag-actualites","10":"tag-apercu","11":"tag-arts","12":"tag-automne","13":"tag-dedie","14":"tag-eu","15":"tag-europe","16":"tag-festifolies","17":"tag-festival","18":"tag-fr","19":"tag-france","20":"tag-images","21":"tag-nantes","22":"tag-news","23":"tag-pays-de-la-loire","24":"tag-pres","25":"tag-republique-francaise","26":"tag-rue"},"share_on_mastodon":{"url":"https:\/\/pubeurope.com\/@fr\/115277507618756498","error":""},"_links":{"self":[{"href":"https:\/\/www.europesays.com\/fr\/wp-json\/wp\/v2\/posts\/421921","targetHints":{"allow":["GET"]}}],"collection":[{"href":"https:\/\/www.europesays.com\/fr\/wp-json\/wp\/v2\/posts"}],"about":[{"href":"https:\/\/www.europesays.com\/fr\/wp-json\/wp\/v2\/types\/post"}],"author":[{"embeddable":true,"href":"https:\/\/www.europesays.com\/fr\/wp-json\/wp\/v2\/users\/2"}],"replies":[{"embeddable":true,"href":"https:\/\/www.europesays.com\/fr\/wp-json\/wp\/v2\/comments?post=421921"}],"version-history":[{"count":0,"href":"https:\/\/www.europesays.com\/fr\/wp-json\/wp\/v2\/posts\/421921\/revisions"}],"wp:featuredmedia":[{"embeddable":true,"href":"https:\/\/www.europesays.com\/fr\/wp-json\/wp\/v2\/media\/421922"}],"wp:attachment":[{"href":"https:\/\/www.europesays.com\/fr\/wp-json\/wp\/v2\/media?parent=421921"}],"wp:term":[{"taxonomy":"category","embeddable":true,"href":"https:\/\/www.europesays.com\/fr\/wp-json\/wp\/v2\/categories?post=421921"},{"taxonomy":"post_tag","embeddable":true,"href":"https:\/\/www.europesays.com\/fr\/wp-json\/wp\/v2\/tags?post=421921"}],"curies":[{"name":"wp","href":"https:\/\/api.w.org\/{rel}","templated":true}]}}