{"id":421924,"date":"2025-09-27T17:46:13","date_gmt":"2025-09-27T17:46:13","guid":{"rendered":"https:\/\/www.europesays.com\/fr\/421924\/"},"modified":"2025-09-27T17:46:13","modified_gmt":"2025-09-27T17:46:13","slug":"a-bordeaux-il-milite-pour-donner-le-nom-de-cet-auteur-oublie-a-une-impasse-sordide","status":"publish","type":"post","link":"https:\/\/www.europesays.com\/fr\/421924\/","title":{"rendered":"\u00c0 Bordeaux, il milite pour donner le nom de cet auteur oubli\u00e9 \u00e0 une \u00ab impasse sordide \u00bb"},"content":{"rendered":"<p>            Par<br \/>\n        <strong><br \/>\n            <a href=\"https:\/\/actu.fr\/auteur\/juliette-cardinale\" title=\"Consulter tous les articles de Juliette Cardinale\" rel=\"nofollow noopener\" target=\"_blank\">Juliette Cardinale<\/a><br \/>\n        <\/strong><\/p>\n<p>        Publi\u00e9 le<\/p>\n<p>            27 sept. 2025 \u00e0 17h32        <\/p>\n<p>\u00ab\u2009Parti de rien, Martinet a accompli une trajectoire exemplaire\u2009: il est arriv\u00e9 nulle part.\u2009\u00bb Cette phrase, \u00e9crite par Jean-Pierre Martinet lui-m\u00eame dans sa notice biographique, est peut-\u00eatre sa plus connue. N\u00e9 \u00e0 Libourne en 1944 et mort en 1993 dans la m\u00eame ville, l\u2019auteur girondin est <strong>tomb\u00e9 dans l\u2019oubli,<\/strong> toujours m\u00e9connu du grand public malgr\u00e9 des r\u00e9\u00e9ditions de ses \u0153uvres au d\u00e9but du si\u00e8cle. Charles Garatynski, habitant <a href=\"https:\/\/actu.fr\/bordeaux\/\" rel=\"nofollow noopener\" target=\"_blank\">de Bordeaux,<\/a> veut r\u00e9habiliter sa m\u00e9moire et a lanc\u00e9 une p\u00e9tition pour <strong>rebaptiser de son nom une \u00ab\u2009impasse sordide\u2009\u00bb<\/strong> de la capitale girondine ou de Libourne.<\/p>\n<p>L\u2019\u00e9crivain de la noirceur<\/p>\n<p class=\" wall-content\">Son \u0153uvre \u00ab\u2009n\u2019est pas tr\u00e8s optimiste\u2009\u00bb, ironise Charles Garatynski. Les romans de Jean-Pierre Martinet sont caract\u00e9ris\u00e9s par une <strong>profonde noirceur.<\/strong> \u00ab\u2009Ils sont travers\u00e9s par le d\u00e9sespoir, avec une tendresse et une vuln\u00e9rabilit\u00e9 tr\u00e8s fran\u00e7aises \u00bb, souligne le passionn\u00e9 ce jeudi 25 septembre 2025.<\/p>\n<p class=\" wall-content\">La vie de Jean-Pierre Martinet <strong>n\u2019a pas plus \u00e9t\u00e9 couronn\u00e9e de succ\u00e8s <\/strong>que son \u0153uvre. Lorsqu\u2019il quitte Libourne, c\u2019est pour entreprendre des \u00e9tudes de cin\u00e9ma \u00e0 Paris. Il finit par les abandonner et ouvrir une maison de la presse \u00e0 Tours \u2013 qui a fait faillite. En parall\u00e8le, il \u00e9crit quelques romans, dont J\u00e9r\u00f4me (1978), aujourd\u2019hui consid\u00e9r\u00e9 comme son chef-d\u2019\u0153uvre.<\/p>\n<p class=\" wall-content\">\u00ab\u2009D\u00e9courag\u00e9 par son manque de succ\u00e8s, il a longtemps dit qu\u2019il abonnerait l\u2019\u00e9criture\u2009\u00bb, explique Charles Garatynski. \u00ab\u2009En 1989, il est retourn\u00e9 chez sa m\u00e8re \u00e0 Libourne o\u00f9 il est mort \u00e0 48\u00a0ans, <strong>alcoolique et h\u00e9mipl\u00e9gique.\u2009\u00bb\u00a0<\/strong>Il tombe alors dans l\u2019oubli.<\/p>\n<p>Un auteur m\u00e9connu<\/p>\n<p class=\" wall-content\">\u00ab Depuis le milieu des ann\u00e9es 2000, il y a eu quelques r\u00e9\u00e9ditions de ses romans. Des <strong>\u00e9crivains fran\u00e7ais contemporains* <\/strong>le red\u00e9couvrent, mais il reste m\u00e9connu\u2009\u00bb, souligne le porteur de la p\u00e9tition qui a eu l\u2019agr\u00e9able surprise de voir une petite table consacr\u00e9e \u00e0 l\u2019auteur <a href=\"https:\/\/www.facebook.com\/editions.finitude\/posts\/que-dire-de-plus-%C3%A0-propos-de-jean-pierre-martinetla-librairie-mollat-aurait-sans\/1173487388114740\/\" rel=\"nofollow noopener\" target=\"_blank\">dans la librairie Mollat<\/a> il y a quelques mois.<\/p>\n<p class=\" wall-content\">Lui-m\u00eame a d\u00e9couvert l\u2019auteur libournais il y a quatre ans. \u00ab\u2009Je suis assez curieux des auteurs oubli\u00e9s. Il y a <strong>de la richesse o\u00f9 on ne l\u2019attend pas,<\/strong> et on peut tomber sur des perles telles que les romans de Jean-Pierre Martinet\u2009\u00bb, affirme le jeune po\u00e8te et aspirant romancier.<\/p>\n<p class=\" wall-content\"><a href=\"https:\/\/www.instagram.com\/p\/DN0t9maWLK6\/embed\" title=\"Ouvrir le lien sur Instagram\" rel=\"nofollow noopener\" target=\"_blank\">Visualiser le contenu sur Instagram<\/a><\/p>\n<p class=\" wall-content\">\u00c0 l\u2019\u00e9poque, on diagnostique un trouble bipolaire \u00e0 Charles Garatynski, et le jeune homme s\u2019interroge beaucoup\u2009: \u00ab\u2009Pourquoi moi\u2009? Je me sentais <strong>\u00e0 vif dans le monde,<\/strong> je n\u2019avais jusque-l\u00e0 pas crois\u00e9 de voix aussi vuln\u00e9rable que celle de Martinet\u2009\u00bb.<\/p>\n<p>Votre r\u00e9gion, votre actu !<\/p>\n<p>Recevez chaque jour les infos qui comptent pour vous.<\/p>\n<p>\t<a href=\"https:\/\/actu.fr\/newsletter\" class=\"ac-btn ac-btn--corner ac-btn--medium ac-btn--blue800\" rel=\"nofollow noopener\" target=\"_blank\">S&rsquo;incrire<\/a><\/p>\n<p class=\" wall-content\">\u00ab\u2009Je suis n\u00e9 \u00e0 Bordeaux en 1998 d\u2019une m\u00e8re polonaise arriv\u00e9e sans papiers en France.\u00a0J\u2019ai grandi dans une soci\u00e9t\u00e9 o\u00f9 l\u2019homme a besoin de conserver une posture d\u2019autorit\u00e9, de froideur qui ne doit pas \u00eatre \u00e9br\u00e9ch\u00e9e. L\u2019\u0153uvre de Martinet m\u2019a touch\u00e9\u2009:<strong> la vuln\u00e9rabilit\u00e9 affich\u00e9e d\u2019un homme<\/strong> m\u2019a encourag\u00e9 \u00e0 d\u00e9voiler la mienne.\u2009\u00bb<\/p>\n<p class=\" wall-content\">Fin ao\u00fbt, alors qu\u2019il vient de finir le premier jet de son premier roman, il s\u2019embarque dans une mission pour r\u00e9habiliter Jean-Pierre Martinet. \u00ab\u2009Son \u0153uvre a influenc\u00e9 mon style et m\u2019a beaucoup apport\u00e9 quand je n\u2019allais pas tr\u00e8s bien. Maintenant que je vais mieux, j\u2019aimerais <strong>lui rendre hommage.\u2009\u00bb<\/strong><\/p>\n<p>\u00ab\u00a0Il n\u2019existe rien pour Jean-Pierre Martinet\u00a0\u00bb<\/p>\n<p class=\" wall-content\">\u00ab\u2009Il n\u2019existe rien pour Jean-Pierre Martinet, nulle part en France. Une impasse ignoble de Paris a \u00e9t\u00e9 renomm\u00e9e pour Roland Topor qui avait un peu le m\u00eame profil\u00a0\u00bb, affirme le jeune homme. \u00ab\u00a0Je ne voulais pas tomber dans un conflit m\u00e9moriel. Si, pour <strong>r\u00e9habiliter le nom de quelqu\u2019un,<\/strong> on en efface un autre, on n\u2019en finit jamais. Mais j\u2019ai r\u00e9alis\u00e9 qu\u2019il existe de nombreuses rues au nom moche ou banal en France.\u2009\u00bb<\/p>\n<p class=\" wall-content\">Charles Garatynski lance <a href=\"https:\/\/www.change.org\/p\/pour-une-impasse-jean-pierre-martinet-%C3%A0-bordeaux\" rel=\"nofollow noopener\" target=\"_blank\">alors sa p\u00e9tition.<\/a> \u00ab Je ne pensais pas obtenir plus de dix signatures ni \u00eatre pris au s\u00e9rieux.\u2009Je me suis dit que <strong>quitte \u00e0 \u00eatre ridicule, autant aller jusqu\u2019au bout<\/strong> et tourner l\u2019initiative en d\u00e9rision. L\u2019\u0153uvre de Jean-Pierre Martinet souligne l\u2019impasse de l\u2019Homme devant ses failles\u2026 alors pourquoi pas renommer une impasse\u2009\u00bb, s\u2019amuse le Bordelais.\u00a0Encore mieux, si c\u2019est \u00ab\u2009la plus sordide possible\u2009\u00bb.<\/p>\n<p>Mais qui renomme les rues ?<\/p>\n<p>Le choix des noms de rue rel\u00e8ve des autorit\u00e9s municipales depuis 1982. Les habitants ont le droit de faire des propositions, aupr\u00e8s du conseil municipal ou via une p\u00e9tition.<br \/>\u00c0 Bordeaux, c&rsquo;est la commission de viographie qui est charg\u00e9e de repenser les noms de l&rsquo;espace public. Compos\u00e9e d\u2019\u00e9lus, d\u2019agents municipaux et d\u2019experts, elle \u00ab\u00a0\u00e9tudie les propositions des citoyens et des associations pour nommer les nouvelles voies et \u00e9quipements municipaux\u00a0\u00bb, peut-on lire sur le site de la mairie.<\/p>\n<p class=\" wall-content\">Si Martinet est li\u00e9 \u00e0 <a href=\"https:\/\/actu.fr\/nouvelle-aquitaine\/libourne_33243\" rel=\"nofollow noopener\" target=\"_blank\">Libourne,<\/a> Charles Garatynski aimerait surtout l\u2019honorer dans sa ville de Bordeaux, capitale girondine. \u00ab\u2009Il existe plein d\u2019impasses ici. Et puis Bordeaux est la ville des trois M, <strong>\u00e7a en ferait un de plus<\/strong>. Montaigne a \u00e9t\u00e9 maire de Bordeaux, certes, mais Mauriac est tr\u00e8s li\u00e9 \u00e0 Malagar, Montesquieu \u00e0 La Br\u00e8de\u2026 Pourquoi pas Jean-Pierre Martinet\u2009?\u2009\u00bb, ironise l\u2019\u00e9crivain.\u00a0<\/p>\n<p class=\" wall-content\">Pourtant en un mois, sa p\u00e9tition a r\u00e9colt\u00e9 un peu <strong>plus de 200 signatures.<\/strong> L\u2019initiative est notamment soutenue par deux maisons d\u2019\u00e9dition qui ont r\u00e9\u00e9dit\u00e9 l\u2019auteur, dont les <a href=\"https:\/\/www.finitude.fr\/\" rel=\"nofollow noopener\" target=\"_blank\">Bordelais de Finitude.<\/a> Le jeune homme attend d\u2019avoir un peu plus de soutien pour faire officiellement part de son initiative aupr\u00e8s des mairies de Bordeaux et de Libourne.<\/p>\n<p>*Une trajectoire exemplaire (2024), de Nagui Zinet. \u00ab\u2009Une for\u00eat cach\u00e9e. 156 portraits d\u2019\u00e9crivains oubli\u00e9s\u2009\u00bb (2013), d\u2019\u00c9ric Dussert.<\/p>\n<p class=\" wall-content\">Personnalisez votre actualit\u00e9 en ajoutant vos villes et m\u00e9dias en favori avec <a href=\"https:\/\/moncompte.actu.fr\" title=\"D\u00e9couvez Mon Actu\" rel=\"nofollow noopener\" data-trk=\"{&quot;cta&quot;:{&quot;action&quot;:&quot;https:\\\/\\\/moncompte.actu.fr&quot;,&quot;category&quot;:&quot;mon compte&quot;,&quot;from&quot;:&quot;article footer&quot;,&quot;name&quot;:&quot;Mon actu&quot;,&quot;type&quot;:&quot;cta&quot;}}\" target=\"_blank\">Mon Actu<\/a>.<\/p>\n<p>                    <script async src=\"\/\/www.instagram.com\/embed.js\"><\/script><\/p>\n","protected":false},"excerpt":{"rendered":"Par Juliette Cardinale Publi\u00e9 le 27 sept. 2025 \u00e0 17h32 \u00ab\u2009Parti de rien, Martinet a accompli une trajectoire&hellip;\n","protected":false},"author":2,"featured_media":421925,"comment_status":"","ping_status":"","sticky":false,"template":"","format":"standard","meta":{"footnotes":""},"categories":[2817],"tags":[1111,11,1997,1777,674,1011,27,1757,1380,12,2219,2551,25,104],"class_list":{"0":"post-421924","1":"post","2":"type-post","3":"status-publish","4":"format-standard","5":"has-post-thumbnail","7":"category-bordeaux","8":"tag-actu","9":"tag-actualites","10":"tag-bordeaux","11":"tag-eu","12":"tag-europe","13":"tag-fr","14":"tag-france","15":"tag-insolite","16":"tag-livres","17":"tag-news","18":"tag-nouvelle-aquitaine","19":"tag-patrimoine","20":"tag-republique-francaise","21":"tag-societe"},"share_on_mastodon":{"url":"https:\/\/pubeurope.com\/@fr\/115277514944284813","error":""},"_links":{"self":[{"href":"https:\/\/www.europesays.com\/fr\/wp-json\/wp\/v2\/posts\/421924","targetHints":{"allow":["GET"]}}],"collection":[{"href":"https:\/\/www.europesays.com\/fr\/wp-json\/wp\/v2\/posts"}],"about":[{"href":"https:\/\/www.europesays.com\/fr\/wp-json\/wp\/v2\/types\/post"}],"author":[{"embeddable":true,"href":"https:\/\/www.europesays.com\/fr\/wp-json\/wp\/v2\/users\/2"}],"replies":[{"embeddable":true,"href":"https:\/\/www.europesays.com\/fr\/wp-json\/wp\/v2\/comments?post=421924"}],"version-history":[{"count":0,"href":"https:\/\/www.europesays.com\/fr\/wp-json\/wp\/v2\/posts\/421924\/revisions"}],"wp:featuredmedia":[{"embeddable":true,"href":"https:\/\/www.europesays.com\/fr\/wp-json\/wp\/v2\/media\/421925"}],"wp:attachment":[{"href":"https:\/\/www.europesays.com\/fr\/wp-json\/wp\/v2\/media?parent=421924"}],"wp:term":[{"taxonomy":"category","embeddable":true,"href":"https:\/\/www.europesays.com\/fr\/wp-json\/wp\/v2\/categories?post=421924"},{"taxonomy":"post_tag","embeddable":true,"href":"https:\/\/www.europesays.com\/fr\/wp-json\/wp\/v2\/tags?post=421924"}],"curies":[{"name":"wp","href":"https:\/\/api.w.org\/{rel}","templated":true}]}}