{"id":421926,"date":"2025-09-27T17:47:11","date_gmt":"2025-09-27T17:47:11","guid":{"rendered":"https:\/\/www.europesays.com\/fr\/421926\/"},"modified":"2025-09-27T17:47:11","modified_gmt":"2025-09-27T17:47:11","slug":"analyse-stade-francais-bordeaux-begles-28-7-lubb-est-incorrigible-a-lexterieur","status":"publish","type":"post","link":"https:\/\/www.europesays.com\/fr\/421926\/","title":{"rendered":"ANALYSE. Stade Fran\u00e7ais &#8211; Bordeaux-B\u00e8gles (28-7)\u00a0: l\u2019UBB est incorrigible \u00e0 l\u2019ext\u00e9rieur"},"content":{"rendered":"<p>\u00ab\u00a0Ce n\u2019est pas acceptable\u00a0\u00bb. Les mots de Yannick Bru, le manager de l\u2019Union Bordeaux-B\u00e8gles, apr\u00e8s la d\u00e9faite sur le terrain du Stade Fran\u00e7ais (28-7) ce samedi, ressemblaient \u00e9trangement \u00e0 ceux qu\u2019il avait prononc\u00e9s quinze jours plus t\u00f4t apr\u00e8s la claque re\u00e7ue dans l\u2019antre du Racing 92 (44-32). Sur ce d\u00e9but de saison, les champions d\u2019Europe ont pris la f\u00e2cheuse habitude de faire des voyages \u00e0 vide \u00e0 la capitale. Le large succ\u00e8s du week-end pr\u00e9c\u00e9dent \u00e0 domicile face \u00e0 Montauban (71-24) les a-t-il berc\u00e9s d\u2019illusions\u00a0? Toujours est-il qu\u2019apr\u00e8s cette deuxi\u00e8me d\u00e9faite, le constat du manager est implacable\u00a0: \u00ab\u00a0Les m\u00eames causes produisent les m\u00eames effets\u00a0\u00bb.<\/p>\n<blockquote><p>\u00ab\u00a0Je suis d\u00e9\u00e7u de notre engagement, de notre r\u00e9activit\u00e9, de notre vigilance\u00a0\u00bb<\/p><\/blockquote>\n<p>Il faut croire que la sortie de route sur le synth\u00e9tique de Paris La D\u00e9fense Arena n\u2019\u00e9tait pas un accident puisque m\u00eame pr\u00e9venus, les Bordelais sont une nouvelle fois pass\u00e9s compl\u00e8tement au travers de leur premi\u00e8re p\u00e9riode \u00e0 Jean-Bouin (18-0 \u00e0 la pause). Domin\u00e9s en m\u00eal\u00e9e, dans les rucks et le jeu a\u00e9rien, ils ont subi la pression parisienne tout au long du premier acte durant lequel ils ont encaiss\u00e9 deux essais sign\u00e9s Ward (14e) et Daquwaqa (31e). Leur indiscipline ne les a pas aid\u00e9s \u00e0 sortir de leur camp. Ils ont m\u00eame jou\u00e9 \u00e0 14 durant dix minutes suite au carton jaune de Poirot (31e). Si le retard conc\u00e9d\u00e9 \u00e0 la mi-temps \u00e9tait moins important que celui affich\u00e9 au Racing, le score aurait pu \u00eatre bien plus lourd puisque le Stade Fran\u00e7ais s\u2019est vu refuser deux essais \u00e0 la vid\u00e9o (Daquwaqa, 5e et Vili, 38e) et Carbonel avait laiss\u00e9 six points au pied.<\/p>\n<p>\u00ab\u00a0Je suis d\u00e9\u00e7u de notre engagement, de notre r\u00e9activit\u00e9, de notre vigilance tout simplement\u00a0\u00bb, l\u00e2chait Yannick Bru apr\u00e8s le match. \u00ab\u00a0On perd le coup d\u2019envoi, on conc\u00e8de, je pense, une petite dizaine de p\u00e9nalit\u00e9s en premi\u00e8re mi-temps, on est battus au sol, on fait des fautes de main inhabituelles, donc tout \u00e7a traduit un manque de concentration. Je dis souvent qu\u2019on gagne ensemble, qu\u2019on rigole ensemble et qu\u2019on perd ensemble, donc il faut analyser tout \u00e7a ensemble.\u00a0\u00bb<\/p>\n<p>\u00ab\u00a0\u00c7a me pr\u00e9occupe\u00a0\u00bb<\/p>\n<p>Comme quinze jours plus t\u00f4t, une r\u00e9action a bien eu lieu au retour des vestiaires avec un essai de Woki suite \u00e0 un ballon port\u00e9 (18-7, 42e). Les Bordelais ont enfin apport\u00e9 du danger dans le camp parisien. Mais ils n\u2019ont pas su concr\u00e9tiser \u00e0 l\u2019image de Mousques, rattrap\u00e9 devant la ligne (54e), ou de la passe de Page-Relo intercept\u00e9e alors que Bielle-Biarrey avait un boulevard devant lui (59e). Sur une chistera dans ses 22\u00a0m\u00e8tres, Page-Relo offrait m\u00eame le troisi\u00e8me essai \u00e0 Gabrillagues (28-7, 67e) et les Girondins n\u2019avaient plus rien \u00e0 esp\u00e9rer de ce deuxi\u00e8me d\u00e9placement.<\/p>\n<p>Alors qu\u2019elle avait \u00e0 c\u0153ur d\u2019affirmer ses ambitions loin de ses bases, l\u2019UBB reste au point mort \u00e0 l\u2019ext\u00e9rieur. La prise de conscience devra vite arriver sous peine de voir les concurrents prendre le large. S\u2019il n\u2019y a pas encore d\u2019inqui\u00e9tude \u00e0 ce stade, \u00ab\u00a0\u00e7a me pr\u00e9occupe\u00a0\u00bb, glisse Yannick Bru, qui reconna\u00eet un probl\u00e8me d\u2019ordre psychologique. \u00ab\u00a0C\u2019est certain que quand on est battus comme \u00e7a au sol, qu\u2019on est aussi faibles dans la discipline, qu\u2019on est battus aussi dans les duels a\u00e9riens, ce sont trop de marqueurs rouges qui montrent que la partie mentale n\u2019est pas l\u00e0\u00a0\u00bb. \u00c0 l\u2019ext\u00e9rieur, les Bordelais vont vraiment vite devoir basculer et apprendre \u00e0 se faire mal.<\/p>\n<p>    Les notes<br \/>\n<strong>4\/10<\/strong> Palu, Hutteau, Woki, Jalibert, Van Rensburg, Depoortere, Bielle-Biarrey, Mousques<br \/><strong>3\/10<\/strong> Poirot, Lamothe, Sadie, Cazeaux, Vergnes, Bochaton, Rayasi<\/p>\n","protected":false},"excerpt":{"rendered":"\u00ab\u00a0Ce n\u2019est pas acceptable\u00a0\u00bb. Les mots de Yannick Bru, le manager de l\u2019Union Bordeaux-B\u00e8gles, apr\u00e8s la d\u00e9faite sur&hellip;\n","protected":false},"author":2,"featured_media":421927,"comment_status":"","ping_status":"","sticky":false,"template":"","format":"standard","meta":{"footnotes":""},"categories":[2817],"tags":[1111,11,1997,1777,674,1011,27,12,2219,25],"class_list":{"0":"post-421926","1":"post","2":"type-post","3":"status-publish","4":"format-standard","5":"has-post-thumbnail","7":"category-bordeaux","8":"tag-actu","9":"tag-actualites","10":"tag-bordeaux","11":"tag-eu","12":"tag-europe","13":"tag-fr","14":"tag-france","15":"tag-news","16":"tag-nouvelle-aquitaine","17":"tag-republique-francaise"},"share_on_mastodon":{"url":"https:\/\/pubeurope.com\/@fr\/115277518948878512","error":""},"_links":{"self":[{"href":"https:\/\/www.europesays.com\/fr\/wp-json\/wp\/v2\/posts\/421926","targetHints":{"allow":["GET"]}}],"collection":[{"href":"https:\/\/www.europesays.com\/fr\/wp-json\/wp\/v2\/posts"}],"about":[{"href":"https:\/\/www.europesays.com\/fr\/wp-json\/wp\/v2\/types\/post"}],"author":[{"embeddable":true,"href":"https:\/\/www.europesays.com\/fr\/wp-json\/wp\/v2\/users\/2"}],"replies":[{"embeddable":true,"href":"https:\/\/www.europesays.com\/fr\/wp-json\/wp\/v2\/comments?post=421926"}],"version-history":[{"count":0,"href":"https:\/\/www.europesays.com\/fr\/wp-json\/wp\/v2\/posts\/421926\/revisions"}],"wp:featuredmedia":[{"embeddable":true,"href":"https:\/\/www.europesays.com\/fr\/wp-json\/wp\/v2\/media\/421927"}],"wp:attachment":[{"href":"https:\/\/www.europesays.com\/fr\/wp-json\/wp\/v2\/media?parent=421926"}],"wp:term":[{"taxonomy":"category","embeddable":true,"href":"https:\/\/www.europesays.com\/fr\/wp-json\/wp\/v2\/categories?post=421926"},{"taxonomy":"post_tag","embeddable":true,"href":"https:\/\/www.europesays.com\/fr\/wp-json\/wp\/v2\/tags?post=421926"}],"curies":[{"name":"wp","href":"https:\/\/api.w.org\/{rel}","templated":true}]}}