{"id":42193,"date":"2025-04-21T19:13:08","date_gmt":"2025-04-21T19:13:08","guid":{"rendered":"https:\/\/www.europesays.com\/fr\/42193\/"},"modified":"2025-04-21T19:13:08","modified_gmt":"2025-04-21T19:13:08","slug":"un-militant-lgbt-dans-les-alpes-du-sud-victime-dun-guet-apens-homophobe-a-nice","status":"publish","type":"post","link":"https:\/\/www.europesays.com\/fr\/42193\/","title":{"rendered":"un militant LGBT +\u00a0dans les Alpes du Sud victime d&rsquo;un guet-apens homophobe \u00e0 Nice"},"content":{"rendered":"<p>Un t\u00e9moignage gla\u00e7ant. Le 7\u00a0f\u00e9vrier 2025, Heddy Renaud, repr\u00e9sentant de <a href=\"https:\/\/www.laprovence.com\/article\/region\/1688779762689715\/trop-peu-de-campagnes-de-sensibilisation-dans-les-alpes-la-communaute-lgbt-manque-t-elle-de-soutien\" target=\"_blank\" rel=\"noopener\">l&rsquo;association SOS Homophobie dans les Alpes du Sud<\/a>, a v\u00e9cu une agression d&rsquo;une grande violence \u00e0 Nice. Un guet-apens, bien que non explicitement homophobe dans ses propos, mais qui semble toutefois avoir toutes les caract\u00e9ristiques d&rsquo;un acte de haine envers les personnes LGBTQ +, plongeant Heddy dans un traumatisme physique et psychologique profond depuis.<\/p>\n<p>L&rsquo;agression se d\u00e9roule apr\u00e8s une rencontre sur l&rsquo;application Grindr. Comme de nombreux utilisateurs de cette plateforme, Heddy \u00e9change avec un homme qu&rsquo;il pensait rencontrer dans le cadre d&rsquo;une relation saine. Apr\u00e8s quelques \u00e9changes, un lieu de rendez-vous est fix\u00e9 vers 15\u00a0heures. Cependant, la situation d\u00e9g\u00e9n\u00e8re rapidement quand, une fois sur place, il voit deux individus. Heddy explique\u00a0: \u00ab\u00a0Lorsque j&rsquo;ai rejoint l&rsquo;adresse indiqu\u00e9e, cela m&rsquo;a men\u00e9 dans une impasse \u00e9troite.\u00a0\u00bb Les choses prennent alors une tournure violente. \u00ab\u00a0L&rsquo;un des agresseurs, grand et muscl\u00e9, m&rsquo;a approch\u00e9, m&rsquo;a saisi par le col et m&rsquo;a plaqu\u00e9 contre un mur, raconte-t-il. Cela a d\u00e9but\u00e9 par une demande d&rsquo;argent, mais rapidement, la situation a d\u00e9g\u00e9n\u00e9r\u00e9 <a href=\"https:\/\/www.laprovence.com\/article\/faits-divers-justice\/403772415588715\/plan-de-campagne-traite-de-sale-gay-puis-laisse-pour-mort-en-sortie-de-boite\" target=\"_blank\" rel=\"noopener\">en violence physique<\/a>.\u00a0\u00bb<\/p>\n<p>Traumatisme cr\u00e2nien et m\u00e2choire bris\u00e9e<\/p>\n<p>L&rsquo;un des agresseurs \u00e9trangle Heddy, qui perd connaissance apr\u00e8s avoir \u00e9t\u00e9 frapp\u00e9 \u00e0 la t\u00eate. Ses agresseurs lui d\u00e9robent son t\u00e9l\u00e9phone portable avant de prendre la fuite. Lors de son r\u00e9veil, il se trouve dans un \u00e9tat de confusion totale, \u00ab\u00a0n&rsquo;\u00e9tant m\u00eame plus s\u00fbr de la ville dans laquelle je me trouvais\u00a0\u00bb. Ce dernier avait subi un traumatisme cr\u00e2nien et sa m\u00e2choire \u00ab\u00a0bris\u00e9e contre le mur\u00a0\u00bb. Apr\u00e8s plusieurs semaines de r\u00e9\u00e9ducation physique, Heddy t\u00e9moigne de l&rsquo;agression qu&rsquo;il a subie, mais ses s\u00e9quelles psychologiques restent, surtout \u00ab\u00a0la peur intense de sortir seul, en particulier la nuit\u00a0\u00bb.<\/p>\n<p>Malgr\u00e9 l&rsquo;absence de <a href=\"https:\/\/www.laprovence.com\/article\/faits-divers-justice\/2803688017093114\/alain-soral-ira-bien-en-prison-en-suisse-pour-des-propos-homophobes\" target=\"_blank\" rel=\"noopener\">propos homophobes<\/a> explicites pendant l&rsquo;acte, le militant souligne que l&rsquo;intention derri\u00e8re cette violence demeurait clairement motiv\u00e9e par une haine envers sa sexualit\u00e9. \u00ab\u00a0C&rsquo;\u00e9tait une sc\u00e8ne irr\u00e9aliste, de film, explique-t-il. Ce n&rsquo;\u00e9tait pas juste un vol de portable.\u00a0\u00bb \u00c0 l&rsquo;issue de cette agression, une plainte a \u00e9t\u00e9 d\u00e9pos\u00e9e le lendemain et une enqu\u00eate est en cours afin d&rsquo;identifier et d&rsquo;appr\u00e9hender les auteurs.<\/p>\n<p>Une remise en question de l&rsquo;application Grindr\u00a0?<\/p>\n<p>Une attaque qui a imm\u00e9diatement choqu\u00e9 les membres de SOS Homophobie, pour qui Heddy repr\u00e9sente un visage important dans la lutte contre l&rsquo;homophobie, particuli\u00e8rement dans les Alpes du Sud. Dans les jours qui ont suivi, l&rsquo;association a apport\u00e9 un soutien \u00e0 Heddy, et de nombreux messages de solidarit\u00e9 ont afflu\u00e9 de la part de personnes, t\u00e9moins ou victimes d&rsquo;agressions similaires. \u00ab\u00a0Je remercie toutes les personnes qui m&rsquo;ont contact\u00e9 pour me soutenir, confie-t-il. Cela m&rsquo;a permis de tenir bon et de continuer \u00e0 me battre.\u00a0\u00bb<\/p>\n<p>Le militantisme d&rsquo;Heddy, bien qu&rsquo;entach\u00e9 par cet \u00e9v\u00e9nement traumatisant, ne s&rsquo;est pas arr\u00eat\u00e9. Au contraire. Cet incident a renforc\u00e9 sa d\u00e9termination \u00e0 continuer la lutte pour les <a href=\"https:\/\/www.laprovence.com\/article\/societe\/59500282872484\/les-actes-anti-lgbt-en-hausse-de-13-en-2023-selon-le-ministere-de-linterieur\" target=\"_blank\" rel=\"noopener\">droits des personnes LGBTQ +<\/a>\u00a0et \u00e0 d\u00e9noncer les violences qu&rsquo;elles subissent quotidiennement. \u00ab\u00a0Cela ne m&#8217;emp\u00eachera pas de poursuivre mon engagement\u00a0\u00bb, affirme-t-il.<\/p>\n<p>Heddy n&rsquo;h\u00e9site pas \u00e0 remettre en cause \u00e9galement la responsabilit\u00e9 de <a href=\"https:\/\/www.laprovence.com\/article\/societe\/7858943040978614\/jo-2024-pourquoi-lapplication-de-rencontre-grindr-est-bloquee-dans-le-village-olympique-a-paris\" target=\"_blank\" rel=\"noopener\">l&rsquo;application Grindr <\/a>dans cette affaire. \u00ab\u00a0L&rsquo;entreprise poss\u00e8de toutes les informations n\u00e9cessaires pour identifier les agresseurs\u00a0: adresses e-mail, num\u00e9ros de t\u00e9l\u00e9phone, photos et conversations\u00a0\u00bb, se d\u00e9sole-t-il. Pourtant, selon lui, Grindr n&rsquo;a pas facilit\u00e9 la collaboration pour retrouver les responsables. Heddy a m\u00eame exprim\u00e9 sa col\u00e8re contre le manque de r\u00e9activit\u00e9 de la plateforme, qui n&rsquo;assume pas suffisamment ses responsabilit\u00e9s en mati\u00e8re de s\u00e9curit\u00e9 des utilisateurs. \u00ab\u00a0Ils gagnent de l&rsquo;argent gr\u00e2ce \u00e0 nous, mais lorsqu&rsquo;il s&rsquo;agit de prot\u00e9ger notre s\u00e9curit\u00e9, ils ferment les yeux\u00a0\u00bb, ajoute le militant.<\/p>\n<p>Aujourd&rsquo;hui, Heddy continue d&rsquo;\u0153uvrer pour la cause LGBTQ +, malgr\u00e9 cette \u00e9preuve qu&rsquo;il traverse. Il est convaincu que des changements peuvent survenir si les gens se mobilisent, qu&rsquo;il s&rsquo;agisse de signaler les agressions ou de soutenir les victimes. \u00ab\u00a0D\u00e9poser plainte est essentiel, insiste-t-il. Mais il faut aussi savoir que des associations comme SOS Homophobie sont l\u00e0 pour vous \u00e9couter et vous aider.\u00a0\u00bb Avant de rappeler le num\u00e9ro de la ligne d&rsquo;\u00e9coute nationale (01\u00a048\u00a006\u00a042\u00a041), qui reste un recours important pour les victimes de violences homophobes.<\/p>\n","protected":false},"excerpt":{"rendered":"Un t\u00e9moignage gla\u00e7ant. Le 7\u00a0f\u00e9vrier 2025, Heddy Renaud, repr\u00e9sentant de l&rsquo;association SOS Homophobie dans les Alpes du Sud,&hellip;\n","protected":false},"author":2,"featured_media":42194,"comment_status":"","ping_status":"","sticky":false,"template":"","format":"standard","meta":{"footnotes":""},"categories":[2819],"tags":[17,1111,11,1446,1777,674,1011,27,4743,9087,12820,12,2401,12819,882,16,25,8288,4251],"class_list":{"0":"post-42193","1":"post","2":"type-post","3":"status-publish","4":"format-standard","5":"has-post-thumbnail","7":"category-nice","8":"tag-17","9":"tag-actu","10":"tag-actualites","11":"tag-dans","12":"tag-eu","13":"tag-europe","14":"tag-fr","15":"tag-france","16":"tag-la","17":"tag-lgbt","18":"tag-militant","19":"tag-news","20":"tag-nice","21":"tag-peur","22":"tag-provence-alpes-cote-dazur","23":"tag-region","24":"tag-republique-francaise","25":"tag-seul","26":"tag-sortir"},"share_on_mastodon":{"url":"https:\/\/pubeurope.com\/@fr\/114377549618773630","error":""},"_links":{"self":[{"href":"https:\/\/www.europesays.com\/fr\/wp-json\/wp\/v2\/posts\/42193","targetHints":{"allow":["GET"]}}],"collection":[{"href":"https:\/\/www.europesays.com\/fr\/wp-json\/wp\/v2\/posts"}],"about":[{"href":"https:\/\/www.europesays.com\/fr\/wp-json\/wp\/v2\/types\/post"}],"author":[{"embeddable":true,"href":"https:\/\/www.europesays.com\/fr\/wp-json\/wp\/v2\/users\/2"}],"replies":[{"embeddable":true,"href":"https:\/\/www.europesays.com\/fr\/wp-json\/wp\/v2\/comments?post=42193"}],"version-history":[{"count":0,"href":"https:\/\/www.europesays.com\/fr\/wp-json\/wp\/v2\/posts\/42193\/revisions"}],"wp:featuredmedia":[{"embeddable":true,"href":"https:\/\/www.europesays.com\/fr\/wp-json\/wp\/v2\/media\/42194"}],"wp:attachment":[{"href":"https:\/\/www.europesays.com\/fr\/wp-json\/wp\/v2\/media?parent=42193"}],"wp:term":[{"taxonomy":"category","embeddable":true,"href":"https:\/\/www.europesays.com\/fr\/wp-json\/wp\/v2\/categories?post=42193"},{"taxonomy":"post_tag","embeddable":true,"href":"https:\/\/www.europesays.com\/fr\/wp-json\/wp\/v2\/tags?post=42193"}],"curies":[{"name":"wp","href":"https:\/\/api.w.org\/{rel}","templated":true}]}}