{"id":421944,"date":"2025-09-27T18:00:14","date_gmt":"2025-09-27T18:00:14","guid":{"rendered":"https:\/\/www.europesays.com\/fr\/421944\/"},"modified":"2025-09-27T18:00:14","modified_gmt":"2025-09-27T18:00:14","slug":"air-france-et-airbus-vont-juges-en-appel-pour-le-crash-du-rio-paris-en-2009-qui-a-fait-228-morts","status":"publish","type":"post","link":"https:\/\/www.europesays.com\/fr\/421944\/","title":{"rendered":"Air France et Airbus vont jug\u00e9s en appel pour le crash du Rio-Paris en 2009 qui a fait 228 morts"},"content":{"rendered":"<p>            Par<br \/>\n        <strong><br \/>\n            <a href=\"https:\/\/actu.fr\/auteur\/thomas-martin\" title=\"Consulter tous les articles de Thomas Martin\" target=\"_blank\" rel=\"noopener\">Thomas Martin<\/a><br \/>\n        <\/strong><\/p>\n<p>        Publi\u00e9 le<\/p>\n<p>            27 sept. 2025 \u00e0 19h14        <\/p>\n<p>Seize ans apr\u00e8s le <strong>crash du vol Rio-Paris<\/strong> AF447 qui a tu\u00e9 <strong>228 personnes<\/strong>, la compagnie <a href=\"https:\/\/actu.fr\/tag\/air-france\" target=\"_blank\" rel=\"noopener\">Air France<\/a> et le constructeur <a href=\"https:\/\/actu.fr\/economie\/airbus\" target=\"_blank\" rel=\"noopener\">Airbus<\/a>, relax\u00e9s en premi\u00e8re instance, sont jug\u00e9s \u00e0 partir de lundi 29 septembre en appel pour deux mois \u00e0 Paris pour homicides involontaires.<\/p>\n<p>Air France et Airbus relax\u00e9es sur le plan p\u00e9nal<\/p>\n<p class=\" wall-content\">Le 1er juin 2009, le vol AF447 reliant Rio de Janeiro \u00e0 Paris s\u2019ab\u00eeme en pleine nuit dans l\u2019Atlantique, quelques heures apr\u00e8s son d\u00e9collage, entra\u00eenant la mort de ses 216 passagers et 12 membres d\u2019\u00e9quipage. A bord de l\u2019A330 immatricul\u00e9 F-GZCP se trouvent des personnes de 33 nationalit\u00e9s, dont 72 Fran\u00e7ais et 58 Br\u00e9siliens.<\/p>\n<p class=\" wall-content\">Les bo\u00eetes noires ont confirm\u00e9 le point de d\u00e9part de l\u2019accident: le givrage des sondes de vitesse Pitot alors que l\u2019avion volait \u00e0 haute altitude dans la zone m\u00e9t\u00e9o difficile du \u00ab\u00a0Pot au noir\u00a0\u00bb, pr\u00e8s de l\u2019\u00e9quateur.<\/p>\n<p class=\" wall-content\">Pour cet accident a\u00e9rien, pass\u00e9 \u00e0 la post\u00e9rit\u00e9 par la c\u00e9l\u00e8bre photo de la d\u00e9rive tricolore arrach\u00e9e \u00e0 l\u2019avion flottant au milieu de l\u2019oc\u00e9an Atlantique, les deux entreprises sont jug\u00e9es jusqu\u2019au 27 novembre par la cour d\u2019appel de Paris. Elles encourent 225 000 euros d\u2019amende.<\/p>\n<p class=\" wall-content\">Le 17 avril 2023, apr\u00e8s deux mois de d\u00e9bats hautement techniques hach\u00e9s de moments d\u2019\u00e9motion lors des auditions des familles endeuill\u00e9es, le tribunal correctionnel de Paris a <a href=\"https:\/\/actu.fr\/ile-de-france\/paris_75056\/crash-du-vol-rio-paris-la-justice-relaxe-airbus-et-air-france_58996542.html\" target=\"_blank\" rel=\"noopener\">relax\u00e9<\/a> sur le plan p\u00e9nal Airbus et Air France tout en reconnaissant leur responsabilit\u00e9 civile.<\/p>\n<p class=\" wall-content\">Il a consid\u00e9r\u00e9 que si des \u00ab\u00a0imprudences\u00a0\u00bb et \u00ab\u00a0n\u00e9gligences\u00a0\u00bb avaient \u00e9t\u00e9 commises, \u00ab\u00a0aucun lien de causalit\u00e9 certain\u00a0\u00bb n\u2019avait \u00ab\u00a0pu \u00eatre d\u00e9montr\u00e9\u00a0\u00bb avec l\u2019accident le plus meurtrier de l\u2019histoire des compagnies fran\u00e7aises.<\/p>\n<p class=\" wall-content\">Alors que le minist\u00e8re public avait requis \u00e0 l\u2019audience la relaxe des deux entreprises, le parquet g\u00e9n\u00e9ral a tout de m\u00eame fait <a href=\"https:\/\/actu.fr\/ile-de-france\/paris_75056\/crash-du-vol-rio-paris-le-parquet-general-fait-appel-apres-la-relaxe-d-air-france-et-airbus_59253028.html\" target=\"_blank\" rel=\"noopener\">appel du jugement<\/a> \u00ab\u00a0afin de donner leur plein effet aux voies de recours pr\u00e9vues par la loi et soumettre l\u2019affaire \u00e0 un second degr\u00e9 de juridiction\u00a0\u00bb.<\/p>\n<p class=\" wall-content\">Sur les 489 parties civiles constitu\u00e9es lors du proc\u00e8s de premi\u00e8re instance, 281 se sont jointes \u00e0 l\u2019appel dans ce dossier aux 20 000 cotes de proc\u00e9dure s\u2019\u00e9talant sur 105 tomes.<br \/>\u00ab\u00a0Certaines se sont lass\u00e9es, ont l\u00e2ch\u00e9 la rampe, pour essayer de tourner la page. D\u2019autres sont toujours extr\u00eamement combatives et veulent absolument que justice soit rendue et que la v\u00e9rit\u00e9 soit clairement dite au plan judiciaire\u00a0\u00bb, a d\u00e9clar\u00e9 \u00e0 l\u2019AFP Me Alain Jakubowicz, avocat de nombreuses parties civiles.<\/p>\n<p>Votre r\u00e9gion, votre actu !<\/p>\n<p>Recevez chaque jour les infos qui comptent pour vous.<\/p>\n<p>\t<a href=\"https:\/\/actu.fr\/newsletter\" class=\"ac-btn ac-btn--corner ac-btn--medium ac-btn--blue800\" target=\"_blank\" rel=\"noopener\">S&rsquo;incrire<\/a><br \/>\nGivrage de sondes\u00a0<\/p>\n<p class=\" wall-content\">Le transporteur Air France est poursuivi pour ne pas avoir mis en oeuvre une formation de pilotes adapt\u00e9e aux situations de givrage des sondes Pitot, qui mesurent \u00e0 l\u2019ext\u00e9rieur de l\u2019avion la vitesse de l\u2019appareil, et proc\u00e9d\u00e9 \u00e0 une information suffisante des \u00e9quipages, ce qu\u2019il a toujours d\u00e9menti.<br \/>La compagnie \u00ab\u00a0continuera \u00e0 d\u00e9montrer, d\u00e9sormais devant la cour d\u2019appel, qu\u2019Air France n\u2019a pas commis de faute p\u00e9nale \u00e0 l\u2019origine de cet accident\u00a0\u00bb, a-t-elle indiqu\u00e9 dans un communiqu\u00e9 transmis \u00e0 l\u2019AFP.<\/p>\n<p class=\" wall-content\">Quant \u00e0 Airbus, la justice lui reproche d\u2019avoir sous-estim\u00e9 la gravit\u00e9 des d\u00e9faillances des sondes an\u00e9mom\u00e9triques et de n\u2019avoir pas pris toutes les dispositions n\u00e9cessaires pour en informer d\u2019urgence les compagnies a\u00e9riennes qui en \u00e9taient \u00e9quip\u00e9es, ce que le constructeur conteste \u00e9galement.<\/p>\n<p class=\" wall-content\">\u00ab\u00a0Airbus apportera sa pleine contribution au proc\u00e8s en appel (\u2026) afin de continuer \u00e0 \u00e9clairer la compr\u00e9hension de ce tragique accident, en accord avec l\u2019engagement total de la soci\u00e9t\u00e9 en mati\u00e8re de s\u00e9curit\u00e9 des vols\u00a0\u00bb, a-t-il dit dans un communiqu\u00e9.<\/p>\n<p class=\" wall-content\">Les premiers d\u00e9bris de l\u2019AF447 et des corps ont \u00e9t\u00e9 retrouv\u00e9s dans les jours suivant le crash. Mais l\u2019\u00e9pave n\u2019a \u00e9t\u00e9 localis\u00e9e que deux ans plus tard, apr\u00e8s de longues recherches, \u00e0 3.900 m\u00e8tres de profondeur.<\/p>\n<p class=\" wall-content\">D\u00e9stabilis\u00e9 par les cons\u00e9quences de la panne des sondes de vitesse Pitot, l\u2019un des copilotes a adopt\u00e9 une trajectoire ascendante et, dans l\u2019incompr\u00e9hension, les trois pilotes n\u2019ont pas r\u00e9ussi \u00e0 reprendre le contr\u00f4le de l\u2019avion, qui a d\u00e9croch\u00e9 et heurt\u00e9 l\u2019oc\u00e9an 4 minutes et 23 secondes plus tard.<\/p>\n<p class=\" wall-content\">Selon le calendrier pr\u00e9visionnel, le premier mois du proc\u00e8s sera consacr\u00e9 \u00e0 des auditions de t\u00e9moins et d\u2019experts. Les repr\u00e9sentants d\u2019Airbus et Air France devraient \u00eatre interrog\u00e9s \u00e0 partir du 27 octobre.<\/p>\n<p class=\" wall-content\">Personnalisez votre actualit\u00e9 en ajoutant vos villes et m\u00e9dias en favori avec <a href=\"https:\/\/moncompte.actu.fr\" title=\"D\u00e9couvez Mon Actu\" rel=\"nofollow noopener\" data-trk=\"{&quot;cta&quot;:{&quot;action&quot;:&quot;https:\\\/\\\/moncompte.actu.fr&quot;,&quot;category&quot;:&quot;mon compte&quot;,&quot;from&quot;:&quot;article footer&quot;,&quot;name&quot;:&quot;Mon actu&quot;,&quot;type&quot;:&quot;cta&quot;}}\" target=\"_blank\">Mon Actu<\/a>.<\/p>\n","protected":false},"excerpt":{"rendered":"Par Thomas Martin Publi\u00e9 le 27 sept. 2025 \u00e0 19h14 Seize ans apr\u00e8s le crash du vol Rio-Paris&hellip;\n","protected":false},"author":2,"featured_media":421945,"comment_status":"","ping_status":"","sticky":false,"template":"","format":"standard","meta":{"footnotes":""},"categories":[1888],"tags":[1111,1928,11,1927,1816,36,1777,674,118,1011,27,303,12,1926,626,1925,25],"class_list":{"0":"post-421944","1":"post","2":"type-post","3":"status-publish","4":"format-standard","5":"has-post-thumbnail","7":"category-paris","8":"tag-actu","9":"tag-actu-paris","10":"tag-actualites","11":"tag-actualites-paris","12":"tag-air-france","13":"tag-airbus","14":"tag-eu","15":"tag-europe","16":"tag-faits-divers","17":"tag-fr","18":"tag-france","19":"tag-justice","20":"tag-news","21":"tag-news-paris","22":"tag-paris","23":"tag-paris-news","24":"tag-republique-francaise"},"share_on_mastodon":{"url":"https:\/\/pubeurope.com\/@fr\/115277570258999676","error":""},"_links":{"self":[{"href":"https:\/\/www.europesays.com\/fr\/wp-json\/wp\/v2\/posts\/421944","targetHints":{"allow":["GET"]}}],"collection":[{"href":"https:\/\/www.europesays.com\/fr\/wp-json\/wp\/v2\/posts"}],"about":[{"href":"https:\/\/www.europesays.com\/fr\/wp-json\/wp\/v2\/types\/post"}],"author":[{"embeddable":true,"href":"https:\/\/www.europesays.com\/fr\/wp-json\/wp\/v2\/users\/2"}],"replies":[{"embeddable":true,"href":"https:\/\/www.europesays.com\/fr\/wp-json\/wp\/v2\/comments?post=421944"}],"version-history":[{"count":0,"href":"https:\/\/www.europesays.com\/fr\/wp-json\/wp\/v2\/posts\/421944\/revisions"}],"wp:featuredmedia":[{"embeddable":true,"href":"https:\/\/www.europesays.com\/fr\/wp-json\/wp\/v2\/media\/421945"}],"wp:attachment":[{"href":"https:\/\/www.europesays.com\/fr\/wp-json\/wp\/v2\/media?parent=421944"}],"wp:term":[{"taxonomy":"category","embeddable":true,"href":"https:\/\/www.europesays.com\/fr\/wp-json\/wp\/v2\/categories?post=421944"},{"taxonomy":"post_tag","embeddable":true,"href":"https:\/\/www.europesays.com\/fr\/wp-json\/wp\/v2\/tags?post=421944"}],"curies":[{"name":"wp","href":"https:\/\/api.w.org\/{rel}","templated":true}]}}