{"id":421946,"date":"2025-09-27T18:01:16","date_gmt":"2025-09-27T18:01:16","guid":{"rendered":"https:\/\/www.europesays.com\/fr\/421946\/"},"modified":"2025-09-27T18:01:16","modified_gmt":"2025-09-27T18:01:16","slug":"gagnez-vos-places-avec-metalzone","status":"publish","type":"post","link":"https:\/\/www.europesays.com\/fr\/421946\/","title":{"rendered":"Gagnez vos places avec MetalZone !"},"content":{"rendered":"<p><strong>Pour tenter de remporter 2 places pour le concert de Nevertel \u00e0 Paris, il suffit de commenter cet article avec votre compte MetalZone \u2013 les gagnants seront tir\u00e9s au sort !<\/strong><\/p>\n<p>Assistez au concert de Nevertel au Backstage le 22 octobre gr\u00e2ce \u00e0 Veryshow et MetalZone<\/p>\n<p>MetalZone s\u2019associe \u00e0 <strong>Veryshow<\/strong> pour vous faire gagner <strong>2\u00d72 invitations<\/strong> au concert de Nevertel, pr\u00e9vu le <strong>22 octobre 2025<\/strong> au <strong>Backstage By The Mill<\/strong> \u00e0 Paris. Un \u00e9v\u00e9nement \u00e0 ne pas manquer pour d\u00e9couvrir en live les titres du nouvel album Start Again, fra\u00eechement sorti chez Epitaph Records.<\/p>\n<p>Originaire de Tampa, en Floride, le groupe form\u00e9 par Jeremy Michael, Raul Lopez et Alec Davis fusionne <a href=\"https:\/\/www.metalzone.fr\/nu-metal\/\" rel=\"nofollow noopener\" target=\"_blank\">nu metal<\/a>, <a href=\"https:\/\/www.metalzone.fr\/rock-alternatif\/\" rel=\"nofollow noopener\" target=\"_blank\">rock alternatif<\/a> et influences rap dans un univers personnel et introspectif. N\u00e9 de retrouvailles apr\u00e8s plusieurs ann\u00e9es de s\u00e9paration g\u00e9ographique, Nevertel s\u2019est construit autour de th\u00e9matiques fortes comme la reconstruction et les secondes chances. Avec Start Again, le trio propose un nouveau d\u00e9part musical, fruit d\u2019un processus d\u2019\u00e9criture long, sinc\u00e8re et exp\u00e9rimental.<\/p>\n<p>Modalit\u00e9s du concours<\/p>\n<p>Le jeu-concours est <strong>ouvert du 27 au 30 septembre 2025 \u00e0 minuit<\/strong>. Deux gagnants seront tir\u00e9s au sort le 1er octobre. Chacun remportera <strong>2 places<\/strong> pour le concert du 22 octobre au Backstage By The Mill \u00e0 Paris.<\/p>\n<p><strong>Pour participer :<\/strong> commentez simplement cet article avec votre compte MetalZone. Une seule participation par personne est autoris\u00e9e.<\/p>\n<p>Les gagnants seront contact\u00e9s par e-mail \u00e0 l\u2019adresse associ\u00e9e \u00e0 leur compte MetalZone. En cas de non-r\u00e9ponse sous 24 heures, un autre tirage pourra \u00eatre effectu\u00e9.<\/p>\n<p>Le concours est r\u00e9serv\u00e9 aux personnes majeures r\u00e9sidant en France m\u00e9tropolitaine. Les invitations ne sont ni \u00e9changeables, ni remboursables.<\/p>\n<p>Informations pratiques<\/p>\n<p>\ud83d\udccd <strong>Nevertel<\/strong> \u2013 Live \u00e0 Paris<br \/>\ud83d\uddd3\ufe0f <strong>22 octobre 2025<\/strong><br \/>\ud83d\udccd <strong>Backstage By The Mill<\/strong> \u2013 Paris<br \/>\ud83c\udf9f\ufe0f <a href=\"http:\/\/bit.ly\/Nevertel_Paris25\" target=\"_blank\" rel=\"noopener nofollow\">Billetterie officielle<\/a><\/p>\n<p>Un jeu-concours organis\u00e9 en partenariat avec <strong>Veryshow Productions<\/strong>.<\/p>\n<p><img loading=\"lazy\" decoding=\"async\" src=\"https:\/\/www.europesays.com\/fr\/wp-content\/uploads\/2025\/09\/Feed_Nevertel_Paris25-Supports-960x1200.jpg\" alt=\"\" width=\"960\" height=\"1200\"  \/><\/p>\n","protected":false},"excerpt":{"rendered":"Pour tenter de remporter 2 places pour le concert de Nevertel \u00e0 Paris, il suffit de commenter cet&hellip;\n","protected":false},"author":2,"featured_media":421947,"comment_status":"","ping_status":"","sticky":false,"template":"","format":"standard","meta":{"footnotes":""},"categories":[1888],"tags":[1111,1928,11,1927,1777,674,1011,27,12,1926,626,1925,25],"class_list":{"0":"post-421946","1":"post","2":"type-post","3":"status-publish","4":"format-standard","5":"has-post-thumbnail","7":"category-paris","8":"tag-actu","9":"tag-actu-paris","10":"tag-actualites","11":"tag-actualites-paris","12":"tag-eu","13":"tag-europe","14":"tag-fr","15":"tag-france","16":"tag-news","17":"tag-news-paris","18":"tag-paris","19":"tag-paris-news","20":"tag-republique-francaise"},"share_on_mastodon":{"url":"https:\/\/pubeurope.com\/@fr\/115277574464782231","error":""},"_links":{"self":[{"href":"https:\/\/www.europesays.com\/fr\/wp-json\/wp\/v2\/posts\/421946","targetHints":{"allow":["GET"]}}],"collection":[{"href":"https:\/\/www.europesays.com\/fr\/wp-json\/wp\/v2\/posts"}],"about":[{"href":"https:\/\/www.europesays.com\/fr\/wp-json\/wp\/v2\/types\/post"}],"author":[{"embeddable":true,"href":"https:\/\/www.europesays.com\/fr\/wp-json\/wp\/v2\/users\/2"}],"replies":[{"embeddable":true,"href":"https:\/\/www.europesays.com\/fr\/wp-json\/wp\/v2\/comments?post=421946"}],"version-history":[{"count":0,"href":"https:\/\/www.europesays.com\/fr\/wp-json\/wp\/v2\/posts\/421946\/revisions"}],"wp:featuredmedia":[{"embeddable":true,"href":"https:\/\/www.europesays.com\/fr\/wp-json\/wp\/v2\/media\/421947"}],"wp:attachment":[{"href":"https:\/\/www.europesays.com\/fr\/wp-json\/wp\/v2\/media?parent=421946"}],"wp:term":[{"taxonomy":"category","embeddable":true,"href":"https:\/\/www.europesays.com\/fr\/wp-json\/wp\/v2\/categories?post=421946"},{"taxonomy":"post_tag","embeddable":true,"href":"https:\/\/www.europesays.com\/fr\/wp-json\/wp\/v2\/tags?post=421946"}],"curies":[{"name":"wp","href":"https:\/\/api.w.org\/{rel}","templated":true}]}}