{"id":421948,"date":"2025-09-27T18:02:12","date_gmt":"2025-09-27T18:02:12","guid":{"rendered":"https:\/\/www.europesays.com\/fr\/421948\/"},"modified":"2025-09-27T18:02:12","modified_gmt":"2025-09-27T18:02:12","slug":"quinte-du-dimanche-28-septembre-2025-a-vincennes-les-pronostics","status":"publish","type":"post","link":"https:\/\/www.europesays.com\/fr\/421948\/","title":{"rendered":"Quint\u00e9 du dimanche 28 septembre 2025 \u00e0 Vincennes : les pronostics"},"content":{"rendered":"<p class=\"article-p mdl\">Retrouvez les pronostics de Dominique Cordier pour le Quint\u00e9 du dimanche 28 septembre 2025 \u00e0 Vincennes, le Grand Prix du Portugal. <strong>D\u00e9part \u00e0 15h15. 16 partants. <\/strong>Trot attel\u00e9. Course europ\u00e9enne. 2.850 m\u00e8tres. Grande piste. Trotteurs de 8 ans.&#13;<\/p>\n<p class=\"article-p mdl\">Pas simple encore une fois, l\u2019\u00e2ge des concurrents expliquant la difficult\u00e9 du jour.<\/p>\n<p class=\"article-p mdl\">Evoluant toujours ferr\u00e9, le <strong>7 Fighter Simoni <\/strong>peut \u00eatre vu en pole position dans notre s\u00e9lection, la forme \u00e9tant l\u00e0, celle du driver, Benjamin Rochard \u00e9galement.<\/p>\n<p class=\"article-p mdl\">Autre \u00e9tranger au d\u00e9part, le <strong>2 Neo Turbo <\/strong>est en pleine forme, comme l\u2019atteste sa victoire du 21 septembre \u00e0 Vincennes. Il court de fa\u00e7on rapproch\u00e9e, c\u2019est vrai, car on profite de son \u00e9tat de gr\u00e2ce actuel.&#13;<\/p>\n<p class=\"article-p mdl\">Les deux trotteurs du bas ne peuvent pas gagner, en th\u00e9orie, mais l\u2019engagement est de telle qualit\u00e9 qu\u2019ils vont se pr\u00e9senter tous deux tr\u00e8s aff\u00fbt\u00e9s.&#13;<\/p>\n<p class=\"article-p mdl\">L\u2019outsider de RTL, le <strong>11 Helecho<\/strong>, est quant \u00e0 lui dans sa meilleure forme. Confirm\u00e9 sur la grande piste, il peut surprendre \u00e0 belle cote. Cela tombe bien, c\u2019est tout ce qu\u2019on lui demande !<\/p>\n<p>            Les pronostics<\/p>\n<p class=\"article-p mdl\">7. Fighter Simoni&#13;<br \/>2. Neo Turbo&#13;<br \/>15. Handzaro du Bocage&#13;<br \/>8. Herm\u00e8s Pat&#13;<br \/>9. Hugo du Bourg&#13;<br \/>16. Haikido&#13;<br \/>11. Helecho<\/p>\n<p>            L&rsquo;outsider de RTL<\/p>\n<p class=\"article-p mdl\">11. Helecho<\/p>\n<p>    R\u00e9sultats du vendredi 26 septembre 2025 en nocturne \u00e0 Vincennes<\/p>\n<p class=\"article-p mdl\">Le favori de RTL se classe 7e, l\u2019outsider de RTL 14e.<\/p>\n<p>    La r\u00e9daction vous recommande<\/p>\n<p class=\"s-newsletter__title\">\n                L\u2019actualit\u00e9 par la r\u00e9daction de RTL dans votre bo\u00eete mail.\n            <\/p>\n<p class=\"s-newsletter__subtitle\">\n                Gr\u00e2ce \u00e0 votre compte RTL abonnez-vous \u00e0 la newsletter RTL info pour suivre toute l&rsquo;actualit\u00e9 au quotidien\n            <\/p>\n<p>\n                                    Lire la suite\n                                <\/p>\n","protected":false},"excerpt":{"rendered":"Retrouvez les pronostics de Dominique Cordier pour le Quint\u00e9 du dimanche 28 septembre 2025 \u00e0 Vincennes, le Grand&hellip;\n","protected":false},"author":2,"featured_media":3836,"comment_status":"","ping_status":"","sticky":false,"template":"","format":"standard","meta":{"footnotes":""},"categories":[1888],"tags":[11,2621,2622,1777,674,107,2619,1011,27,12,626,2623,25],"class_list":{"0":"post-421948","1":"post","2":"type-post","3":"status-publish","4":"format-standard","5":"has-post-thumbnail","7":"category-paris","8":"tag-actualites","9":"tag-chevaux","10":"tag-courses","11":"tag-eu","12":"tag-europe","13":"tag-fil-info","14":"tag-fil-sport","15":"tag-fr","16":"tag-france","17":"tag-news","18":"tag-paris","19":"tag-quinte","20":"tag-republique-francaise"},"share_on_mastodon":{"url":"https:\/\/pubeurope.com\/@fr\/115277577848976390","error":""},"_links":{"self":[{"href":"https:\/\/www.europesays.com\/fr\/wp-json\/wp\/v2\/posts\/421948","targetHints":{"allow":["GET"]}}],"collection":[{"href":"https:\/\/www.europesays.com\/fr\/wp-json\/wp\/v2\/posts"}],"about":[{"href":"https:\/\/www.europesays.com\/fr\/wp-json\/wp\/v2\/types\/post"}],"author":[{"embeddable":true,"href":"https:\/\/www.europesays.com\/fr\/wp-json\/wp\/v2\/users\/2"}],"replies":[{"embeddable":true,"href":"https:\/\/www.europesays.com\/fr\/wp-json\/wp\/v2\/comments?post=421948"}],"version-history":[{"count":0,"href":"https:\/\/www.europesays.com\/fr\/wp-json\/wp\/v2\/posts\/421948\/revisions"}],"wp:featuredmedia":[{"embeddable":true,"href":"https:\/\/www.europesays.com\/fr\/wp-json\/wp\/v2\/media\/3836"}],"wp:attachment":[{"href":"https:\/\/www.europesays.com\/fr\/wp-json\/wp\/v2\/media?parent=421948"}],"wp:term":[{"taxonomy":"category","embeddable":true,"href":"https:\/\/www.europesays.com\/fr\/wp-json\/wp\/v2\/categories?post=421948"},{"taxonomy":"post_tag","embeddable":true,"href":"https:\/\/www.europesays.com\/fr\/wp-json\/wp\/v2\/tags?post=421948"}],"curies":[{"name":"wp","href":"https:\/\/api.w.org\/{rel}","templated":true}]}}