{"id":421951,"date":"2025-09-27T18:04:11","date_gmt":"2025-09-27T18:04:11","guid":{"rendered":"https:\/\/www.europesays.com\/fr\/421951\/"},"modified":"2025-09-27T18:04:11","modified_gmt":"2025-09-27T18:04:11","slug":"a-la-tribune-de-lonu-serguei-lavrov-met-en-garde-contre-toute-attaque-envers-son-pays","status":"publish","type":"post","link":"https:\/\/www.europesays.com\/fr\/421951\/","title":{"rendered":"A la tribune de l\u2019ONU, Sergue\u00ef Lavrov met en garde contre toute attaque envers son pays"},"content":{"rendered":"<p>Apr\u00e8s la sortie de <a href=\"https:\/\/www.20minutes.fr\/dossier\/donald_trump\" class=\"c-link c-link--is-underlined\" rel=\"nofollow noopener\" target=\"_blank\">Donald Trump<\/a>, <a href=\"https:\/\/www.20minutes.fr\/monde\/serguei-lavrov\/\" class=\"c-link c-link--is-underlined\" rel=\"nofollow noopener\" target=\"_blank\">Sergue\u00ef Lavrov<\/a> a r\u00e9it\u00e9r\u00e9 ses avertissements. Le ministre russe des Affaires \u00e9trang\u00e8res a mis en garde ce samedi contre toute attaque envers son pays, qui entra\u00eenerait une \u00ab\u00a0r\u00e9ponse r\u00e9solue\u00a0\u00bb, alors que Donald Trump a appel\u00e9 \u00e0 abattre les avions russes en cas de violation de l\u2019espace a\u00e9rien de l\u2019<a href=\"https:\/\/www.20minutes.fr\/monde\/otan\/\" class=\"c-link c-link--is-underlined\" rel=\"nofollow noopener\" target=\"_blank\">Otan<\/a>. \u00ab\u00a0La <a href=\"https:\/\/www.20minutes.fr\/monde\/russie\/\" class=\"c-link c-link--is-underlined\" rel=\"nofollow noopener\" target=\"_blank\">Russie<\/a> est presque accus\u00e9e de planifier une attaque contre les pays de l\u2019Alliance atlantique et de l\u2019<a href=\"https:\/\/www.20minutes.fr\/dossier\/ue\" class=\"c-link c-link--is-underlined\" rel=\"nofollow noopener\" target=\"_blank\">Union europ\u00e9enne<\/a>\u00a0\u00bb, a-t-il d\u00e9clar\u00e9 \u00e0 la tribune de l\u2019Assembl\u00e9e g\u00e9n\u00e9rale de l\u2019ONU. \u00ab\u00a0La Russie n\u2019a pas et n\u2019a jamais eu de telles intentions. Mais toute agression contre mon pays entra\u00eenera une r\u00e9ponse r\u00e9solue. Il ne doit pas y avoir de doutes sur ce point\u00a0\u00bb, a-t-il ajout\u00e9.<\/p>\n<p>Apr\u00e8s les incursions dans le ciel europ\u00e9en d\u2019une vingtaine de drones et des trois avions de combat russes, les pays de l\u2019UE cherchent \u00e0 renforcer leur d\u00e9fense, principalement aux abords de la Russie. A ces incursions r\u00e9p\u00e9t\u00e9es vient s\u2019ajouter le survol de myst\u00e9rieux drones au <a href=\"https:\/\/www.20minutes.fr\/dossier\/danemark\" class=\"c-link c-link--is-underlined\" rel=\"nofollow noopener\" target=\"_blank\">Danemark<\/a>, qui a contraint les autorit\u00e9s \u00e0 fermer l\u2019a\u00e9roport de la capitale pendant plusieurs heures en d\u00e9but de semaine. Face \u00e0 cette menace, l\u2019Union europ\u00e9enne veut renforcer sa s\u00e9curit\u00e9, avec un \u00ab\u00a0mur anti-drones\u00a0\u00bb, qu\u2019une dizaine de pays, dont plusieurs qui ont connu des incursions russes, consid\u00e8rent d\u00e9sormais comme une \u00ab\u00a0priorit\u00e9\u00a0\u00bb.<\/p>\n<\/p>\n<p>L\u2019Otan pr\u00eate \u00e0 se d\u00e9fendre<\/p>\n<p>Donald Trump a jug\u00e9 mardi que les pays de l\u2019Otan devaient abattre les appareils russes violant leur espace a\u00e9rien, apr\u00e8s trois incursions de drones ou avions de combat russes sur le territoire de l\u2019Alliance en moins de deux semaines. L\u2019Otan a de son c\u00f4t\u00e9 averti mardi <a href=\"https:\/\/www.20minutes.fr\/monde\/moscou\/\" class=\"c-link c-link--is-underlined\" rel=\"nofollow noopener\" target=\"_blank\">Moscou<\/a> que l&rsquo;\u00ab\u00a0escalade\u00a0\u00bb devait cesser et assur\u00e9 qu\u2019elle \u00e9tait pr\u00eate \u00e0 se d\u00e9fendre par tous les moyens, sans \u00e9voquer l\u2019id\u00e9e d\u2019abattre les avions.<\/p>\n<p>Donald Trump a fait volte-face mardi en comparant la Russie \u00e0 un \u00ab\u00a0tigre de papier\u00a0\u00bb et en sugg\u00e9rant que l\u2019<a href=\"https:\/\/www.20minutes.fr\/monde\/ukraine\/\" class=\"c-link c-link--is-underlined\" rel=\"nofollow noopener\" target=\"_blank\">Ukraine<\/a> pourrait gagner la guerre face \u00e0 l\u2019arm\u00e9e russe, alors qu\u2019il avait privil\u00e9gi\u00e9 auparavant le dialogue avec <a href=\"https:\/\/www.20minutes.fr\/monde\/vladimir_poutine\/\" class=\"c-link c-link--is-underlined\" rel=\"nofollow noopener\" target=\"_blank\">Vladimir Poutine<\/a>. Il a estim\u00e9 que l\u2019Ukraine pourrait \u00ab\u00a0regagner son territoire dans sa forme originelle et peut-\u00eatre m\u00eame aller plus loin\u00a0\u00bb face \u00e0 la Russie.<\/p>\n","protected":false},"excerpt":{"rendered":"Apr\u00e8s la sortie de Donald Trump, Sergue\u00ef Lavrov a r\u00e9it\u00e9r\u00e9 ses avertissements. Le ministre russe des Affaires \u00e9trang\u00e8res&hellip;\n","protected":false},"author":2,"featured_media":421952,"comment_status":"","ping_status":"","sticky":false,"template":"","format":"standard","meta":{"footnotes":""},"categories":[1591],"tags":[47,11,145,75,564,1887,74,1916,12,3521,136,1885,1886,132,1135,135],"class_list":{"0":"post-421951","1":"post","2":"type-post","3":"status-publish","4":"format-standard","5":"has-post-thumbnail","7":"category-russie","8":"tag-actualite","9":"tag-actualites","10":"tag-danemark","11":"tag-donald-trump","12":"tag-drone","13":"tag-federation-de-russie","14":"tag-monde","15":"tag-moscou","16":"tag-news","17":"tag-onu","18":"tag-otan","19":"tag-russia","20":"tag-russian-federation","21":"tag-russie","22":"tag-serguei-lavrov","23":"tag-vladimir-poutine"},"share_on_mastodon":{"url":"https:\/\/pubeurope.com\/@fr\/115277585987020859","error":""},"_links":{"self":[{"href":"https:\/\/www.europesays.com\/fr\/wp-json\/wp\/v2\/posts\/421951","targetHints":{"allow":["GET"]}}],"collection":[{"href":"https:\/\/www.europesays.com\/fr\/wp-json\/wp\/v2\/posts"}],"about":[{"href":"https:\/\/www.europesays.com\/fr\/wp-json\/wp\/v2\/types\/post"}],"author":[{"embeddable":true,"href":"https:\/\/www.europesays.com\/fr\/wp-json\/wp\/v2\/users\/2"}],"replies":[{"embeddable":true,"href":"https:\/\/www.europesays.com\/fr\/wp-json\/wp\/v2\/comments?post=421951"}],"version-history":[{"count":0,"href":"https:\/\/www.europesays.com\/fr\/wp-json\/wp\/v2\/posts\/421951\/revisions"}],"wp:featuredmedia":[{"embeddable":true,"href":"https:\/\/www.europesays.com\/fr\/wp-json\/wp\/v2\/media\/421952"}],"wp:attachment":[{"href":"https:\/\/www.europesays.com\/fr\/wp-json\/wp\/v2\/media?parent=421951"}],"wp:term":[{"taxonomy":"category","embeddable":true,"href":"https:\/\/www.europesays.com\/fr\/wp-json\/wp\/v2\/categories?post=421951"},{"taxonomy":"post_tag","embeddable":true,"href":"https:\/\/www.europesays.com\/fr\/wp-json\/wp\/v2\/tags?post=421951"}],"curies":[{"name":"wp","href":"https:\/\/api.w.org\/{rel}","templated":true}]}}