{"id":421964,"date":"2025-09-27T18:10:11","date_gmt":"2025-09-27T18:10:11","guid":{"rendered":"https:\/\/www.europesays.com\/fr\/421964\/"},"modified":"2025-09-27T18:10:11","modified_gmt":"2025-09-27T18:10:11","slug":"la-collegiale-de-eu-gravee-par-la-monnaie-de-paris","status":"publish","type":"post","link":"https:\/\/www.europesays.com\/fr\/421964\/","title":{"rendered":"La coll\u00e9giale de Eu grav\u00e9e par la Monnaie de Paris"},"content":{"rendered":"<p>            Par<br \/>\n        <strong><br \/>\n            <a href=\"https:\/\/actu.fr\/auteur\/jerome-buresi\" title=\"Consulter tous les articles de J\u00e9r\u00f4me Buresi\" target=\"_blank\" rel=\"noopener\">J\u00e9r\u00f4me Buresi<\/a><br \/>\n        <\/strong><\/p>\n<p>        Publi\u00e9 le<\/p>\n<p>            27 sept. 2025 \u00e0 20h00        <\/p>\n<p data-end=\"306\">Qui suis-je ? Je suis de couleur or. J\u2019ai la forme d\u2019une pi\u00e8ce de 2\u00a0euros. On me trouve souvent dans les mus\u00e9es et les lieux touristiques. Je suis la <b>m\u00e9daille souvenir<\/b> !<\/p>\n<p data-end=\"727\" class=\" wall-content\">L\u2019Office de tourisme Destination Le Tr\u00e9port-Mers annonce l\u2019arriv\u00e9e d\u2019un mod\u00e8le mettant en valeur la ville d\u2019<a href=\"https:\/\/actu.fr\/normandie\/eu_76255\" target=\"_blank\" rel=\"noopener\">Eu<\/a>, en Seine-Maritime.<\/p>\n<p data-end=\"727\" class=\" wall-content\">La <b>Monnaie de Paris<\/b> vient de frapper une mini-m\u00e9daille repr\u00e9sentant une vue de la ville depuis l\u2019all\u00e9e du Cheval, rendant hommage \u00e0 la <b>coll\u00e9giale Notre-Dame-et-Saint-Laurent<\/b> ainsi qu\u2019\u00e0 la <b>statue \u00e9questre de Ferdinand-Philippe, duc d\u2019Orl\u00e9ans<\/b>.<\/p>\n<p>5 600 exemplaires<\/p>\n<p data-end=\"1007\" class=\" wall-content\">L\u2019Office de tourisme pr\u00e9cise : \u00ab Nous avions d\u00e9j\u00e0 fait frapper, avec succ\u00e8s, une m\u00e9daille souvenir du funiculaire du Tr\u00e9port. Nous avons cette fois-ci voulu mettre en valeur la ville d\u2019Eu \u00bb.\u00a0<\/p>\n<p data-end=\"1007\" class=\" wall-content\">Il y a en effet une vraie demande pour ce type de souvenirs partout en France, mais aussi localement. La Monnaie de Paris consacr\u00e9e au funiculaire du Tr\u00e9port avait \u00e9t\u00e9 frapp\u00e9e \u00e0 5600 exemplaires, aujourd\u2019hui \u00e9puis\u00e9s.\u00a0<\/p>\n<p data-end=\"1007\" class=\" wall-content\">Celle de Eu repr\u00e9sente un nouveau tirage de <b>5600 pi\u00e8ces<\/b>.\u00a0<\/p>\n<p>Vid\u00e9os : en ce moment sur Actu<br \/>\n    <a href=\"https:\/\/www.facebook.com\/plugins\/post.php?href=https%3A%2F%2Fwww.facebook.com%2Fdestinationletreportmerstourisme%2Fposts%2Fpfbid0gG84jXmyMbSQqLJ9T6oZz3iGsuBzpYpYmX1XCvM8DBiJsvnu5RTpPGrRqVpDe4wml&amp;show_text=true&amp;width=350\" title=\"Ouvrie le lien\" target=\"_blank\" rel=\"noopener\">Cliquez ici pour visualiser le contenu<\/a><\/p>\n<p data-end=\"1007\" class=\" wall-content\">\u00a0La Monnaie de Paris<\/p>\n<p>Votre r\u00e9gion, votre actu !<\/p>\n<p>Recevez chaque jour les infos qui comptent pour vous.<\/p>\n<p>\t<a href=\"https:\/\/actu.fr\/newsletter\" class=\"ac-btn ac-btn--corner ac-btn--medium ac-btn--blue800\" target=\"_blank\" rel=\"noopener\">S&rsquo;incrire<\/a><\/p>\n<p data-end=\"1169\" class=\" wall-content\">L\u2019Office de Tourisme a choisi le mod\u00e8le et confi\u00e9 sa r\u00e9alisation \u00e0 la Monnaie de Paris, <b>r\u00e9f\u00e9rence nationale en la mati\u00e8re<\/b>.<\/p>\n<p data-end=\"1460\" class=\" wall-content\">Sur son site internet, cette institution d\u00e9crit le mod\u00e8le type : \u00ab Le revers est mill\u00e9sim\u00e9 avec le logo de la Monnaie de Paris. La m\u00e9daille mesure 34\u00a0mm de diam\u00e8tre et poss\u00e8de une tranche cannel\u00e9e \u00bb.<\/p>\n<p>Un bout de patrimoine dans la poche<\/p>\n<p data-end=\"1744\" class=\" wall-content\">L\u2019Office de tourisme Destination Le\u00a0Tr\u00e9port-Mers a trouv\u00e9 une belle formule pour en vanter les m\u00e9rites : \u00ab C\u2019est une jolie fa\u00e7on de repartir avec un bout de patrimoine dans la poche\u2026 et un souvenir qui ne perd jamais de sa valeur \u00bb.<\/p>\n<p>Cette mini-m\u00e9daille de la Monnaie de Paris est d\u00e9sormais disponible au tarif de 3 \u20ac dans les bureaux d\u2019accueil touristique d\u2019Eu, du Tr\u00e9port et de Mers-les-Bains.<\/p>\n<p class=\" wall-content\">Personnalisez votre actualit\u00e9 en ajoutant vos villes et m\u00e9dias en favori avec <a href=\"https:\/\/moncompte.actu.fr\" title=\"D\u00e9couvez Mon Actu\" rel=\"nofollow noopener\" data-trk=\"{&quot;cta&quot;:{&quot;action&quot;:&quot;https:\\\/\\\/moncompte.actu.fr&quot;,&quot;category&quot;:&quot;mon compte&quot;,&quot;from&quot;:&quot;article footer&quot;,&quot;name&quot;:&quot;Mon actu&quot;,&quot;type&quot;:&quot;cta&quot;}}\" target=\"_blank\">Mon Actu<\/a>.<\/p>\n","protected":false},"excerpt":{"rendered":"Par J\u00e9r\u00f4me Buresi Publi\u00e9 le 27 sept. 2025 \u00e0 20h00 Qui suis-je ? Je suis de couleur or.&hellip;\n","protected":false},"author":2,"featured_media":421965,"comment_status":"","ping_status":"","sticky":false,"template":"","format":"standard","meta":{"footnotes":""},"categories":[1586],"tags":[11,16550,1777,674,1779,1011,27,12,2551,25,104,602,1778,364],"class_list":{"0":"post-421964","1":"post","2":"type-post","3":"status-publish","4":"format-standard","5":"has-post-thumbnail","7":"category-europe","8":"tag-actualites","9":"tag-cc-villes-soeurs","10":"tag-eu","11":"tag-europe","12":"tag-european-union","13":"tag-fr","14":"tag-france","15":"tag-news","16":"tag-patrimoine","17":"tag-republique-francaise","18":"tag-societe","19":"tag-tourisme","20":"tag-ue","21":"tag-union-europeenne"},"share_on_mastodon":{"url":"https:\/\/pubeurope.com\/@fr\/115277609288656054","error":""},"_links":{"self":[{"href":"https:\/\/www.europesays.com\/fr\/wp-json\/wp\/v2\/posts\/421964","targetHints":{"allow":["GET"]}}],"collection":[{"href":"https:\/\/www.europesays.com\/fr\/wp-json\/wp\/v2\/posts"}],"about":[{"href":"https:\/\/www.europesays.com\/fr\/wp-json\/wp\/v2\/types\/post"}],"author":[{"embeddable":true,"href":"https:\/\/www.europesays.com\/fr\/wp-json\/wp\/v2\/users\/2"}],"replies":[{"embeddable":true,"href":"https:\/\/www.europesays.com\/fr\/wp-json\/wp\/v2\/comments?post=421964"}],"version-history":[{"count":0,"href":"https:\/\/www.europesays.com\/fr\/wp-json\/wp\/v2\/posts\/421964\/revisions"}],"wp:featuredmedia":[{"embeddable":true,"href":"https:\/\/www.europesays.com\/fr\/wp-json\/wp\/v2\/media\/421965"}],"wp:attachment":[{"href":"https:\/\/www.europesays.com\/fr\/wp-json\/wp\/v2\/media?parent=421964"}],"wp:term":[{"taxonomy":"category","embeddable":true,"href":"https:\/\/www.europesays.com\/fr\/wp-json\/wp\/v2\/categories?post=421964"},{"taxonomy":"post_tag","embeddable":true,"href":"https:\/\/www.europesays.com\/fr\/wp-json\/wp\/v2\/tags?post=421964"}],"curies":[{"name":"wp","href":"https:\/\/api.w.org\/{rel}","templated":true}]}}