{"id":42197,"date":"2025-04-21T19:15:12","date_gmt":"2025-04-21T19:15:12","guid":{"rendered":"https:\/\/www.europesays.com\/fr\/42197\/"},"modified":"2025-04-21T19:15:12","modified_gmt":"2025-04-21T19:15:12","slug":"a-carquefou-elle-ouvre-son-epicerie-fine-au-palais-gourmand-dans-sa-ville-natale","status":"publish","type":"post","link":"https:\/\/www.europesays.com\/fr\/42197\/","title":{"rendered":"\u00c0 Carquefou, elle ouvre son \u00e9picerie fine, Au palais gourmand, dans sa ville natale"},"content":{"rendered":"<p>Une\u00a0nouvelle boutique d\u2019\u00e9picerie fine a ouvert ses portes depuis vendredi 11\u00a0avril, \u00e0 Carquefou (Loire-Atlantique). Dans un cadre chaleureux, Annie Gergaud y re\u00e7oit les clients.<\/p>\n<p>Carquefolienne d\u2019origine, c\u2019est un retour aux sources pour celle qui a effectu\u00e9 toute sa scolarit\u00e9 au sein de la ville. <strong>\u00ab\u00a0Mon papa y \u00e9tait antiquaire, et j\u2019y habite. C\u2019est plus facile d\u2019ouvrir un commerce dans ces conditions\u00a0\u00bb,<\/strong> pr\u00e9cise Annie Gergaud.<\/p>\n<p>Des fournisseurs majoritairement locaux<\/p>\n<p>Ce n\u2019est pas un coup d\u2019essai, puisqu\u2019elle a tenu le m\u00eame type de commerce, \u00e0 Saint-Philbert-de-Grand-Lieu, pendant huit\u00a0ans. <strong>\u00ab\u00a0L\u2019affaire marchait bien et s\u2019\u00e9tait bien d\u00e9velopp\u00e9e. J\u2019ai eu l\u2019opportunit\u00e9 de la vendre, sans vraiment le chercher, puisqu\u2019on m\u2019a fait une proposition que j\u2019ai accept\u00e9e. C\u2019est ce qui m\u2019a permis de m\u2019installer \u00e0 Carquefou. C\u2019est un vrai confort pour moi\u00a0\u00bb,<\/strong> ajoute-t-elle.<\/p>\n<p>Les clients vont pouvoir d\u00e9couvrir des produits sucr\u00e9s et sal\u00e9s, du th\u00e9, des tisanes, du chocolat, des \u00e9pices et des drag\u00e9es. On peut aussi trouver des articles de l\u2019art de la table et des paniers garnis. <strong>\u00ab\u00a0Je go\u00fbte tous les produits avant de les proposer. Je travaille avec des fournisseurs majoritairement locaux, que je connais\u00a0\u00bb,<\/strong> indique Annie Gergaud.<\/p>\n<p><strong>Au palais gourmand,<\/strong> 16\u00a0bis, rue du 9-Ao\u00fbt-1944, \u00e0 Carquefou, ouvert du mercredi au samedi, de 9\u00a0h\u00a030 \u00e0 13\u00a0h et de 14\u00a0h\u00a030 \u00e0 19\u00a0h, et le dimanche, de 9\u00a0h\u00a030 \u00e0 12\u00a0h\u00a030.<\/p>\n<p>\u00a0<\/p>\n","protected":false},"excerpt":{"rendered":"Une\u00a0nouvelle boutique d\u2019\u00e9picerie fine a ouvert ses portes depuis vendredi 11\u00a0avril, \u00e0 Carquefou (Loire-Atlantique). Dans un cadre chaleureux,&hellip;\n","protected":false},"author":2,"featured_media":42198,"comment_status":"","ping_status":"","sticky":false,"template":"","format":"standard","meta":{"footnotes":""},"categories":[2818],"tags":[1111,11,3862,12821,1777,674,12822,1011,27,12824,766,12825,12,10102,12823,2636,25,4824],"class_list":{"0":"post-42197","1":"post","2":"type-post","3":"status-publish","4":"format-standard","5":"has-post-thumbnail","7":"category-nantes","8":"tag-actu","9":"tag-actualites","10":"tag-carquefou","11":"tag-epicerie","12":"tag-eu","13":"tag-europe","14":"tag-fine","15":"tag-fr","16":"tag-france","17":"tag-gourmand","18":"tag-nantes","19":"tag-natale","20":"tag-news","21":"tag-ouvre","22":"tag-palais","23":"tag-pays-de-la-loire","24":"tag-republique-francaise","25":"tag-ville"},"share_on_mastodon":{"url":"https:\/\/pubeurope.com\/@fr\/114377557495790834","error":""},"_links":{"self":[{"href":"https:\/\/www.europesays.com\/fr\/wp-json\/wp\/v2\/posts\/42197","targetHints":{"allow":["GET"]}}],"collection":[{"href":"https:\/\/www.europesays.com\/fr\/wp-json\/wp\/v2\/posts"}],"about":[{"href":"https:\/\/www.europesays.com\/fr\/wp-json\/wp\/v2\/types\/post"}],"author":[{"embeddable":true,"href":"https:\/\/www.europesays.com\/fr\/wp-json\/wp\/v2\/users\/2"}],"replies":[{"embeddable":true,"href":"https:\/\/www.europesays.com\/fr\/wp-json\/wp\/v2\/comments?post=42197"}],"version-history":[{"count":0,"href":"https:\/\/www.europesays.com\/fr\/wp-json\/wp\/v2\/posts\/42197\/revisions"}],"wp:featuredmedia":[{"embeddable":true,"href":"https:\/\/www.europesays.com\/fr\/wp-json\/wp\/v2\/media\/42198"}],"wp:attachment":[{"href":"https:\/\/www.europesays.com\/fr\/wp-json\/wp\/v2\/media?parent=42197"}],"wp:term":[{"taxonomy":"category","embeddable":true,"href":"https:\/\/www.europesays.com\/fr\/wp-json\/wp\/v2\/categories?post=42197"},{"taxonomy":"post_tag","embeddable":true,"href":"https:\/\/www.europesays.com\/fr\/wp-json\/wp\/v2\/tags?post=42197"}],"curies":[{"name":"wp","href":"https:\/\/api.w.org\/{rel}","templated":true}]}}