{"id":421970,"date":"2025-09-27T18:13:16","date_gmt":"2025-09-27T18:13:16","guid":{"rendered":"https:\/\/www.europesays.com\/fr\/421970\/"},"modified":"2025-09-27T18:13:16","modified_gmt":"2025-09-27T18:13:16","slug":"les-remparts-veulent-bien-lancer-la-saison-face-a-nantes","status":"publish","type":"post","link":"https:\/\/www.europesays.com\/fr\/421970\/","title":{"rendered":"les Remparts veulent bien lancer la saison face \u00e0 Nantes"},"content":{"rendered":"<p><strong>Remparts de Tours (D1) &#8211; Corsaires de Nantes (D1)<\/strong><\/p>\n<p>Ce direct est aliment\u00e9 par les journalistes du service des sports d\u2019Indre-et-Loire de La Nouvelle R\u00e9publique.<\/p>\n<p>Avant-match<\/p>\n<p><strong>20\u00a0h\u00a010. <\/strong>Puisqu\u2019on parlait d\u2019Alexis Dog\u00e9mont, sachez que le n\u00b0\u00a042 des Remparts (22\u00a0ans), qui \u00e9volue au poste de d\u00e9fenseur, retrouve ce soir sur la glace son petit fr\u00e8re, Thomas\u00a0! L\u2019attaquant de 19\u00a0ans porte le num\u00e9ro\u00a072 au sein de l\u2019\u00e9quipe nantaise. Nantes, ville dont sont originaires les fr\u00e8res.<\/p>\n<p><strong>20\u00a0h\u00a008.<\/strong> Place \u00e0 la pr\u00e9sentation des \u00e9quipes\u00a0!<\/p>\n<p><strong>20\u00a0h\u00a006. <\/strong>Deux joueurs tourangeaux sont absents ce soir\u00a0: Andrea Palat, en protocole commotion et Matthieu Fr\u00e9con, \u00ab\u00a0avec un retour au jeu, peut-\u00eatre, pour le 11\u00a0octobre\u00a0\u00bb, pr\u00e9cisait St\u00e9phane Gros, vendredi.<\/p>\n<p>Ulysse Tournier et Alexis Dog\u00e9mont, licences bleues de Bordeaux, viennent renforcer l\u2019effectif.<\/p>\n<p>\u00c0 noter que Fabien M\u00e9tais conserve le statut de capitaine de l\u2019\u00e9quipe, tandis qu\u2019Andrea Palat et Mark Shroyer sont ses assistants. Ils remplacent Kenny Martin et Peter Bourgaut, qui endossaient ce r\u00f4le la saison pass\u00e9e.<\/p>\n<p><strong>20\u00a0h\u00a003.<\/strong>\u00a0En face, Nantes a achev\u00e9 sa pr\u00e9saison sur une victoire (3-4), aux tirs au but, face \u00e0 Caen. Soit trois succ\u00e8s en quatre matchs, puisque les Corsaires ont \u00e9galement domin\u00e9 La Roche-sur-Yon (3-4) et\u2026 <a target=\"_self\" href=\"https:\/\/www.lanouvellerepublique.fr\/tours\/en-retard-au-demarrage-les-remparts-de-tours-s-inclinent-en-preparation-face-a-nantes-1757801741\" rel=\"noopener\">Tours (4-6)<\/a>, avant de subir un s\u00e9v\u00e8re revers face \u00e0 Cholet (8-1). \u00ab\u00a0C\u2019est une belle \u00e9quipe. Elle a de tr\u00e8s bons \u00e9trangers, de tr\u00e8s bons Fran\u00e7ais aussi, \u00e7a ressemble un peu \u00e0 notre ADN. On doit une revanche \u00e0 nos supporteurs, devant lesquels on a pris trois d\u00e9faites de suite\u00a0\u00bb, estimait St\u00e9phane Gros.<\/p>\n<p><strong>20\u00a0h. <\/strong>Il\u00a0y a, quand m\u00eame, des points de satisfaction lors de cette pr\u00e9paration. En particulier l\u2019investissement des recrues, qui se sont notamment illustr\u00e9es offensivement, puisque dix des quinze buts inscrits lors des matchs amicaux l\u2019ont \u00e9t\u00e9 par des N\u00e9o-Tourangeaux. La palme de meilleur buteur revient \u00e0 <a target=\"_self\" href=\"https:\/\/www.lanouvellerepublique.fr\/tours\/division-1-une-nouvelle-aventure-pour-albin-torstensson-aux-remparts-de-tours-1747757049\" rel=\"noopener\">Albin Torstensson<\/a>, le Su\u00e9dois de 30\u00a0ans ayant marqu\u00e9 \u00e0 quatre reprises.<\/p>\n<p>Quentin Jacquier et Gr\u00e9gory Lapointe comptent deux r\u00e9alisations chacun, tandis que Vincent Milot-Ouellet et Marcus Bj\u00f6rk ont chacun une r\u00e9alisation \u00e0 leur actif.<\/p>\n<p>Des buts \u00e0 revivre en vid\u00e9o\u00a0!<\/p>\n<\/p>\n<p><strong>19\u00a0h\u00a055. <\/strong>Comment expliquer cette pr\u00e9paration rat\u00e9e et ce manque d\u2019investissement personnel de la part de certains joueurs\u00a0? \u00ab\u00a0Je pense qu\u2019on s\u2019est tous tromp\u00e9, expliquait St\u00e9phane Gros sur Remparts TV. On pensait r\u00e9cup\u00e9rer un groupe qui restait quasiment le m\u00eame que l\u2019ann\u00e9e pass\u00e9e et repartir de l\u00e0 o\u00f9 on s\u2019\u00e9tait arr\u00eat\u00e9. C\u2019est une erreur\u00a0! Le livre de la saison pass\u00e9e est ferm\u00e9, un nouveau s\u2019\u00e9crit. Et quand on \u00e9crit un nouveau livre, on commence par la pr\u00e9face, par le chapitre\u00a01, le chapitre\u00a02\u2026 On est all\u00e9 un peu trop vite, on a grill\u00e9 les \u00e9tapes.\u00a0\u00bb<\/p>\n<p>Forc\u00e9ment, il est difficile, dans ces conditions, d\u2019attaquer la comp\u00e9tition en \u00e9tant pleinement serein. \u00ab\u00a0Est-ce qu\u2019on sera pr\u00eats\u00a0? Certainement pas, mais quelle \u00e9quipe va l\u2019\u00eatre \u00e0 ce moment-l\u00e0 de la saison\u00a0? Je pr\u00e9f\u00e8re l\u2019\u00eatre plus tard, car une saison, c\u2019est tr\u00e8s long. Et je commence \u00e0 avoir des certitudes sur certaines choses\u00a0\u00bb, positivait le coach.<\/p>\n<p><strong>19\u00a0h\u00a050. <\/strong>La pr\u00e9paration n\u2019a pas \u00e9t\u00e9 un long fleuve tranquille pour les Tourangeaux. Loin de l\u00e0, m\u00eame, puisqu\u2019ils ont perdu l\u2019int\u00e9gralit\u00e9 de leurs cinq matchs amicaux.<\/p>\n<p>\u00ab\u00a0Individuellement, on n\u2019y est pas, dans l\u2019attitude et dans la qualit\u00e9. Et ce n\u2019est pas les recrues qui me posent probl\u00e8me, mais l\u2019\u00e9quipe cr\u00e9\u00e9e depuis la saison pr\u00e9c\u00e9dente. Je ne retrouve pas l\u2019\u00e2me de l\u2019an dernier, c\u2019est ce qui me d\u00e9range\u00a0\u00bb, regrettait St\u00e9phane Gros, l\u2019entra\u00eeneur des Remparts, mercredi apr\u00e8s le dernier amical.<\/p>\n<p>Mais la pr\u00e9paration reste la pr\u00e9paration et, si elle importante, elle n\u2019augure pas toujours la teinte la suite de la saison. \u00ab\u00a0Quand une \u00e9quipe est \u00e2g\u00e9e, mature, comme la n\u00f4tre, on dit parfois que les joueurs ont du mal \u00e0 se mettre en mode \u201c\u00a0match\u00a0\u201d tant que la comp\u00e9tition n\u2019a pas commenc\u00e9. On verra si c\u2019est le cas samedi (ce soir)\u00a0\u00bb, ajoutait le coach.<\/p>\n<p><img alt=\"Les deux \u00e9quipes \u00e0 l\u2019\u00e9chauffement sur la glace tourangelle.\" loading=\"lazy\" width=\"980\" height=\"573\" decoding=\"async\" data-nimg=\"1\" class=\"img-responsive spinner-show\" style=\"color:transparent;background-size:cover;background-position:50% 50%;background-repeat:no-repeat;background-image:url(&quot;data:image\/svg+xml;charset=utf-8,%3Csvg xmlns='http:\/\/www.w3.org\/2000\/svg' viewBox='0 0 980 573'%3E%3Cfilter id='b' color-interpolation-filters='sRGB'%3E%3CfeGaussianBlur stdDeviation='20'\/%3E%3CfeColorMatrix values='1 0 0 0 0 0 1 0 0 0 0 0 1 0 0 0 0 0 100 -1' result='s'\/%3E%3CfeFlood x='0' y='0' width='100%25' height='100%25'\/%3E%3CfeComposite operator='out' in='s'\/%3E%3CfeComposite in2='SourceGraphic'\/%3E%3CfeGaussianBlur stdDeviation='20'\/%3E%3C\/filter%3E%3Cimage width='100%25' height='100%25' x='0' y='0' preserveAspectRatio='none' style='filter: url(%23b);' href='https:\/\/images.lanouvellerepublique.fr\/image\/upload\/t_88w\/f_auto\/68d8242abe39c60d718b462f.jpg'\/%3E%3C\/svg%3E&quot;)\"   src=\"https:\/\/www.europesays.com\/fr\/wp-content\/uploads\/2025\/09\/68d8242abe39c60d718b462f.jpg\"\/><\/p>\n<p style=\"background-color:#F2F2F2;padding:5px;margin-top:0px;margin-bottom:10px\">Les deux \u00e9quipes \u00e0 l\u2019\u00e9chauffement sur la glace tourangelle.<br \/> \u00a9 (Photo NR, \u00c9l. T.)<\/p>\n<p><strong>19\u00a0h\u00a045.<\/strong> Bonsoir et bienvenue sur ce direct consacr\u00e9 \u00e0 la rencontre entre les Remparts de Tours et les Corsaires de Nantes, dans le cadre du 1er\u00a0tour de la Coupe de France. Il fait logiquement bien plus froid dans la patinoire municipale de Tours qu\u2019\u00e0 l\u2019ext\u00e9rieur, mais l\u2019ambiance devrait rapidement se r\u00e9chauffer alors que les tribunes se garnissent progressivement. Coup d\u2019envoi du match \u00e0 20\u00a0h\u00a015\u00a0!<\/p>\n","protected":false},"excerpt":{"rendered":"Remparts de Tours (D1) &#8211; Corsaires de Nantes (D1) Ce direct est aliment\u00e9 par les journalistes du service&hellip;\n","protected":false},"author":2,"featured_media":421971,"comment_status":"","ping_status":"","sticky":false,"template":"","format":"standard","meta":{"footnotes":""},"categories":[4],"tags":[1392,11,55122,1011,27,4133,1387,12,51935,25,60,1390],"class_list":{"0":"post-421970","1":"post","2":"type-post","3":"status-publish","4":"format-standard","5":"has-post-thumbnail","7":"category-france","8":"tag-a-la-une-local","9":"tag-actualites","10":"tag-coupe-de-france-hockey","11":"tag-fr","12":"tag-france","13":"tag-hockey-sur-glace","14":"tag-indre-et-loire","15":"tag-news","16":"tag-remparts-de-tours","17":"tag-republique-francaise","18":"tag-sports","19":"tag-tours"},"share_on_mastodon":{"url":"https:\/\/pubeurope.com\/@fr\/115277621903670492","error":""},"_links":{"self":[{"href":"https:\/\/www.europesays.com\/fr\/wp-json\/wp\/v2\/posts\/421970","targetHints":{"allow":["GET"]}}],"collection":[{"href":"https:\/\/www.europesays.com\/fr\/wp-json\/wp\/v2\/posts"}],"about":[{"href":"https:\/\/www.europesays.com\/fr\/wp-json\/wp\/v2\/types\/post"}],"author":[{"embeddable":true,"href":"https:\/\/www.europesays.com\/fr\/wp-json\/wp\/v2\/users\/2"}],"replies":[{"embeddable":true,"href":"https:\/\/www.europesays.com\/fr\/wp-json\/wp\/v2\/comments?post=421970"}],"version-history":[{"count":0,"href":"https:\/\/www.europesays.com\/fr\/wp-json\/wp\/v2\/posts\/421970\/revisions"}],"wp:featuredmedia":[{"embeddable":true,"href":"https:\/\/www.europesays.com\/fr\/wp-json\/wp\/v2\/media\/421971"}],"wp:attachment":[{"href":"https:\/\/www.europesays.com\/fr\/wp-json\/wp\/v2\/media?parent=421970"}],"wp:term":[{"taxonomy":"category","embeddable":true,"href":"https:\/\/www.europesays.com\/fr\/wp-json\/wp\/v2\/categories?post=421970"},{"taxonomy":"post_tag","embeddable":true,"href":"https:\/\/www.europesays.com\/fr\/wp-json\/wp\/v2\/tags?post=421970"}],"curies":[{"name":"wp","href":"https:\/\/api.w.org\/{rel}","templated":true}]}}