{"id":421978,"date":"2025-09-27T18:17:11","date_gmt":"2025-09-27T18:17:11","guid":{"rendered":"https:\/\/www.europesays.com\/fr\/421978\/"},"modified":"2025-09-27T18:17:11","modified_gmt":"2025-09-27T18:17:11","slug":"atp-taylor-fritz-determine-derriere-carlos-alcaraz-et-jannik-sinner-si-je-parviens-a-remporter-un-tournoi-du-grand-chelem-mon-prochain-objectif-sera-la-place-de-numero-1-mondial","status":"publish","type":"post","link":"https:\/\/www.europesays.com\/fr\/421978\/","title":{"rendered":"ATP > Taylor Fritz d\u00e9termin\u00e9 derri\u00e8re Carlos Alcaraz et Jannik Sinner : \u00ab\u00a0Si je parviens \u00e0 remporter un tournoi du Grand Chelem, mon prochain objectif sera la place de num\u00e9ro 1 mondial\u00a0\u00bb"},"content":{"rendered":"<p>Oppos\u00e9 \u00e0 son compa\u00adtriote Sebastian Korda en quarts de finale de l\u2019ATP 500 de Tokyo, Taylor Fritz s\u2019est exprim\u00e9 en confe\u00adrence de presse sur ses ambi\u00adtions. Et elles sont \u00e9lev\u00e9es.<\/p>\n<p><strong>\u00ab\u202fPour moi, l\u2019ob\u00adjectif prin\u00adcipal est de gagner un Grand Chelem. Si je parviens \u00e0 en gagner un, mon objectif suivant sera la place de n\u00b01 mondial. En dehors de Carlos et Jannik, il n\u2019y a qu\u2019une poign\u00e9e de personnes contre lesquelles vous pouvez vous mesurer. Je travaille tr\u00e8s dur pour faire partie de ce groupe.\u202f\u00bb<\/strong><\/p>\n<p class=\"post-published-date\" style=\"color: silver; font-size: 75%; text-align: left;\">Publi\u00e9 le samedi 27 septembre 2025 \u00e0 18:48<\/p>\n","protected":false},"excerpt":{"rendered":"Oppos\u00e9 \u00e0 son compa\u00adtriote Sebastian Korda en quarts de finale de l\u2019ATP 500 de Tokyo, Taylor Fritz s\u2019est&hellip;\n","protected":false},"author":2,"featured_media":421979,"comment_status":"","ping_status":"","sticky":false,"template":"","format":"standard","meta":{"footnotes":""},"categories":[1415],"tags":[1744,1011,27,2127,60,1467],"class_list":{"0":"post-421978","1":"post","2":"type-post","3":"status-publish","4":"format-standard","5":"has-post-thumbnail","7":"category-tennis","8":"tag-alcaraz","9":"tag-fr","10":"tag-france","11":"tag-sinner","12":"tag-sports","13":"tag-tennis"},"share_on_mastodon":{"url":"https:\/\/pubeurope.com\/@fr\/115277636747411817","error":""},"_links":{"self":[{"href":"https:\/\/www.europesays.com\/fr\/wp-json\/wp\/v2\/posts\/421978","targetHints":{"allow":["GET"]}}],"collection":[{"href":"https:\/\/www.europesays.com\/fr\/wp-json\/wp\/v2\/posts"}],"about":[{"href":"https:\/\/www.europesays.com\/fr\/wp-json\/wp\/v2\/types\/post"}],"author":[{"embeddable":true,"href":"https:\/\/www.europesays.com\/fr\/wp-json\/wp\/v2\/users\/2"}],"replies":[{"embeddable":true,"href":"https:\/\/www.europesays.com\/fr\/wp-json\/wp\/v2\/comments?post=421978"}],"version-history":[{"count":0,"href":"https:\/\/www.europesays.com\/fr\/wp-json\/wp\/v2\/posts\/421978\/revisions"}],"wp:featuredmedia":[{"embeddable":true,"href":"https:\/\/www.europesays.com\/fr\/wp-json\/wp\/v2\/media\/421979"}],"wp:attachment":[{"href":"https:\/\/www.europesays.com\/fr\/wp-json\/wp\/v2\/media?parent=421978"}],"wp:term":[{"taxonomy":"category","embeddable":true,"href":"https:\/\/www.europesays.com\/fr\/wp-json\/wp\/v2\/categories?post=421978"},{"taxonomy":"post_tag","embeddable":true,"href":"https:\/\/www.europesays.com\/fr\/wp-json\/wp\/v2\/tags?post=421978"}],"curies":[{"name":"wp","href":"https:\/\/api.w.org\/{rel}","templated":true}]}}