{"id":421987,"date":"2025-09-27T18:23:12","date_gmt":"2025-09-27T18:23:12","guid":{"rendered":"https:\/\/www.europesays.com\/fr\/421987\/"},"modified":"2025-09-27T18:23:12","modified_gmt":"2025-09-27T18:23:12","slug":"a-quoi-ressemblait-il-lors-du-tout-premier","status":"publish","type":"post","link":"https:\/\/www.europesays.com\/fr\/421987\/","title":{"rendered":"\u00e0 quoi ressemblait-il lors du tout premier &#8230;"},"content":{"rendered":"<p>EN BREF<\/p>\n<ul class=\"bloc_resume_post_list\">\n<li>Le 600e num\u00e9ro de Taratata, anim\u00e9 par Nagui, sera diffus\u00e9<br \/>\nle 27 septembre 2025 sur France 2.<\/li>\n<li>Plus de 50 artistes se produiront en live au Z\u00e9nith de<br \/>\nParis pour cet \u00e9v\u00e9nement exceptionnel.<\/li>\n<li>Les recettes de ce concert seront int\u00e9gralement revers\u00e9es<br \/>\n\u00e0 la Fondation pour la Recherche M\u00e9dicale.<\/li>\n<\/ul>\n<p>Diffus\u00e9e pour la premi\u00e8re fois sur l\u00a0\u00bbantenne de France 2 en<br \/>\n1993. <a href=\"https:\/\/www.telestar.fr\/actu_tv\/taratata-nagui-thomas-dutronc-1700810\" target=\"_blank\" rel=\"noopener\"><br \/>\nTaratata<\/a> a connu <strong>une existence assez chaotique<\/strong><br \/>\nau sein du groupe audiovisuel public. Supprim\u00e9e \u00e0 deux reprises,<br \/>\nl&rsquo;\u00e9mission est parvenue \u00e0 rena\u00eetre de ses cendres \u00e0 chaque fois.<br \/>\nSamedi 27 septembre 2025, <a href=\"https:\/\/www.telestar.fr\/actu_tv\/noplp-grand-moment-de-solitude-pour-le-fiance-de-la-maestro-et-nagui-ny-est-pas-pour-rien-1736808\" target=\"_blank\" rel=\"noopener\"><br \/>\nNagui<\/a> sera aux commandes du 600e num\u00e9ro du programme \u00e0 partir<br \/>\nde 21h05 sur France 2.<\/p>\n<p class=\"text-align-justify\">\u00ab\u00a0D\u00e9j\u00e0 600 num\u00e9ros ! Une long\u00e9vit\u00e9<br \/>\nexceptionnelle pour une \u00e9mission musicale. Et toujours la m\u00eame<br \/>\npromesse. La musique jou\u00e9e en live, dans toute son intensit\u00e9.<br \/>\n<strong>Depuis plus de 30 ans<\/strong>. Taratata a offert des<br \/>\nmilliers d\u2019instants inoubliables, des rencontres inattendues. Et<br \/>\ndes performances m\u00e9morables\u00a0\u00bb, a tout d&rsquo;abord soulign\u00e9 la<br \/>\ncha\u00eene publique dans un communiqu\u00e9.<\/p>\n<p>Taratata : le 600e num\u00e9ro du programme culte de Nagui<br \/>\naccueillera plus de 50 artistes sur la sc\u00e8ne du Z\u00e9nith de<br \/>\nParis<\/p>\n<p class=\"text-align-justify\">\u00ab\u00a0Au fil des ann\u00e9es, Nagui a tiss\u00e9<br \/>\nune relation unique avec les artistes. M\u00e9lange de confiance, de<br \/>\ncomplicit\u00e9 et de bonne humeur. Ce climat a permis \u00e0 Taratata de<br \/>\nrester <strong>un espace de libert\u00e9 rare.<\/strong> O\u00f9 les artistes<br \/>\nosent, se surprennent eux-m\u00eames et cr\u00e9ent des moments qu\u2019on ne voit<br \/>\nnulle part ailleurs\u00a0\u00bb, a aussi pr\u00e9cis\u00e9 France 2<\/p>\n<p class=\"text-align-justify\">\u00ab\u00a0Au programme : <strong>2h30 de<br \/>\nmusique 100% live<\/strong>, pr\u00e8s de 40 titres interpr\u00e9t\u00e9s, des duos<br \/>\nin\u00e9dits, des trios qu\u2019on n\u2019oserait m\u00eame pas imaginer, des reprises<br \/>\nembl\u00e9matiques, des surprises\u2026 Taratata vous embarque au Z\u00e9nith<br \/>\nParis \u2013 La Villette pour un show XXL avec plus de 50 artistes. Des<br \/>\nfid\u00e8les de l\u2019\u00e9mission viendront accompagn\u00e9s pour revisiter les plus<br \/>\nbelles chansons qui ont marqu\u00e9 l\u2019histoire de l\u2019\u00e9mission, et des<br \/>\nnouveaux feront leur entr\u00e9e\u00a0\u00bb, a \u00e9galement ajout\u00e9 la cha\u00eene<br \/>\npublique.<\/p>\n<p><img decoding=\"async\" src=\"https:\/\/www.europesays.com\/fr\/wp-content\/uploads\/2025\/09\/1758997392_351_hqdefault.jpg\" width=\"100%\" height=\"auto\"\/><\/p>\n<p>La recette g\u00e9n\u00e9r\u00e9e<br \/>\npar le 600e num\u00e9ro de l&rsquo;\u00e9mission sera revers\u00e9e \u00e0 la Fondation pour<br \/>\nla Recherche M\u00e9dicale (FRM)<\/p>\n<p class=\"text-align-justify\">\u00ab\u00a0Ce ne sera pas seulement un<br \/>\nconcert. Tous les artistes seront l\u00e0 pour la bonne cause puisque<br \/>\nl\u2019int\u00e9gralit\u00e9 de la recette de ce concert sera revers\u00e9e \u00e0 la<br \/>\nFondation pour la Recherche M\u00e9dicale (FRM). <strong>Afin de<br \/>\nsoutenir la lutte contre le cancer.<\/strong> Cette soir\u00e9e sera bien<br \/>\nplus qu\u2019un anniversaire. Un condens\u00e9 d\u2019\u00e9motions, de partages et de<br \/>\nmusique \u00e0 l\u2019\u00e9tat pur\u00a0\u00bb, a finalement conclu France 2.<\/p>\n<p>Pour l&rsquo;anecdote, c&rsquo;est <a href=\"https:\/\/www.closermag.fr\/people\/il-y-avait-une-tension-cette-prediction-incroyablement-triste-de-bernard-lavilliers-qui-s-est-realisee-1538808\" target=\"_blank\" rel=\"noopener\"><br \/>\nBernard Lavilliers<\/a> qui fut le parrain du programme. \u00c9tant donn\u00e9<br \/>\nqu&rsquo;il \u00e9tait l&rsquo;invit\u00e9 d&rsquo;honneur de la toute premi\u00e8re \u00e9mission<br \/>\ndiffus\u00e9e le 10 janvier 1993. <a href=\"https:\/\/www.telestar.fr\/actu_tv\/les-larmes-aux-yeux-gilles-bouleau-tourneboule-par-florent-pagny-et-son-courage-face-au-cancer-1737642\" target=\"_blank\" rel=\"noopener\"><br \/>\nFlorent Pagny<\/a>, Les Innocents, Amina, <a href=\"https:\/\/www.telestar.fr\/people\/les-enfoires-pascal-obispo-vire-son-comportement-aurait-precipite-sa-chute-1711851\" target=\"_blank\" rel=\"noopener\"><br \/>\nPascal Obispo<\/a> et Zazie ont \u00e9galement particip\u00e9 \u00e0 ce premier<br \/>\nnum\u00e9ro. Aujourd&rsquo;hui \u00e2g\u00e9 de 63 ans, <strong>Nagui avait \u00e0 peine 32<br \/>\nans lors du lancement de Taratata sur France 2<\/strong>. En<br \/>\nl&rsquo;espace de trois d\u00e9cennie, l&rsquo;animateur a bien chang\u00e9.<\/p>\n","protected":false},"excerpt":{"rendered":"EN BREF Le 600e num\u00e9ro de Taratata, anim\u00e9 par Nagui, sera diffus\u00e9 le 27 septembre 2025 sur France&hellip;\n","protected":false},"author":2,"featured_media":421988,"comment_status":"","ping_status":"","sticky":false,"template":"","format":"standard","meta":{"footnotes":""},"categories":[1359],"tags":[548,58,59,1011,27,10477,973,729],"class_list":{"0":"post-421987","1":"post","2":"type-post","3":"status-publish","4":"format-standard","5":"has-post-thumbnail","7":"category-people","8":"tag-article-simple","9":"tag-divertissement","10":"tag-entertainment","11":"tag-fr","12":"tag-france","13":"tag-nagui","14":"tag-people","15":"tag-yout_video"},"share_on_mastodon":{"url":"https:\/\/pubeurope.com\/@fr\/115277661348991466","error":""},"_links":{"self":[{"href":"https:\/\/www.europesays.com\/fr\/wp-json\/wp\/v2\/posts\/421987","targetHints":{"allow":["GET"]}}],"collection":[{"href":"https:\/\/www.europesays.com\/fr\/wp-json\/wp\/v2\/posts"}],"about":[{"href":"https:\/\/www.europesays.com\/fr\/wp-json\/wp\/v2\/types\/post"}],"author":[{"embeddable":true,"href":"https:\/\/www.europesays.com\/fr\/wp-json\/wp\/v2\/users\/2"}],"replies":[{"embeddable":true,"href":"https:\/\/www.europesays.com\/fr\/wp-json\/wp\/v2\/comments?post=421987"}],"version-history":[{"count":0,"href":"https:\/\/www.europesays.com\/fr\/wp-json\/wp\/v2\/posts\/421987\/revisions"}],"wp:featuredmedia":[{"embeddable":true,"href":"https:\/\/www.europesays.com\/fr\/wp-json\/wp\/v2\/media\/421988"}],"wp:attachment":[{"href":"https:\/\/www.europesays.com\/fr\/wp-json\/wp\/v2\/media?parent=421987"}],"wp:term":[{"taxonomy":"category","embeddable":true,"href":"https:\/\/www.europesays.com\/fr\/wp-json\/wp\/v2\/categories?post=421987"},{"taxonomy":"post_tag","embeddable":true,"href":"https:\/\/www.europesays.com\/fr\/wp-json\/wp\/v2\/tags?post=421987"}],"curies":[{"name":"wp","href":"https:\/\/api.w.org\/{rel}","templated":true}]}}