{"id":421989,"date":"2025-09-27T18:24:38","date_gmt":"2025-09-27T18:24:38","guid":{"rendered":"https:\/\/www.europesays.com\/fr\/421989\/"},"modified":"2025-09-27T18:24:38","modified_gmt":"2025-09-27T18:24:38","slug":"cet-element-deco-de-nos-mamies-est-redevenu-ultra-tendance-en-2025","status":"publish","type":"post","link":"https:\/\/www.europesays.com\/fr\/421989\/","title":{"rendered":"cet \u00e9l\u00e9ment d\u00e9co de nos mamies est redevenu ultra-tendance en 2025"},"content":{"rendered":"<p>Pour c\u00e9l\u00e9brer l\u2019arriv\u00e9e de l\u2019automne, rien de tel que de r\u00e9am\u00e9nager un peu son int\u00e9rieur. Pour habiller sa maison aux couleurs de la saison, pas besoin de repeindre les murs. Quelques touches par-ci par-l\u00e0 suffisent \u00e0 cr\u00e9er une ambiance chaleureuse, parfaite pour se pelotonner sur le canap\u00e9 quand, dehors, le temps devient froid et humide. Capable \u00e0 lui seul de r\u00e9chauffer l\u2019atmosph\u00e8re, le tapis devient <strong>une pi\u00e8ce ma\u00eetresse pour se sentir bien chez soi<\/strong>.<\/p>\n<p>    <strong data-start=\"34\" data-end=\"102\">Les tapis v\u00e9ritables atouts d\u00e9co pour r\u00e9chauffer votre int\u00e9rieur<\/strong> <\/p>\n<p>Les tapis nous en font voir de toutes les couleurs. Berb\u00e8res revisit\u00e9s, graphiques, unis, <a href=\"https:\/\/www.grazia.fr\/decoration\/adieu-tapis-tisses-decorateurs-jurent-plus-modele-facile-dentretien-reveiller-deco-1169021.html\" rel=\"nofollow noopener\" target=\"_blank\">en jute<\/a>\u2026 autant d\u2019esth\u00e9tiques diff\u00e9rentes pour mieux s\u2019int\u00e9grer \u00e0 votre int\u00e9rieur. <strong>D\u00e9couvrez ici quelques-unes de nos pr\u00e9f\u00e9r\u00e9es<\/strong>.<\/p>\n<p>Vous tenez \u00e0 ce que votre d\u00e9coration reste contemporaine et minimaliste ?<strong> Misez sur le monochrome<\/strong>. Les tapis aux tons cr\u00e8me ou ocre peuvent aussi se parer de lignes graphiques color\u00e9es ou de quelques motifs irr\u00e9guliers. L\u2019effet est pointu et r\u00e9solument chic.<\/p>\n<p>    Le charme irr\u00e9sistible du tapis de grand-m\u00e8re <\/p>\n<p>Un int\u00e9rieur boh\u00e8me, lui, ne saurait se passer du<strong> charme intemporel d\u2019un tapis berb\u00e8re<\/strong>. Avec ses teintes terreuses, ses lignes irr\u00e9guli\u00e8res et son allure artisanale, il incarne <a href=\"https:\/\/www.grazia.fr\/lifestyle\/deco\/tapis-berbere-ces-magnifiques-decorations-de-salon-trouvees-sur-pinterest-86700.html\" rel=\"nofollow noopener\" target=\"_blank\">un certain esprit de libert\u00e9<\/a>. Inspir\u00e9e des traditions marocaines, cette esth\u00e9tique orientale, longtemps associ\u00e9e aux couleurs vives des salons de th\u00e9, sait aujourd\u2019hui se r\u00e9inventer.\u00a0Exit les motifs trop charg\u00e9s ou criards. Optez pour des palettes douces, des textures naturelles et des designs \u00e9pur\u00e9s.<\/p>\n<p>Last but not least,<strong> le tapis de grand-m\u00e8re<\/strong> nous fait compl\u00e8tement craquer.\u00a0Vous savez, celui aux motifs d\u00e9licats sur lequel vous faisiez rouler vos petites voitures quand vous \u00e9tiez enfant.\u00a0Le tapis ancien incarne quant \u00e0 lui l\u2019authenticit\u00e9 et la durabilit\u00e9. Le charme vintage des motifs persans, m\u00eal\u00e9 aux couleurs l\u00e9g\u00e8rement fan\u00e9es par le temps, apporte une touche \u00e0 la fois nostalgique et chic. Surtout lorsque la d\u00e9coration d\u2019origine est plut\u00f4t simple, avec des accents scandinaves par exemple, le tapis \u00ab\u00a0madeleine de Proust\u00a0\u00bb devient un v\u00e9ritable atout pour cr\u00e9er une ambiance chaleureuse.<\/p>\n<blockquote class=\"instagram-media \" style=\"background: #ffffff;border: 0;margin: 1px;width: 100%;padding: 0;max-width: 500px;\" data-instgrm-permalink=\"https:\/\/www.instagram.com\/p\/DEnTpRGRND6\/\" data-instgrm-version=\"14\"\/><p> Chiner des tapis de seconde main pour une d\u00e9co unique <\/p>\n<p>Un des grands avantages du tapis vintage, c\u2019est son c\u00f4t\u00e9 \u00e9coresponsable. Plut\u00f4t que d\u2019acheter du neuf produit en masse, beaucoup d\u2019amateurs de d\u00e9coration pr\u00e9f\u00e8rent <strong>offrir une seconde vie \u00e0 ces pi\u00e8ces anciennes<\/strong>. En plus d\u2019\u00eatre une option durable, ces tapis sont souvent plus solides que ceux fabriqu\u00e9s aujourd\u2019hui.<\/p>\n<p><strong>Alors, on chine !<\/strong> Parmi ces cavernes d\u2019Ali Baba o\u00f9 l\u2019on trouve les plus beaux tapis, il y a le grenier des grands-parents et les vide-greniers des environs. Autres grands \u00ab\u00a0marchands de tapis\u00a0\u00bb, les sites d\u2019annonces <a href=\"https:\/\/www.grazia.fr\/news-et-societe\/news\/success-story-le-site-de-petites-annonces-leboncoin-fete-ses-dix-ans-195495.html\" rel=\"nofollow noopener\" target=\"_blank\">comme Leboncoin<\/a> offrent un large choix de mod\u00e8les vintage ou contemporains, parfois rares et souvent authentiques.<\/p>\n<p>                <script async src=\"\/\/www.instagram.com\/embed.js\"><\/script><\/p>\n","protected":false},"excerpt":{"rendered":"Pour c\u00e9l\u00e9brer l\u2019arriv\u00e9e de l\u2019automne, rien de tel que de r\u00e9am\u00e9nager un peu son int\u00e9rieur. Pour habiller sa&hellip;\n","protected":false},"author":2,"featured_media":421990,"comment_status":"","ping_status":"","sticky":false,"template":"","format":"standard","meta":{"footnotes":""},"categories":[1358],"tags":[1348,1384,1385,1386,58,59,1011,27],"class_list":{"0":"post-421989","1":"post","2":"type-post","3":"status-publish","4":"format-standard","5":"has-post-thumbnail","7":"category-arts-et-design","8":"tag-arts","9":"tag-arts-and-design","10":"tag-arts-et-design","11":"tag-design","12":"tag-divertissement","13":"tag-entertainment","14":"tag-fr","15":"tag-france"},"share_on_mastodon":{"url":"https:\/\/pubeurope.com\/@fr\/115277664271645198","error":""},"_links":{"self":[{"href":"https:\/\/www.europesays.com\/fr\/wp-json\/wp\/v2\/posts\/421989","targetHints":{"allow":["GET"]}}],"collection":[{"href":"https:\/\/www.europesays.com\/fr\/wp-json\/wp\/v2\/posts"}],"about":[{"href":"https:\/\/www.europesays.com\/fr\/wp-json\/wp\/v2\/types\/post"}],"author":[{"embeddable":true,"href":"https:\/\/www.europesays.com\/fr\/wp-json\/wp\/v2\/users\/2"}],"replies":[{"embeddable":true,"href":"https:\/\/www.europesays.com\/fr\/wp-json\/wp\/v2\/comments?post=421989"}],"version-history":[{"count":0,"href":"https:\/\/www.europesays.com\/fr\/wp-json\/wp\/v2\/posts\/421989\/revisions"}],"wp:featuredmedia":[{"embeddable":true,"href":"https:\/\/www.europesays.com\/fr\/wp-json\/wp\/v2\/media\/421990"}],"wp:attachment":[{"href":"https:\/\/www.europesays.com\/fr\/wp-json\/wp\/v2\/media?parent=421989"}],"wp:term":[{"taxonomy":"category","embeddable":true,"href":"https:\/\/www.europesays.com\/fr\/wp-json\/wp\/v2\/categories?post=421989"},{"taxonomy":"post_tag","embeddable":true,"href":"https:\/\/www.europesays.com\/fr\/wp-json\/wp\/v2\/tags?post=421989"}],"curies":[{"name":"wp","href":"https:\/\/api.w.org\/{rel}","templated":true}]}}