{"id":422001,"date":"2025-09-27T18:30:17","date_gmt":"2025-09-27T18:30:17","guid":{"rendered":"https:\/\/www.europesays.com\/fr\/422001\/"},"modified":"2025-09-27T18:30:17","modified_gmt":"2025-09-27T18:30:17","slug":"en-direct-football-suivez-asse-3","status":"publish","type":"post","link":"https:\/\/www.europesays.com\/fr\/422001\/","title":{"rendered":"En direct Football. Suivez ASSE"},"content":{"rendered":"<p>&#13;<br \/>\n                                                    En direct&#13;<br \/>\n                        &#13;\n                                            <\/p>\n<p>Invaincus apr\u00e8s sept journ\u00e9es, les Verts peuvent boucler une semaine parfaite &#8211; apr\u00e8s deux succ\u00e8s contre Reims (3-2) et \u00e0 Amiens (0-1) &#8211; s&rsquo;ils s&rsquo;imposent face \u00e0 Guingamp ce samedi soir. Ils auront, en tout cas, au moins besoin de \u00e7a s&rsquo;ils veulent reprendre leur fauteuil de leader que Troyes leur a subtilis\u00e9 hier soir.<\/p>\n<p>&#13;<br \/>\n              Arthur Collot &#8211; &#13;<br \/>\n        &#13;<br \/>\n          Aujourd&rsquo;hui \u00e0 18:45&#13;<br \/>\n    &#13;<br \/>\n                  | mis \u00e0 jour aujourd&rsquo;hui \u00e0 20:29&#13;<br \/>\n              &#8211; Temps de lecture : &#13;<br \/>\n  &#13;\n<\/p>\n<p>                        &#13;<br \/>\n    &#13;<br \/>\n    &#13;<br \/>\n    <a href=\"https:\/\/cdn-s-www.leprogres.fr\/images\/0BCA11A3-B156-4257-A657-79D2CF83CC1B\/NW_raw\/lucas-stassin-pourrait-deja-reprendre-les-renes-du-classement-des-meilleurs-buteurs-de-l2-en-cas-de-nouvelle-realisation-face-a-guingamp-ce-soir-photo-clara-serrano-1758985758.jpg\" title=\"Lucas Stassin pourrait d\u00e9j\u00e0 reprendre les r\u00eanes du classement des meilleurs buteurs de L2 en cas de nouvelle r\u00e9alisation face \u00e0 Guingamp ce soir. Photo Clara Serrano\" class=\"chocolat-image GA-tracking\" data-ga_type=\"click\" data-ga_category=\"D\u00e9tail\" data-ga_action=\"zoomer\" data-ga_label=\"aggrandir image\" target=\"_blank\" rel=\"noopener\">&#13;<br \/>\n        <img src=\"https:\/\/www.europesays.com\/fr\/wp-content\/uploads\/2025\/09\/lucas-stassin-pourrait-deja-reprendre-les-renes-du-classement-des-meilleurs-buteurs-de-l2-en-cas-de-.jpeg\"   alt=\"Lucas Stassin pourrait d\u00e9j\u00e0 reprendre les r\u00eanes du classement des meilleurs buteurs de L2 en cas de nouvelle r\u00e9alisation face \u00e0 Guingamp ce soir. Photo Clara Serrano\" fetchpriority=\"high\" decoding=\"async\" data-mobile=\"NW_detail_M|1758985758\" data-base=\"NW_detail|1758985758\"\/>&#13;<br \/>\n    <\/a>&#13;<\/p>\n<p>Lucas Stassin pourrait d\u00e9j\u00e0 reprendre les r\u00eanes du classement des meilleurs buteurs de L2 en cas de nouvelle r\u00e9alisation face \u00e0 Guingamp ce soir. Photo Clara Serrano<\/p>\n","protected":false},"excerpt":{"rendered":"&#13; En direct&#13; &#13; Invaincus apr\u00e8s sept journ\u00e9es, les Verts peuvent boucler une semaine parfaite &#8211; apr\u00e8s deux&hellip;\n","protected":false},"author":2,"featured_media":422002,"comment_status":"","ping_status":"","sticky":false,"template":"","format":"standard","meta":{"footnotes":""},"categories":[9],"tags":[4000,7539,107,1701,63,1011,27,4002,3367,4001,517,60],"class_list":{"0":"post-422001","1":"post","2":"type-post","3":"status-publish","4":"format-standard","5":"has-post-thumbnail","7":"category-sports","8":"tag-asse-as-saint-etienne-football","9":"tag-edition-loire-sud","10":"tag-fil-info","11":"tag-fil-info-sport","12":"tag-football","13":"tag-fr","14":"tag-france","15":"tag-haute-loire","16":"tag-loire","17":"tag-saint-etienne","18":"tag-sport","19":"tag-sports"},"share_on_mastodon":{"url":"https:\/\/pubeurope.com\/@fr\/115277688388028934","error":""},"_links":{"self":[{"href":"https:\/\/www.europesays.com\/fr\/wp-json\/wp\/v2\/posts\/422001","targetHints":{"allow":["GET"]}}],"collection":[{"href":"https:\/\/www.europesays.com\/fr\/wp-json\/wp\/v2\/posts"}],"about":[{"href":"https:\/\/www.europesays.com\/fr\/wp-json\/wp\/v2\/types\/post"}],"author":[{"embeddable":true,"href":"https:\/\/www.europesays.com\/fr\/wp-json\/wp\/v2\/users\/2"}],"replies":[{"embeddable":true,"href":"https:\/\/www.europesays.com\/fr\/wp-json\/wp\/v2\/comments?post=422001"}],"version-history":[{"count":0,"href":"https:\/\/www.europesays.com\/fr\/wp-json\/wp\/v2\/posts\/422001\/revisions"}],"wp:featuredmedia":[{"embeddable":true,"href":"https:\/\/www.europesays.com\/fr\/wp-json\/wp\/v2\/media\/422002"}],"wp:attachment":[{"href":"https:\/\/www.europesays.com\/fr\/wp-json\/wp\/v2\/media?parent=422001"}],"wp:term":[{"taxonomy":"category","embeddable":true,"href":"https:\/\/www.europesays.com\/fr\/wp-json\/wp\/v2\/categories?post=422001"},{"taxonomy":"post_tag","embeddable":true,"href":"https:\/\/www.europesays.com\/fr\/wp-json\/wp\/v2\/tags?post=422001"}],"curies":[{"name":"wp","href":"https:\/\/api.w.org\/{rel}","templated":true}]}}