{"id":422003,"date":"2025-09-27T18:31:12","date_gmt":"2025-09-27T18:31:12","guid":{"rendered":"https:\/\/www.europesays.com\/fr\/422003\/"},"modified":"2025-09-27T18:31:12","modified_gmt":"2025-09-27T18:31:12","slug":"la-villa-du-clip-de-moulaga-de-jul-au-centre-dune-plainte-a-100-millions-deuros","status":"publish","type":"post","link":"https:\/\/www.europesays.com\/fr\/422003\/","title":{"rendered":"La villa du clip de \u00ab\u00a0Moulaga\u00a0\u00bb de Jul au centre d\u2019une plainte \u00e0 100\u00a0millions d\u2019euros"},"content":{"rendered":"\n<p> La lecture de ce contenu est susceptible d\u2019entra\u00eener un d\u00e9p\u00f4t de cookies de la part de l\u2019op\u00e9rateur tiers qui l\u2019h\u00e9berge. Compte-tenu des choix que vous avez exprim\u00e9s en mati\u00e8re de d\u00e9p\u00f4t de cookies, nous avons bloqu\u00e9 l\u2019affichage de ce contenu. Si vous souhaitez y acc\u00e9der, vous devez accepter la cat\u00e9gorie de cookies \u201cContenus tiers\u201d en cliquant sur le bouton ci-dessous. <\/p>\n<p> Lire la Vid\u00e9o              <\/p>\n<p class=\"asset asset-text\">JUSTICE &#8211; Vous vous souvenez de la chanson Moulaga de <a href=\"https:\/\/www.huffingtonpost.fr\/france\/article\/incendie-a-marseille-le-rappeur-jul-apporte-son-soutien-aux-pompiers-et-aux-marseillais_252434.html\" target=\"_blank\" rel=\"noopener nofollow\" title=\"Nouvelle fen\u00eatre\">Jul<\/a> et Heuss l\u2019Enfoir\u00e9\u00a0? Dans <a href=\"https:\/\/www.huffingtonpost.fr\/international\/video\/trump-et-gaza-rien-ne-va-dans-la-video-partagee-par-le-president-americain-sur-l-avenir-du-territoire_246729.html\" target=\"_blank\" rel=\"noopener nofollow\" title=\"Nouvelle fen\u00eatre\">le clip <\/a>de ce tube, les deux rappeurs font la f\u00eate, boivent du champagne et dansent dans une villa tr\u00e8s luxueuse. Cinq ans apr\u00e8s la sortie du titre, les propri\u00e9taires de cette villa r\u00e9clament plus de 100\u00a0millions d\u2019euros de d\u00e9dommagement, d\u2019apr\u00e8s une enqu\u00eate de <a href=\"https:\/\/www.linforme.com\/medias-culture\/article\/la-moulaga-la-proprietaire-de-la-villa-du-clip-reclame-plus-de-100-millions-d-euros_3235.html\" target=\"_blank\" rel=\"noopener nofollow\" title=\"Nouvelle fen\u00eatre\">L\u2019Inform\u00e9<\/a>.<\/p>\n<p class=\"asset asset-text\">Sorti en d\u00e9cembre\u00a02019, le titre Moulaga a rapidement conquis la France, puis le monde entier, comme on peut le voir sur TikTok, o\u00f9 les chor\u00e9graphies sur Moulaga se multiplient.<\/p>\n<p class=\"asset asset-text\">Et dans le clip visionn\u00e9 plus de 210\u00a0millions de fois sur YouTube, les rappeurs font la f\u00eate dans une villa luxueuse du Var, au sud de la France, <strong>comme vous pouvez le voir dans notre vid\u00e9o ci-dessus<\/strong>. Probl\u00e8me\u00a0: les propri\u00e9taires nient avoir \u00e9t\u00e9 mis au courant du tournage lors de la location. Et ils r\u00e9clament donc, cinq ans plus tard, 106,7\u00a0millions d\u2019euros de d\u00e9dommagement selon le site d\u2019investigation L\u2019Inform\u00e9.<\/p>\n<p class=\"asset asset-text\">Les propri\u00e9taires assurent aussi qu\u2019ils sont importun\u00e9s par les passants qui veulent voir le lieu de tournage du clip \u00e0 succ\u00e8s. Ils attaquent en justice Google France, qui d\u00e9tient YouTube, Homelly, une plateforme de location de villas de luxe, et Midi Midi Production, le label qui a produit la chanson.<\/p>\n<p class=\"asset asset-text\">Le 9\u00a0septembre dernier, le tribunal de Toulon a jug\u00e9 \u00ab\u00a0irrecevable\u00a0\u00bb l\u2019action visant Google France, toujours selon nos confr\u00e8res de L\u2019Inform\u00e9. Les propri\u00e9taires ont donc relanc\u00e9 la proc\u00e9dure contre Google Irlande, o\u00f9 se trouve le si\u00e8ge du groupe.<\/p>\n","protected":false},"excerpt":{"rendered":"La lecture de ce contenu est susceptible d\u2019entra\u00eener un d\u00e9p\u00f4t de cookies de la part de l\u2019op\u00e9rateur tiers&hellip;\n","protected":false},"author":2,"featured_media":422004,"comment_status":"","ping_status":"","sticky":false,"template":"","format":"standard","meta":{"footnotes":""},"categories":[8],"tags":[30542,251,58,59,1011,27,1279,303,873,2532],"class_list":{"0":"post-422003","1":"post","2":"type-post","3":"status-publish","4":"format-standard","5":"has-post-thumbnail","7":"category-divertissement","8":"tag-clip","9":"tag-culture","10":"tag-divertissement","11":"tag-entertainment","12":"tag-fr","13":"tag-france","14":"tag-jul","15":"tag-justice","16":"tag-musique","17":"tag-nos-videos"},"share_on_mastodon":{"url":"https:\/\/pubeurope.com\/@fr\/115277691921457420","error":""},"_links":{"self":[{"href":"https:\/\/www.europesays.com\/fr\/wp-json\/wp\/v2\/posts\/422003","targetHints":{"allow":["GET"]}}],"collection":[{"href":"https:\/\/www.europesays.com\/fr\/wp-json\/wp\/v2\/posts"}],"about":[{"href":"https:\/\/www.europesays.com\/fr\/wp-json\/wp\/v2\/types\/post"}],"author":[{"embeddable":true,"href":"https:\/\/www.europesays.com\/fr\/wp-json\/wp\/v2\/users\/2"}],"replies":[{"embeddable":true,"href":"https:\/\/www.europesays.com\/fr\/wp-json\/wp\/v2\/comments?post=422003"}],"version-history":[{"count":0,"href":"https:\/\/www.europesays.com\/fr\/wp-json\/wp\/v2\/posts\/422003\/revisions"}],"wp:featuredmedia":[{"embeddable":true,"href":"https:\/\/www.europesays.com\/fr\/wp-json\/wp\/v2\/media\/422004"}],"wp:attachment":[{"href":"https:\/\/www.europesays.com\/fr\/wp-json\/wp\/v2\/media?parent=422003"}],"wp:term":[{"taxonomy":"category","embeddable":true,"href":"https:\/\/www.europesays.com\/fr\/wp-json\/wp\/v2\/categories?post=422003"},{"taxonomy":"post_tag","embeddable":true,"href":"https:\/\/www.europesays.com\/fr\/wp-json\/wp\/v2\/tags?post=422003"}],"curies":[{"name":"wp","href":"https:\/\/api.w.org\/{rel}","templated":true}]}}