{"id":422019,"date":"2025-09-27T18:40:31","date_gmt":"2025-09-27T18:40:31","guid":{"rendered":"https:\/\/www.europesays.com\/fr\/422019\/"},"modified":"2025-09-27T18:40:31","modified_gmt":"2025-09-27T18:40:31","slug":"la-mjc-massinon-est-prete-pour-le-11-octobre","status":"publish","type":"post","link":"https:\/\/www.europesays.com\/fr\/422019\/","title":{"rendered":"la MJC Massinon est pr\u00eate pour le 11\u00a0octobre"},"content":{"rendered":"<p>La MJC Massinon organise, le samedi 11\u00a0octobre, de 9\u00a0h\u00a030 \u00e0 16\u00a0h\u00a030, une bourse aux v\u00eatements automne\/hiver.<\/p>\n<p>Les v\u00eatements pour adultes et enfants, et le mat\u00e9riel de pu\u00e9riculture, pourront \u00eatre d\u00e9pos\u00e9s au Centre intercommunal Laxou-Max\u00e9ville, rue de la Meuse, le jeudi 9\u00a0octobre de 14\u00a0h \u00e0 19\u00a0h. Le retrait des invendus se fera le lundi 13\u00a0octobre de 17\u00a0h\u00a030 \u00e0 19\u00a0h.<\/p>\n<p>Les v\u00eatements devront \u00eatre impeccables, et les ensembles b\u00e9b\u00e9 cousus. Les lots sont exclus, 20 articles maximum, hors mat\u00e9riel b\u00e9b\u00e9.<\/p>\n<p class=\"note\">Renseignements, \u00ab\u00a0mjcmassinonbourse@gmail.com\u00a0\u00bb<\/p>\n<p class=\"note\">ou aupr\u00e8s d\u2019Agn\u00e8s Valroff, t\u00e9l. 06 17 6 76 90.<\/p>\n","protected":false},"excerpt":{"rendered":"La MJC Massinon organise, le samedi 11\u00a0octobre, de 9\u00a0h\u00a030 \u00e0 16\u00a0h\u00a030, une bourse aux v\u00eatements automne\/hiver. Les v\u00eatements&hellip;\n","protected":false},"author":2,"featured_media":422020,"comment_status":"","ping_status":"","sticky":false,"template":"","format":"standard","meta":{"footnotes":""},"categories":[9635],"tags":[1111,11,5738,11679,1687,1704,1777,674,1011,27,775,10061,10262,1702,12,25,3365],"class_list":{"0":"post-422019","1":"post","2":"type-post","3":"status-publish","4":"format-standard","5":"has-post-thumbnail","7":"category-nancy","8":"tag-actu","9":"tag-actualites","10":"tag-bourses","11":"tag-brocantes","12":"tag-culture-loisirs","13":"tag-edition-nancy-et-agglomeration","14":"tag-eu","15":"tag-europe","16":"tag-fr","17":"tag-france","18":"tag-grand-est","19":"tag-maxeville","20":"tag-metropole-du-grand-nancy-54b5","21":"tag-nancy","22":"tag-news","23":"tag-republique-francaise","24":"tag-vide-greniers"},"share_on_mastodon":{"url":"https:\/\/pubeurope.com\/@fr\/115277727328183967","error":""},"_links":{"self":[{"href":"https:\/\/www.europesays.com\/fr\/wp-json\/wp\/v2\/posts\/422019","targetHints":{"allow":["GET"]}}],"collection":[{"href":"https:\/\/www.europesays.com\/fr\/wp-json\/wp\/v2\/posts"}],"about":[{"href":"https:\/\/www.europesays.com\/fr\/wp-json\/wp\/v2\/types\/post"}],"author":[{"embeddable":true,"href":"https:\/\/www.europesays.com\/fr\/wp-json\/wp\/v2\/users\/2"}],"replies":[{"embeddable":true,"href":"https:\/\/www.europesays.com\/fr\/wp-json\/wp\/v2\/comments?post=422019"}],"version-history":[{"count":0,"href":"https:\/\/www.europesays.com\/fr\/wp-json\/wp\/v2\/posts\/422019\/revisions"}],"wp:featuredmedia":[{"embeddable":true,"href":"https:\/\/www.europesays.com\/fr\/wp-json\/wp\/v2\/media\/422020"}],"wp:attachment":[{"href":"https:\/\/www.europesays.com\/fr\/wp-json\/wp\/v2\/media?parent=422019"}],"wp:term":[{"taxonomy":"category","embeddable":true,"href":"https:\/\/www.europesays.com\/fr\/wp-json\/wp\/v2\/categories?post=422019"},{"taxonomy":"post_tag","embeddable":true,"href":"https:\/\/www.europesays.com\/fr\/wp-json\/wp\/v2\/tags?post=422019"}],"curies":[{"name":"wp","href":"https:\/\/api.w.org\/{rel}","templated":true}]}}