{"id":422029,"date":"2025-09-27T18:45:15","date_gmt":"2025-09-27T18:45:15","guid":{"rendered":"https:\/\/www.europesays.com\/fr\/422029\/"},"modified":"2025-09-27T18:45:15","modified_gmt":"2025-09-27T18:45:15","slug":"nous-sommes-en-ordre-de-bataille-a-montpellier-marine-tondelier-conforte-jean-louis-roumegas","status":"publish","type":"post","link":"https:\/\/www.europesays.com\/fr\/422029\/","title":{"rendered":"\u00ab\u00a0Nous sommes en ordre de bataille\u00a0\u00bb, \u00e0 Montpellier, Marine Tondelier conforte Jean-Louis Roum\u00e9gas"},"content":{"rendered":"<p>            Par<br \/>\n        <strong><br \/>\n            <a href=\"https:\/\/actu.fr\/auteur\/c-nithard\" title=\"Consulter tous les articles de C\u00e9dric Nithard\" rel=\"nofollow noopener\" target=\"_blank\">C\u00e9dric Nithard<\/a><br \/>\n        <\/strong><\/p>\n<p>        Publi\u00e9 le<\/p>\n<p>            27 sept. 2025 \u00e0 20h37        <\/p>\n<p>Apr\u00e8s un passage ce samedi matin aux Rencontres de la gauche \u00e0 Bram dans l\u2019Aude, <strong>Marine Tondelier<\/strong> a rejoint <strong>Montpellier<\/strong> en d\u00e9but d\u2019apr\u00e8s-midi pour participer durant deux jours aux <a href=\"https:\/\/actu.fr\/occitanie\/montpellier_34172\/ecologistes-et-quartiers-populaires-lancent-leur-premiere-rencontre-nationale-a-montpellier_63212068.html\" rel=\"nofollow noopener\" target=\"_blank\">Rencontres nationales des \u00e9cologistes et des quartier populaires<\/a>. L\u2019occasion pour la patronne des Verts de clarifier la situation dans la capitale h\u00e9raultaise \u00e0 six mois des municipales.<\/p>\n<p>Rassembler la gauche pour la pr\u00e9sidentielle<\/p>\n<p class=\" wall-content\">Entre \u00e9changer avec les leaders des partis de gauche quant \u00e0 la n\u00e9cessit\u00e9 d\u2019un \u00e9ni\u00e8me rassemblement avant les pr\u00e9sidentielles et dialoguer avec les quartiers populaires pour construire un programme en commun, Marine Tondelier a visiblement une pr\u00e9f\u00e9rence. \u00ab\u00a0On discute avec beaucoup de monde. Certains parce qu\u2019on est d\u2019accord avec eux comme c\u2019est le cas cet apr\u00e8s-midi et d\u2019autres parce qu\u2019on n\u2019est pas d\u2019accord, ce qui \u00e9tait le cas ce matin\u00a0\u00bb, explique-t-elle depuis Montpellier, \u00ab\u00a0On ne fait pas \u00e7a pour additionner les logos et \u00eatre contents d\u2019\u00eatre sur la photo. La base de notre engagement est de changer la vie des Fran\u00e7aises et des Fran\u00e7ais et c\u2019est \u00e0 eux qu\u2019il ne faut pas arr\u00eater de penser. C\u2019est pour \u00e7a que cela am\u00e8ne \u00e0 discuter des gens avec qui on est pas enti\u00e8rement d\u2019accord mais dont on pense qu\u2019ils doivent faire partie de l\u2019\u00e9quation pour gagner en 2027\u00a0\u00bb.<\/p>\n<p class=\" wall-content\">La patronne des Verts ne cache pas son inqui\u00e9tude : \u00ab\u00a0Il y a des municipales dont on parle beaucoup \u00e0 raison mais il y aussi une \u00e9lection pr\u00e9sidentielle en 2027 qui risque de se terminer par une bascule \u00e0 l\u2019extr\u00eame droite de notre pays \u00e0 un moment o\u00f9 il y a une bascule fasciste au niveau mondial o\u00f9 on voit les pays tomber les uns apr\u00e8s les autres comme des dominos qui s\u2019entraineraient les uns apr\u00e8s les autres. Et la France peut \u00eatre le prochain domino \u00e0 tomber\u00a0\u00bb analyse-t-elle en regrettant que \u00a0\u00bbcertains \u00e0 gauche profitent de leur temps m\u00e9diatique pour passer plus de temps \u00e0 taper sur d\u2019autres de gauche qu\u2019\u00e0 expliquer ce que l\u2019on veut proposer aux Fran\u00e7ais\u00a0\u00bb.<\/p>\n<p>Jean-Louis Roum\u00e9gas pleinement soutenu<\/p>\n<p class=\" wall-content\">Si Marine Tondelier pr\u00f4ne donc le rassemblement de la gauche pour la pr\u00e9sidentielle, pour les municipales la situation semble diff\u00e9rente. \u00ab\u00a0Pour conna\u00eetre la situation \u00e0 Montpellier depuis longtemps et je sais que politiquement elle a toujours \u00e9t\u00e9 compliqu\u00e9e et pas que chez les Verts. Il y a des villes comme \u00e7a qui ont des histoires compliqu\u00e9es. Je ne juge pas, je viens du Pas-de-Calais o\u00f9 c\u2019est pire\u00a0\u00bb, ironise-t-elle, \u00ab\u00a0Cette fois-ci, on y travaille depuis longtemps et on travaille \u00e0 ce que cela se passe bien. En \u00e9tant hier \u00e0 Marseille, aujourd\u2019hui \u00e0 Montpellier et je continuerai \u00e0 sillonner la France pour que l\u2019on ait des d\u00e9cisions pour les municipales qui soient lisibles, respect\u00e9es et que ce soit, comme c\u2019est \u00e9crit dans nos statuts, les adh\u00e9rents \u00e9cologistes de chaque ville qui d\u00e9cident ce qu\u2019il faut faire dans cette ville. On prot\u00e8ge ainsi l\u2019int\u00e9grit\u00e9 de notre mouvement qui doit pouvoir prendre ces d\u00e9cisions et les d\u00e9cisions que les adh\u00e9rents prennent doivent pouvoir \u00eatre tenues\u00a0\u00bb.<\/p>\n<p>Vid\u00e9os : en ce moment sur Actu<\/p>\n<p class=\" wall-content\">Le groupe local ayant d\u00e9sign\u00e9 Jean-Louis Roum\u00e9gas pour conduire la campagne des municipales pour les \u00c9cologistes \u00e0 Montpellier avec l\u2019objectif de cr\u00e9er un rassemblement autour du Printemps Montpelli\u00e9rain, Marine Tondelier abonde donc dans le sens des militants et du d\u00e9put\u00e9 de l\u2019H\u00e9rault. \u00ab\u00a0Je constate que Jean-Louis Roum\u00e9gas a gagn\u00e9 son Assembl\u00e9e g\u00e9n\u00e9rale, ce dont je le f\u00e9licite, il a tout mon soutien dans cette campagne. Il le sait et je reviendrai autant de fois qu\u2019il le faut\u00a0\u00bb. En ayant conscience des divisions qui existent tout de m\u00eame, elle salue les diff\u00e9rentes motions aujourd\u2019hui r\u00e9unies : \u00ab\u00a0Je vois Coralie (Mantion) et Julia (Mignacca) et ce n\u2019est un secret pour personne que Julia et Jean-Louis (Roum\u00e9gas) n\u2019ont pas les m\u00eames histoires dans le parti et se sont parfois oppos\u00e9s. Cette fois-ci je constate que l\u2019intelligence collective fait que chacun a trouv\u00e9 sa place dans le dispositif et nous sommes en ordre de bataille\u00a0\u00bb.<\/p>\n<p>Votre r\u00e9gion, votre actu !<\/p>\n<p>Recevez chaque jour les infos qui comptent pour vous.<\/p>\n<p>\t<a href=\"https:\/\/actu.fr\/newsletter\" class=\"ac-btn ac-btn--corner ac-btn--medium ac-btn--blue800\" rel=\"nofollow noopener\" target=\"_blank\">S&rsquo;incrire<\/a><\/p>\n<p class=\" wall-content\">Quant aux \u00e9lus de la majorit\u00e9 oeuvrant avec Les \u00c9cologistes pour Montpellier \u00e0 poursuivre le rassemblement avec le maire socialiste Micha\u00ebl Delafosse, Marine Tondelier est sans appel : \u00ab\u00a0Les personnes suspendues, si elle sont suspendues c\u2019est qu\u2019il y a une raison, je ne parle pas d\u2019elles. Le mouvement soutient les personnes adh\u00e9rentes de ce mouvement et qui ont pris de bonnes d\u00e9cisions \u00e0 Montpellier\u00a0\u00bb. Les choses sont donc clarifi\u00e9es dans la capitale h\u00e9raultaise. Les \u00c9cologistes ne feront pas d\u2019alliance avec le Parti Socialiste aux municipales. Rendez-vous au prochain \u00e9pisode\u2026<\/p>\n<p class=\" wall-content\">Personnalisez votre actualit\u00e9 en ajoutant vos villes et m\u00e9dias en favori avec <a href=\"https:\/\/moncompte.actu.fr\" title=\"D\u00e9couvez Mon Actu\" rel=\"nofollow noopener\" data-trk=\"{&quot;cta&quot;:{&quot;action&quot;:&quot;https:\\\/\\\/moncompte.actu.fr&quot;,&quot;category&quot;:&quot;mon compte&quot;,&quot;from&quot;:&quot;article footer&quot;,&quot;name&quot;:&quot;Mon actu&quot;,&quot;type&quot;:&quot;cta&quot;}}\" target=\"_blank\">Mon Actu<\/a>.<\/p>\n","protected":false},"excerpt":{"rendered":"Par C\u00e9dric Nithard Publi\u00e9 le 27 sept. 2025 \u00e0 20h37 Apr\u00e8s un passage ce samedi matin aux Rencontres&hellip;\n","protected":false},"author":2,"featured_media":422030,"comment_status":"","ping_status":"","sticky":false,"template":"","format":"standard","meta":{"footnotes":""},"categories":[9599],"tags":[1111,11,4188,1777,674,1011,27,2208,12,2680,316,25],"class_list":{"0":"post-422029","1":"post","2":"type-post","3":"status-publish","4":"format-standard","5":"has-post-thumbnail","7":"category-montpellier","8":"tag-actu","9":"tag-actualites","10":"tag-elections-municipales","11":"tag-eu","12":"tag-europe","13":"tag-fr","14":"tag-france","15":"tag-montpellier","16":"tag-news","17":"tag-occitanie","18":"tag-politique","19":"tag-republique-francaise"},"share_on_mastodon":{"url":"https:\/\/pubeurope.com\/@fr\/115277746888832975","error":""},"_links":{"self":[{"href":"https:\/\/www.europesays.com\/fr\/wp-json\/wp\/v2\/posts\/422029","targetHints":{"allow":["GET"]}}],"collection":[{"href":"https:\/\/www.europesays.com\/fr\/wp-json\/wp\/v2\/posts"}],"about":[{"href":"https:\/\/www.europesays.com\/fr\/wp-json\/wp\/v2\/types\/post"}],"author":[{"embeddable":true,"href":"https:\/\/www.europesays.com\/fr\/wp-json\/wp\/v2\/users\/2"}],"replies":[{"embeddable":true,"href":"https:\/\/www.europesays.com\/fr\/wp-json\/wp\/v2\/comments?post=422029"}],"version-history":[{"count":0,"href":"https:\/\/www.europesays.com\/fr\/wp-json\/wp\/v2\/posts\/422029\/revisions"}],"wp:featuredmedia":[{"embeddable":true,"href":"https:\/\/www.europesays.com\/fr\/wp-json\/wp\/v2\/media\/422030"}],"wp:attachment":[{"href":"https:\/\/www.europesays.com\/fr\/wp-json\/wp\/v2\/media?parent=422029"}],"wp:term":[{"taxonomy":"category","embeddable":true,"href":"https:\/\/www.europesays.com\/fr\/wp-json\/wp\/v2\/categories?post=422029"},{"taxonomy":"post_tag","embeddable":true,"href":"https:\/\/www.europesays.com\/fr\/wp-json\/wp\/v2\/tags?post=422029"}],"curies":[{"name":"wp","href":"https:\/\/api.w.org\/{rel}","templated":true}]}}