{"id":422031,"date":"2025-09-27T18:46:10","date_gmt":"2025-09-27T18:46:10","guid":{"rendered":"https:\/\/www.europesays.com\/fr\/422031\/"},"modified":"2025-09-27T18:46:10","modified_gmt":"2025-09-27T18:46:10","slug":"en-images-200-personnes-prennent-un-train-direct-entre-rouen-et-evreux-une-premiere","status":"publish","type":"post","link":"https:\/\/www.europesays.com\/fr\/422031\/","title":{"rendered":"EN IMAGES &#8211; 200 personnes prennent un train direct entre Rouen et \u00c9vreux\u00a0: une premi\u00e8re"},"content":{"rendered":"<p>Des passagers ont pris le train entre Rouen et \u00c9vreux ce samedi 27 septembre, une ligne qui n&rsquo;existe pas encore. Sa cr\u00e9ation est soutenue par plusieurs \u00e9lus, par la R\u00e9gion Normandie et par la SNCF. <\/p>\n<p>Il y avait comme un air de f\u00eate \u00e0 Brionne ce samedi 27 septembre. Un train avec des wagons des ann\u00e9es 1940 a reli\u00e9 Rouen \u00e0 \u00c9vreux par Serquigny, une premi\u00e8re. 200 passagers sont mont\u00e9s dans les diff\u00e9rents compartiments. Le convoi a fait une halte \u00e0 Brionne o\u00f9 les participants ont pu se restaurer. L&rsquo;association Brionne Eco-mobilit\u00e9s, \u00e0 l&rsquo;initiative de cette journ\u00e9e, souhaite <strong>promouvoir la cr\u00e9ation de cette ligne entre Rouen et \u00c9vreux<\/strong>, pour l&rsquo;heure inexistante. Les usagers des transports en commun doivent aujourd&rsquo;hui prendre le bus ou faire un changement en gare de Bernay.<\/p>\n<p><img loading=\"lazy\" decoding=\"async\" class=\"VisualPreview svelte-1rldrkz\" src=\"data:image\/jpeg;base64,\/9j\/2wBDACgcHiMeGSgjISMtKygwPGRBPDc3PHtYXUlkkYCZlo+AjIqgtObDoKrarYqMyP\/L2u71\/\/\/\/m8H\/\/\/\/6\/+b9\/\/j\/2wBDASstLTw1PHZBQXb4pYyl+Pj4+Pj4+Pj4+Pj4+Pj4+Pj4+Pj4+Pj4+Pj4+Pj4+Pj4+Pj4+Pj4+Pj4+Pj4+Pj4+Pj\/wAARCAAfACoDASIAAhEBAxEB\/8QAGAAAAwEBAAAAAAAAAAAAAAAAAgMEAAH\/xAAZEAEBAQEBAQAAAAAAAAAAAAAAAgESERP\/xAAVAQEBAAAAAAAAAAAAAAAAAAABAP\/EABQRAQAAAAAAAAAAAAAAAAAAAAD\/2gAMAwEAAhEDEQA\/AKtoPRXbdpHZQ5pPliy0lOULpPlu9kIO27K9b0E7LHlp8oWUiflu\/Qjpzoh\/\/9k=\" alt=\"Plusieurs maire, dont ceux de Brionne, de Conches-en-Ouche et de Serquigny \u00e9taient pr\u00e9sents pour soutenir le projet.\" width=\"600\" height=\"450\"\/>  Plusieurs maire, dont ceux de Brionne, de Conches-en-Ouche et de Serquigny \u00e9taient pr\u00e9sents pour soutenir le projet. \u00a9 Radio France &#8211; Noah Marchais<\/p>\n<p>Le projet a plusieurs atouts. Les lignes de chemin de fer existent d\u00e9j\u00e0 entre Rouen et \u00c9vreux sur cet axe, des trains de marchandises passent les empruntent. La majorit\u00e9 des maires des communes concern\u00e9es par le trac\u00e9 de cette ligne y sont favorables. <strong>La R\u00e9gion Normandie et la SNCF soutiennent aussi cette initiative.<\/strong><\/p>\n<p>Les passagers du premier train de passagers Rouen &#8211; \u00c9vreux sont conquis. \u00ab\u00a0Superbe, c&rsquo;est bien, c&rsquo;est vieux, c&rsquo;est d&rsquo;\u00e9poque\u00a0\u00bb, r\u00e9agit Jean-Michel, \u00ab\u00a0ils devraient remettre tout \u00e7a en route pour limiter la pollution.\u00a0\u00bb Cet habitant de Brionne est bien install\u00e9 dans son compartiment en compagnie de Marie-Christine. <strong>Sa voisine n&rsquo;y voit que des b\u00e9n\u00e9fices<\/strong>\u00a0: \u00ab\u00a0Pour les jeunes qui n&rsquo;ont pas de voiture, \u00e7a leur permet de plus voyager.\u00a0\u00bb\u00a0N\u00e9anmoins, aucune \u00e9ch\u00e9ance n&rsquo;est pr\u00e9vue pour la mise en service et le montant du projet est encore flou, mais se chiffre en millions d&rsquo;euros.<\/p>\n","protected":false},"excerpt":{"rendered":"Des passagers ont pris le train entre Rouen et \u00c9vreux ce samedi 27 septembre, une ligne qui n&rsquo;existe&hellip;\n","protected":false},"author":2,"featured_media":422032,"comment_status":"","ping_status":"","sticky":false,"template":"","format":"standard","meta":{"footnotes":""},"categories":[9587],"tags":[1111,11,1777,674,1011,27,12,5161,25,9590],"class_list":{"0":"post-422031","1":"post","2":"type-post","3":"status-publish","4":"format-standard","5":"has-post-thumbnail","7":"category-rouen","8":"tag-actu","9":"tag-actualites","10":"tag-eu","11":"tag-europe","12":"tag-fr","13":"tag-france","14":"tag-news","15":"tag-normandie","16":"tag-republique-francaise","17":"tag-rouen"},"share_on_mastodon":{"url":"https:\/\/pubeurope.com\/@fr\/115277751134634526","error":""},"_links":{"self":[{"href":"https:\/\/www.europesays.com\/fr\/wp-json\/wp\/v2\/posts\/422031","targetHints":{"allow":["GET"]}}],"collection":[{"href":"https:\/\/www.europesays.com\/fr\/wp-json\/wp\/v2\/posts"}],"about":[{"href":"https:\/\/www.europesays.com\/fr\/wp-json\/wp\/v2\/types\/post"}],"author":[{"embeddable":true,"href":"https:\/\/www.europesays.com\/fr\/wp-json\/wp\/v2\/users\/2"}],"replies":[{"embeddable":true,"href":"https:\/\/www.europesays.com\/fr\/wp-json\/wp\/v2\/comments?post=422031"}],"version-history":[{"count":0,"href":"https:\/\/www.europesays.com\/fr\/wp-json\/wp\/v2\/posts\/422031\/revisions"}],"wp:featuredmedia":[{"embeddable":true,"href":"https:\/\/www.europesays.com\/fr\/wp-json\/wp\/v2\/media\/422032"}],"wp:attachment":[{"href":"https:\/\/www.europesays.com\/fr\/wp-json\/wp\/v2\/media?parent=422031"}],"wp:term":[{"taxonomy":"category","embeddable":true,"href":"https:\/\/www.europesays.com\/fr\/wp-json\/wp\/v2\/categories?post=422031"},{"taxonomy":"post_tag","embeddable":true,"href":"https:\/\/www.europesays.com\/fr\/wp-json\/wp\/v2\/tags?post=422031"}],"curies":[{"name":"wp","href":"https:\/\/api.w.org\/{rel}","templated":true}]}}