{"id":422037,"date":"2025-09-27T18:49:57","date_gmt":"2025-09-27T18:49:57","guid":{"rendered":"https:\/\/www.europesays.com\/fr\/422037\/"},"modified":"2025-09-27T18:49:57","modified_gmt":"2025-09-27T18:49:57","slug":"au-courage-et-a-dix-contre-onze-le-sc-bastia-ramene-un-point-de-grenoble","status":"publish","type":"post","link":"https:\/\/www.europesays.com\/fr\/422037\/","title":{"rendered":"au courage et \u00e0 dix contre onze, le SC Bastia ram\u00e8ne un point de Grenoble"},"content":{"rendered":"<p>Un malheur n&rsquo;arrive jamais seul. Cela s&rsquo;est confirm\u00e9 hier au Stade des Alpes. Alors que le Sporting tenait le match par le bon bout, avait m\u00eame heurt\u00e9 le poteau sur une frappe d&rsquo;Aiki (23&prime;), voil\u00e0 que la partie bascule.<\/p>\n<p>\u00c0 la 40e minute, S\u00e9bas, lanc\u00e9 comme une fus\u00e9e dans la surface adverse, se jette sur le ballon mais est devanc\u00e9 par la sortie de Diop, le portier du GF38. Bilan des d\u00e9g\u00e2ts, un carton rouge pour l&rsquo;attaquant bastiais et deux dents en moins pour le gardien de but.<\/p>\n<p>D\u00e9cid\u00e9ment, rien ne sera \u00e9pargn\u00e9 au Sporting cette saison.<\/p>\n<p>Tenir co\u00fbte que co\u00fbte<\/p>\n<p>Et pourtant, que ces 40 premi\u00e8res minutes semblaient prometteuses. Apr\u00e8s la d\u00e9b\u00e2cle de Rodez mardi, Beno\u00eet Tavenot avait d\u00e9cid\u00e9 de r\u00e9it\u00e9rer le syst\u00e8me employ\u00e9 \u00e0 Montpellier avec cinq d\u00e9fenseurs au coup d&rsquo;envoi et des consignes claires\u00a0: se projeter le plus vite possible vers l&rsquo;avant. Qu&rsquo;aurait donn\u00e9 cette tactique pendant 90 minutes, on ne le saura jamais, et cela est bien frustrant.<\/p>\n<p>Mais les plans changent \u00e0 la pause.<\/p>\n<p>\u00c0 dix contre onze, l&rsquo;entra\u00eeneur bastiais est contraint de faire \u00e9voluer son sch\u00e9ma. Guevara remplace Aiki, permettant \u00e0 Ariss de monter d&rsquo;un cran et de laisser Boutrah seul en pointe se d\u00e9brouiller. D\u00e9sormais c&rsquo;est cla&#8230;<\/p>\n","protected":false},"excerpt":{"rendered":"Un malheur n&rsquo;arrive jamais seul. Cela s&rsquo;est confirm\u00e9 hier au Stade des Alpes. Alors que le Sporting tenait&hellip;\n","protected":false},"author":2,"featured_media":422038,"comment_status":"","ping_status":"","sticky":false,"template":"","format":"standard","meta":{"footnotes":""},"categories":[9566],"tags":[17,1111,11,2430,5621,1444,12727,7365,1777,674,1011,27,2731,3022,12,42213,55124,25,60],"class_list":{"0":"post-422037","1":"post","2":"type-post","3":"status-publish","4":"format-standard","5":"has-post-thumbnail","7":"category-grenoble","8":"tag-17","9":"tag-actu","10":"tag-actualites","11":"tag-auvergne-rhone-alpes","12":"tag-bastia","13":"tag-contre","14":"tag-courage","15":"tag-dix","16":"tag-eu","17":"tag-europe","18":"tag-fr","19":"tag-france","20":"tag-grenoble","21":"tag-ligue","22":"tag-news","23":"tag-onze","24":"tag-ramene","25":"tag-republique-francaise","26":"tag-sports"},"share_on_mastodon":{"url":"https:\/\/pubeurope.com\/@fr\/115277766521353462","error":""},"_links":{"self":[{"href":"https:\/\/www.europesays.com\/fr\/wp-json\/wp\/v2\/posts\/422037","targetHints":{"allow":["GET"]}}],"collection":[{"href":"https:\/\/www.europesays.com\/fr\/wp-json\/wp\/v2\/posts"}],"about":[{"href":"https:\/\/www.europesays.com\/fr\/wp-json\/wp\/v2\/types\/post"}],"author":[{"embeddable":true,"href":"https:\/\/www.europesays.com\/fr\/wp-json\/wp\/v2\/users\/2"}],"replies":[{"embeddable":true,"href":"https:\/\/www.europesays.com\/fr\/wp-json\/wp\/v2\/comments?post=422037"}],"version-history":[{"count":0,"href":"https:\/\/www.europesays.com\/fr\/wp-json\/wp\/v2\/posts\/422037\/revisions"}],"wp:featuredmedia":[{"embeddable":true,"href":"https:\/\/www.europesays.com\/fr\/wp-json\/wp\/v2\/media\/422038"}],"wp:attachment":[{"href":"https:\/\/www.europesays.com\/fr\/wp-json\/wp\/v2\/media?parent=422037"}],"wp:term":[{"taxonomy":"category","embeddable":true,"href":"https:\/\/www.europesays.com\/fr\/wp-json\/wp\/v2\/categories?post=422037"},{"taxonomy":"post_tag","embeddable":true,"href":"https:\/\/www.europesays.com\/fr\/wp-json\/wp\/v2\/tags?post=422037"}],"curies":[{"name":"wp","href":"https:\/\/api.w.org\/{rel}","templated":true}]}}