{"id":422045,"date":"2025-09-27T18:54:12","date_gmt":"2025-09-27T18:54:12","guid":{"rendered":"https:\/\/www.europesays.com\/fr\/422045\/"},"modified":"2025-09-27T18:54:12","modified_gmt":"2025-09-27T18:54:12","slug":"le-dfco-accroche-a-strasbourg","status":"publish","type":"post","link":"https:\/\/www.europesays.com\/fr\/422045\/","title":{"rendered":"le DFCO accroch\u00e9 \u00e0 Strasbourg"},"content":{"rendered":"<p>\u00c0 Strasbourg, le DFCO conserve sa s\u00e9rie d\u2019invincibilit\u00e9 \u00e0 l\u2019ext\u00e9rieur (2-2). Apr\u00e8s une entame \u00e0 l\u2019avantage des locaux, les Dijonnais ouvrent le score sur un coup franc repris de la t\u00eate par D\u2019Elia (0-1, 9e ).<\/p>\n<p>Strasbourg, dominateur, \u00e9galise sur coup franc direct (1-1, 28e ) avant que le DFCO ne reprenne l\u2019avantage sur un penalty de Dong (1-2, 40e ).<\/p>\n<p>Les visiteurs souffrent apr\u00e8s la pause et, malgr\u00e9 une belle r\u00e9sistance, conc\u00e8dent l\u2019\u00e9galisation en fin de match (2-2, 81e ).<\/p>\n<p class=\"note\">\u25b6 \u2002 Buts pour le Dijon FCO\u00a0: D\u2019Elia (9), Dong (40 s.p.).<\/p>\n","protected":false},"excerpt":{"rendered":"\u00c0 Strasbourg, le DFCO conserve sa s\u00e9rie d\u2019invincibilit\u00e9 \u00e0 l\u2019ext\u00e9rieur (2-2). Apr\u00e8s une entame \u00e0 l\u2019avantage des locaux,&hellip;\n","protected":false},"author":2,"featured_media":422046,"comment_status":"","ping_status":"","sticky":false,"template":"","format":"standard","meta":{"footnotes":""},"categories":[2820],"tags":[1111,11,2930,8587,8588,1777,674,107,63,1011,27,775,12,25,517,640],"class_list":{"0":"post-422045","1":"post","2":"type-post","3":"status-publish","4":"format-standard","5":"has-post-thumbnail","7":"category-strasbourg","8":"tag-actu","9":"tag-actualites","10":"tag-dijon","11":"tag-dijon-ville","12":"tag-edition-dijon-et-son-agglomeration","13":"tag-eu","14":"tag-europe","15":"tag-fil-info","16":"tag-football","17":"tag-fr","18":"tag-france","19":"tag-grand-est","20":"tag-news","21":"tag-republique-francaise","22":"tag-sport","23":"tag-strasbourg"},"share_on_mastodon":{"url":"https:\/\/pubeurope.com\/@fr\/115277782293194599","error":""},"_links":{"self":[{"href":"https:\/\/www.europesays.com\/fr\/wp-json\/wp\/v2\/posts\/422045","targetHints":{"allow":["GET"]}}],"collection":[{"href":"https:\/\/www.europesays.com\/fr\/wp-json\/wp\/v2\/posts"}],"about":[{"href":"https:\/\/www.europesays.com\/fr\/wp-json\/wp\/v2\/types\/post"}],"author":[{"embeddable":true,"href":"https:\/\/www.europesays.com\/fr\/wp-json\/wp\/v2\/users\/2"}],"replies":[{"embeddable":true,"href":"https:\/\/www.europesays.com\/fr\/wp-json\/wp\/v2\/comments?post=422045"}],"version-history":[{"count":0,"href":"https:\/\/www.europesays.com\/fr\/wp-json\/wp\/v2\/posts\/422045\/revisions"}],"wp:featuredmedia":[{"embeddable":true,"href":"https:\/\/www.europesays.com\/fr\/wp-json\/wp\/v2\/media\/422046"}],"wp:attachment":[{"href":"https:\/\/www.europesays.com\/fr\/wp-json\/wp\/v2\/media?parent=422045"}],"wp:term":[{"taxonomy":"category","embeddable":true,"href":"https:\/\/www.europesays.com\/fr\/wp-json\/wp\/v2\/categories?post=422045"},{"taxonomy":"post_tag","embeddable":true,"href":"https:\/\/www.europesays.com\/fr\/wp-json\/wp\/v2\/tags?post=422045"}],"curies":[{"name":"wp","href":"https:\/\/api.w.org\/{rel}","templated":true}]}}