{"id":422051,"date":"2025-09-27T18:57:13","date_gmt":"2025-09-27T18:57:13","guid":{"rendered":"https:\/\/www.europesays.com\/fr\/422051\/"},"modified":"2025-09-27T18:57:13","modified_gmt":"2025-09-27T18:57:13","slug":"un-homme-de-20-ans-grievement-blesse-apres-un-accident-de-motocross-en-vendee","status":"publish","type":"post","link":"https:\/\/www.europesays.com\/fr\/422051\/","title":{"rendered":"Un homme de 20\u00a0ans gri\u00e8vement bless\u00e9 apr\u00e8s un accident de motocross en Vend\u00e9e"},"content":{"rendered":"<tr wp_automatic_readability=\"5.8783783783784\">\n<td valign=\"middle\" align=\"center\" class=\"col-logo\" wp_automatic_readability=\"5\">\n    <img decoding=\"async\" src=\"https:\/\/maville.com\/design\/images\/logo-of-monetise.svg?version=20130627\" alt=\"logo Ouest-France\" height=\"66\"\/><\/p>\n<p>Contenu r\u00e9serv\u00e9 aux abonn\u00e9s<\/p>\n<\/td>\n<td class=\"col-titre\">\n\t\t\tSamedi 27 septembre 2025 19:38<br \/>\n\t\t\t<a class=\"icon-bulle sizeL count\" href=\"#ancreAvis\"><br \/>\n\t&#8230;<br \/>\n<\/a><\/td>\n<\/tr>\n<p>\t\t<a class=\"mavillebox2 elmt-photo\" href=\"https:\/\/maville.com\/photosmvi\/2025\/09\/27\/P35489865D6996268G.jpg\" title=\" Un jeune homme de 20\u00a0ans a \u00e9t\u00e9 victime d\u2019une chute au guidon de sa motocross et a \u00e9t\u00e9 gravement bless\u00e9 ce samedi 27\u00a0septembre, \u00e0 Apremont.  \u00a9  archives  &lt;!--TAG-BLC credit--&gt;\" rel=\"galerie_actu noopener\" target=\"_blank\"><br \/>\n\t<img decoding=\"async\" src=\"https:\/\/www.europesays.com\/fr\/wp-content\/uploads\/2025\/09\/P35489865D6996268G_crop_640-330_.jpg\" alt=\"photo  un jeune homme de 20\u00a0ans a \u00e9t\u00e9 victime d\u2019une chute au guidon de sa motocross et a \u00e9t\u00e9 gravement bless\u00e9 ce samedi 27\u00a0septembre, \u00e0 apremont.  \u00a9  archives \"\/><br \/>\n\t1<br \/>\n<\/a><\/p>\n<p class=\"elmt-legende\"> Un jeune homme de 20\u00a0ans a \u00e9t\u00e9 victime d\u2019une chute au guidon de sa motocross et a \u00e9t\u00e9 gravement bless\u00e9 ce samedi 27\u00a0septembre, \u00e0 Apremont.  \u00a9  archives  <\/p>\n<p>\t\tCe samedi 27\u00a0septembre 2025, les sapeurs-pompiers sont intervenus pour un accident de motocross survenu \u00e0 Apremont, en Vend\u00e9e. Un jeune homme de 20\u00a0ans a \u00e9t\u00e9 victime d\u2019une chute au guidon de son v\u00e9hicule lors d\u2019un entra\u00eenement libre et a \u00e9t\u00e9 gri\u00e8vement bless\u00e9. Il a \u00e9t\u00e9 transf\u00e9r\u00e9 vers le centre hospitalier universitaire (CHU) de Nantes.<\/p>\n<p><b>Cet article est r\u00e9serv\u00e9 aux abonn\u00e9s<\/b><\/p>\n<p>Pour un acc\u00e8s imm\u00e9diat, abonnez-vous<\/p>\n<p><b>1\u00e8re semaine offerte<\/b><\/p>\n<p>\t\t Pierre BARBOTEAU. \u00a0\u00a0<br \/>\n\t\tOuest-France<\/p>\n<p>Retrouvez d&rsquo;autres actus sur les communes de :<\/p>\n<p>\t\t&#13;<\/p>\n","protected":false},"excerpt":{"rendered":"Contenu r\u00e9serv\u00e9 aux abonn\u00e9s Samedi 27 septembre 2025 19:38 &#8230; 1 Un jeune homme de 20\u00a0ans a \u00e9t\u00e9&hellip;\n","protected":false},"author":2,"featured_media":422052,"comment_status":"","ping_status":"","sticky":false,"template":"","format":"standard","meta":{"footnotes":""},"categories":[2818],"tags":[4307,119,1111,11,1764,3916,1777,674,1011,27,3915,4933,7841,766,12,2636,25,2546],"class_list":{"0":"post-422051","1":"post","2":"type-post","3":"status-publish","4":"format-standard","5":"has-post-thumbnail","7":"category-nantes","8":"tag-4307","9":"tag-accident","10":"tag-actu","11":"tag-actualites","12":"tag-ans","13":"tag-blesse","14":"tag-eu","15":"tag-europe","16":"tag-fr","17":"tag-france","18":"tag-grievement","19":"tag-homme","20":"tag-motocross","21":"tag-nantes","22":"tag-news","23":"tag-pays-de-la-loire","24":"tag-republique-francaise","25":"tag-vendee"},"share_on_mastodon":{"url":"https:\/\/pubeurope.com\/@fr\/115277794642977091","error":""},"_links":{"self":[{"href":"https:\/\/www.europesays.com\/fr\/wp-json\/wp\/v2\/posts\/422051","targetHints":{"allow":["GET"]}}],"collection":[{"href":"https:\/\/www.europesays.com\/fr\/wp-json\/wp\/v2\/posts"}],"about":[{"href":"https:\/\/www.europesays.com\/fr\/wp-json\/wp\/v2\/types\/post"}],"author":[{"embeddable":true,"href":"https:\/\/www.europesays.com\/fr\/wp-json\/wp\/v2\/users\/2"}],"replies":[{"embeddable":true,"href":"https:\/\/www.europesays.com\/fr\/wp-json\/wp\/v2\/comments?post=422051"}],"version-history":[{"count":0,"href":"https:\/\/www.europesays.com\/fr\/wp-json\/wp\/v2\/posts\/422051\/revisions"}],"wp:featuredmedia":[{"embeddable":true,"href":"https:\/\/www.europesays.com\/fr\/wp-json\/wp\/v2\/media\/422052"}],"wp:attachment":[{"href":"https:\/\/www.europesays.com\/fr\/wp-json\/wp\/v2\/media?parent=422051"}],"wp:term":[{"taxonomy":"category","embeddable":true,"href":"https:\/\/www.europesays.com\/fr\/wp-json\/wp\/v2\/categories?post=422051"},{"taxonomy":"post_tag","embeddable":true,"href":"https:\/\/www.europesays.com\/fr\/wp-json\/wp\/v2\/tags?post=422051"}],"curies":[{"name":"wp","href":"https:\/\/api.w.org\/{rel}","templated":true}]}}