{"id":422055,"date":"2025-09-27T18:59:10","date_gmt":"2025-09-27T18:59:10","guid":{"rendered":"https:\/\/www.europesays.com\/fr\/422055\/"},"modified":"2025-09-27T18:59:10","modified_gmt":"2025-09-27T18:59:10","slug":"le-glob-theatre-devoile-une-saison-25-26-majoritaire-en-creations-et-deploie-ses-festivals-thematiques-dans-toute-la-ville","status":"publish","type":"post","link":"https:\/\/www.europesays.com\/fr\/422055\/","title":{"rendered":"le Glob Th\u00e9\u00e2tre d\u00e9voile une saison 25-26 majoritaire en cr\u00e9ations et d\u00e9ploie ses festivals th\u00e9matiques dans toute la ville !"},"content":{"rendered":"<p>le GLOB et son Directeur Yoann Lavabre r\u00e9affirme sa volont\u00e9 de \u00ab\u00a0r\u00e9fl\u00e9chir le monde\u00a0\u00bb \u00e0 travers une nouvelle saison 2025-2026 ambitieuse. Les festivals CULTIVONS NOS SINGULARIT\u00c9S et CULTIVONS NOTRE MATRIMOINE sont ainsi reconduits pour une deuxi\u00e8me \u00e9dition et prendront de l\u2019ampleur avec de nouveaux lieux partenaires comme l\u2019Op\u00e9ra ou encore le TNBA et la Manufacture CDCN. Plus de la moiti\u00e9 des spectacles programm\u00e9s cette saison sont des cr\u00e9ations, avec notamment les nouveaux spectacles tr\u00e8s attendus du <strong>collectif Denisyak<\/strong> et de l\u2019autrice fran\u00e7aise <strong>Marie Ndiaye<\/strong>. Cette rentr\u00e9e est \u00e9galement marqu\u00e9e par le renouvellement du label Sc\u00e8ne conventionn\u00e9e d\u2019int\u00e9r\u00eat national art et cr\u00e9ation pour les 4 prochaines ann\u00e9es. UNE SAISON RICHE EN CR\u00c9ATIONS<\/p>\n<p>Cette saison 2025-2026, le GLOB Th\u00e9\u00e2tre propose 40 \u00e9v\u00e8nements dont 25 spectacles au GLOB et 5 hors les murs, 2 tables ronde, 1 lecture, 1 cin\u00e9 concert, 2 films documentaires et 4 r\u00e9sidences de cr\u00e9ation, ainsi que 3 salons d\u2019\u00e9coutes. Il accueillera 37 compagnies, dont 23 r\u00e9gionales, 12 nationales et 2 internationales, au sein d\u2019une programmation pluridisciplinaire (th\u00e9\u00e2tre, danse, marionnettes, spectacles jeune public&#8230;), \u00e0 la fois exigeante et accessible \u00e0 tou\u00b7tesne reconnaissance du travail men\u00e9 par le GLOB ces derni\u00e8res ann\u00e9es. Parmi elles, la derni\u00e8re cr\u00e9ation de Solenn Denis et Le Denisyak,<strong> B\u00c9B\u00c9 ET DOUDO<\/strong>U, qui abordera l\u2019emprise et les violences faites aux femmes (du 4 au 6 mars \u2013 r\u00e9sidence en d\u00e9cembre). \u00c9galement, une cr\u00e9ation dans le cadre du festival litt\u00e9raire LES ESCALES DU LIVRE\u00a0: <strong>MA CH\u00c9RIE<\/strong>, par Marie Ndiaye qui lira \u00e9galement un texte in\u00e9dit, accompagn\u00e9e par la musique organique de Christine Wodrascka. <strong>PAPILLONS<\/strong>, la premi\u00e8re cr\u00e9ation \u00e0 destination d\u2019un public adulte.<\/p>\n<p><strong>Quelques-uns de nos \u00ab\u00a0Coups de c\u0153ur\u00a0\u00bb<\/strong>.  Des talents r\u00e9gionaux comme internationaux\u00a0: l\u2019artiste libanaise <strong>Hiba Najem<\/strong>, qui n\u2019avait pu pr\u00e9senter son spectacle <strong>CHAUSSONS AUX TOMATES<\/strong> la saison pass\u00e9e en raison de la situation tragique au Liban, le talentueux collectif r\u00e9gional <strong>OS\u2019O<\/strong> avec <strong>CAVERNE<\/strong>, le metteur en sc\u00e8ne bordelais <strong>Julien Duval<\/strong> avec <strong>PETIT QUELQU\u2019UN<\/strong> ou encore Aurore Evain, grande sp\u00e9cialiste du matrimoine qui pr\u00e9sentera <strong>LAODAMIE<\/strong>, Reine d\u2019Epire, premi\u00e8re trag\u00e9die \u00e9crite par une femme \u00e0 avoir jou\u00e9 \u00e0 la Com\u00e9die Fran\u00e7aise en 1689.<strong> ASSEZ DE BLABLABLA Jean-Philippe Ibos<\/strong> Atelier de M\u00e9canique G\u00e9n\u00e9rale Contemporaine (Nouvelle Aquitaine) &#8230; et \u00e0 suivre \u2026<\/p>\n<p> <strong>Sc\u00e8ne conventionn\u00e9e d\u2019int\u00e9r\u00eat national Art et Cr\u00e9ation GLOB THEATRE                                                         69 rue Jos\u00e9phine, Bordeaux      T\u00e9l\u00a0: 05-56-69-06-66                                                                                                      Brochure \u00e0 disposition au th\u00e9\u00e2tre et tous renseignements \u2026<\/strong> <\/p>\n","protected":false},"excerpt":{"rendered":"le GLOB et son Directeur Yoann Lavabre r\u00e9affirme sa volont\u00e9 de \u00ab\u00a0r\u00e9fl\u00e9chir le monde\u00a0\u00bb \u00e0 travers une nouvelle&hellip;\n","protected":false},"author":2,"featured_media":422056,"comment_status":"","ping_status":"","sticky":false,"template":"","format":"standard","meta":{"footnotes":""},"categories":[2817],"tags":[1111,11,1997,1777,674,1011,27,12,2219,25],"class_list":{"0":"post-422055","1":"post","2":"type-post","3":"status-publish","4":"format-standard","5":"has-post-thumbnail","7":"category-bordeaux","8":"tag-actu","9":"tag-actualites","10":"tag-bordeaux","11":"tag-eu","12":"tag-europe","13":"tag-fr","14":"tag-france","15":"tag-news","16":"tag-nouvelle-aquitaine","17":"tag-republique-francaise"},"share_on_mastodon":{"url":"https:\/\/pubeurope.com\/@fr\/115277802053809825","error":""},"_links":{"self":[{"href":"https:\/\/www.europesays.com\/fr\/wp-json\/wp\/v2\/posts\/422055","targetHints":{"allow":["GET"]}}],"collection":[{"href":"https:\/\/www.europesays.com\/fr\/wp-json\/wp\/v2\/posts"}],"about":[{"href":"https:\/\/www.europesays.com\/fr\/wp-json\/wp\/v2\/types\/post"}],"author":[{"embeddable":true,"href":"https:\/\/www.europesays.com\/fr\/wp-json\/wp\/v2\/users\/2"}],"replies":[{"embeddable":true,"href":"https:\/\/www.europesays.com\/fr\/wp-json\/wp\/v2\/comments?post=422055"}],"version-history":[{"count":0,"href":"https:\/\/www.europesays.com\/fr\/wp-json\/wp\/v2\/posts\/422055\/revisions"}],"wp:featuredmedia":[{"embeddable":true,"href":"https:\/\/www.europesays.com\/fr\/wp-json\/wp\/v2\/media\/422056"}],"wp:attachment":[{"href":"https:\/\/www.europesays.com\/fr\/wp-json\/wp\/v2\/media?parent=422055"}],"wp:term":[{"taxonomy":"category","embeddable":true,"href":"https:\/\/www.europesays.com\/fr\/wp-json\/wp\/v2\/categories?post=422055"},{"taxonomy":"post_tag","embeddable":true,"href":"https:\/\/www.europesays.com\/fr\/wp-json\/wp\/v2\/tags?post=422055"}],"curies":[{"name":"wp","href":"https:\/\/api.w.org\/{rel}","templated":true}]}}