{"id":422057,"date":"2025-09-27T19:00:12","date_gmt":"2025-09-27T19:00:12","guid":{"rendered":"https:\/\/www.europesays.com\/fr\/422057\/"},"modified":"2025-09-27T19:00:12","modified_gmt":"2025-09-27T19:00:12","slug":"le-conducteur-dun-camion-interpelle-et-defere","status":"publish","type":"post","link":"https:\/\/www.europesays.com\/fr\/422057\/","title":{"rendered":"le conducteur d\u2019un camion interpell\u00e9 et d\u00e9f\u00e9r\u00e9"},"content":{"rendered":"<p>Lundi 22\u00a0septembre, <a href=\"https:\/\/www.sudouest.fr\/faits-divers\/cycliste-tue-pres-de-bordeaux-la-victime-etait-agent-d-entretien-et-se-rendait-a-son-travail-quand-elle-a-ete-fauchee-26058394.php\" rel=\"nofollow noopener\" target=\"_blank\">un cycliste a \u00e9t\u00e9 tu\u00e9 sur la route, au Haillan, au petit matin<\/a>, au niveau du rond-point entre l\u2019avenue de Magudas et la rue Caroline-Aigle.<\/p>\n<p>Il s\u2019agissait d\u2019un habitant d\u2019Eysines, \u00e2g\u00e9 de 55\u00a0ans, agent d\u2019entretien, qui se rendait \u00e0 son travail quand il a \u00e9t\u00e9 percut\u00e9 par un v\u00e9hicule\u00a0dont le conducteur ne s\u2019est pas arr\u00eat\u00e9.<\/p>\n<p>C\u2019est un automobiliste qui a donn\u00e9 l\u2019alerte apr\u00e8s avoir d\u00e9couvert le v\u00e9lo en bordure de route. Lorsque les policiers sont arriv\u00e9s sur les lieux, \u00e0\u00a04\u00a0h\u00a030 du matin, ils ont trouv\u00e9 le corps \u00e0 pr\u00e8s d\u2019un kilom\u00e8tre de l\u00e0, vraisemblablement tra\u00een\u00e9.<\/p>\n<p>Un travail de fourmi<\/p>\n<p>Les investigations confi\u00e9es aux enqu\u00eateurs du groupe d\u2019appui judiciaire du Service local de police judiciaire (SLPJ) de la division ouest \u00e0 M\u00e9rignac ont permis de confondre l\u2019auteur des faits.<\/p>\n<p>Il s\u2019agit d\u2019un chauffeur de camion porte-char de Lormont, \u00e2g\u00e9 de 28\u00a0ans. Interpell\u00e9 ce jeudi 25\u00a0septembre, il a \u00e9t\u00e9 plac\u00e9 en garde \u00e0 vue. D\u00e9f\u00e9r\u00e9 ce samedi devant un magistrat du parquet de Bordeaux qui devait ouvrir une information du chef d\u2019homicide routier, selon la nouvelle loi du 9\u00a0juillet 2025, il devait \u00eatre mis en examen.<\/p>\n<p>Les policiers ont r\u00e9alis\u00e9 un travail de fourmi pour remonter jusqu\u2019\u00e0 lui. Ils ont notamment frapp\u00e9 \u00e0 la porte de toutes les entreprises du secteur et exploit\u00e9 les images de vid\u00e9oprotection.<\/p>\n<p>Le conducteur du camion a d\u00e9j\u00e0 \u00e9t\u00e9 condamn\u00e9 pour des d\u00e9lits routiers et l\u2019avait cach\u00e9 \u00e0 son employeur.<\/p>\n","protected":false},"excerpt":{"rendered":"Lundi 22\u00a0septembre, un cycliste a \u00e9t\u00e9 tu\u00e9 sur la route, au Haillan, au petit matin, au niveau du&hellip;\n","protected":false},"author":2,"featured_media":422058,"comment_status":"","ping_status":"","sticky":false,"template":"","format":"standard","meta":{"footnotes":""},"categories":[2817],"tags":[1111,11,1997,1777,674,1011,27,12,2219,25],"class_list":{"0":"post-422057","1":"post","2":"type-post","3":"status-publish","4":"format-standard","5":"has-post-thumbnail","7":"category-bordeaux","8":"tag-actu","9":"tag-actualites","10":"tag-bordeaux","11":"tag-eu","12":"tag-europe","13":"tag-fr","14":"tag-france","15":"tag-news","16":"tag-nouvelle-aquitaine","17":"tag-republique-francaise"},"share_on_mastodon":{"url":"https:\/\/pubeurope.com\/@fr\/115277805840715259","error":""},"_links":{"self":[{"href":"https:\/\/www.europesays.com\/fr\/wp-json\/wp\/v2\/posts\/422057","targetHints":{"allow":["GET"]}}],"collection":[{"href":"https:\/\/www.europesays.com\/fr\/wp-json\/wp\/v2\/posts"}],"about":[{"href":"https:\/\/www.europesays.com\/fr\/wp-json\/wp\/v2\/types\/post"}],"author":[{"embeddable":true,"href":"https:\/\/www.europesays.com\/fr\/wp-json\/wp\/v2\/users\/2"}],"replies":[{"embeddable":true,"href":"https:\/\/www.europesays.com\/fr\/wp-json\/wp\/v2\/comments?post=422057"}],"version-history":[{"count":0,"href":"https:\/\/www.europesays.com\/fr\/wp-json\/wp\/v2\/posts\/422057\/revisions"}],"wp:featuredmedia":[{"embeddable":true,"href":"https:\/\/www.europesays.com\/fr\/wp-json\/wp\/v2\/media\/422058"}],"wp:attachment":[{"href":"https:\/\/www.europesays.com\/fr\/wp-json\/wp\/v2\/media?parent=422057"}],"wp:term":[{"taxonomy":"category","embeddable":true,"href":"https:\/\/www.europesays.com\/fr\/wp-json\/wp\/v2\/categories?post=422057"},{"taxonomy":"post_tag","embeddable":true,"href":"https:\/\/www.europesays.com\/fr\/wp-json\/wp\/v2\/tags?post=422057"}],"curies":[{"name":"wp","href":"https:\/\/api.w.org\/{rel}","templated":true}]}}