{"id":42207,"date":"2025-04-21T19:20:11","date_gmt":"2025-04-21T19:20:11","guid":{"rendered":"https:\/\/www.europesays.com\/fr\/42207\/"},"modified":"2025-04-21T19:20:11","modified_gmt":"2025-04-21T19:20:11","slug":"au-zenith-de-toulouse-les-metiers-de-lombre-sexposent-en-pleine-lumiere","status":"publish","type":"post","link":"https:\/\/www.europesays.com\/fr\/42207\/","title":{"rendered":"Au Z\u00e9nith de Toulouse, les m\u00e9tiers de l\u2019ombre s&rsquo;exposent en pleine lumi\u00e8re"},"content":{"rendered":"<p>Ils sont rigger, \u00e9clairagiste, agent de s\u00e9curit\u00e9 ou technicien de maintenance&#8230; Invisibles du public mais pourtant indispensables pour que le spectacle ait lieu. Cette ann\u00e9e, le Z\u00e9nith de Toulouse leur consacre une exposition photographique. \u00ab\u00a0Derri\u00e8re une seule star, il y a 150 personnes qui travaillent dans l\u2019ombre\u00a0!\u00a0\u00bb, souligne H\u00e9l\u00e8ne Ressayres, l\u2019artiste exposante. \u00c0 travers treize portraits en clair-obscur et format XXL (jusqu\u2019\u00e0 2,25 m x 1,5 m\u00a0!), elle r\u00e9v\u00e8le de mani\u00e8re originale ces m\u00e9tiers m\u00e9connus, comme le road\u00a0: proche d\u2019un agent logistique, il se charge du montage et d\u00e9montage des d\u00e9cors.<\/p>\n<p>S\u00e9lectionn\u00e9e parmi une trentaine de candidats, la photographe toulousaine a propos\u00e9 une approche aussi artistique que documentaire. \u00ab\u00a0Chaque sujet pose sur sc\u00e8ne, devant un rideau noir, au sommet d\u2019un \u2019tas\u2019 ou de quelque chose qui repr\u00e9sente sa fonction\u00a0\u00bb, explique-t-elle. Une montagne de packs d\u2019eau pour la runneuse Ga\u00eblle, un amas de marmites pour Martine, responsable du catering&#8230; Quant \u00e0 Charlie, technicien du son, il tr\u00f4ne fi\u00e8rement sur une enceinte g\u00e9ante (sur la photo). <br class=\"autobr\"\/><br \/>\nPas d\u2019intelligence artificielle ni de studio ultra-technique ici. H\u00e9l\u00e8ne Ressayres revendique une m\u00e9thode \u00ab\u00a0artisanale\u00a0\u00bb\u00a0: \u00ab\u00a0C\u2019\u00e9tait parfois physique et compliqu\u00e9 de trouver les objets, mais vraiment g\u00e9nial\u00a0\u00bb, se souvient-elle.<\/p>\n<p>Singuliers entractes<\/p>\n<p>Au-del\u00e0 de l\u2019esth\u00e9tique, la d\u00e9marche s\u2019av\u00e8re profond\u00e9ment humaine. Chaque portrait s\u2019accompagne d\u2019une l\u00e9gende didactique, compos\u00e9e d\u2019une explication du m\u00e9tier et d\u2019une citation, \u00ab\u00a0pour mettre en valeur \u00e0 la fois la fonction et la personnalit\u00e9 de celui ou celle qui l\u2019exerce\u00a0\u00bb, explique la photographe. <br class=\"autobr\"\/><br \/>\nLe projet s\u2019inscrit une s\u00e9rie d\u2019expositions annuelles initi\u00e9e en 2021, avec chaque ann\u00e9e un nouveau th\u00e8me et un nouveau regard\u00a0: \u00ab\u00a0En 2023, elle \u00e9tait consacr\u00e9e au \u00e9motions du public et l\u2019an dernier, aux fans de musique. Chaque ann\u00e9e, dans le cadre de sa d\u00e9l\u00e9gation de service public, le Z\u00e9nith consacre une partie de son chiffre d\u2019affaires au financement d\u2019op\u00e9rations culturelles\u00a0\u00bb, pr\u00e9cise Annabelle Cr\u00e9ton, responsable communication de la salle de spectacle.<\/p>\n<p>\u00ab\u00a0Entractes singuliers\u00a0\u00bb a \u00e9t\u00e9 inaugur\u00e9 le16\u00a0avril dernier. Les photos resteront expos\u00e9es pendant un an, une immense fiert\u00e9 pour l\u2019artiste et une reconnaissance pour les mod\u00e8les&#8230; qui ont quand m\u00eame un peu la pression\u00a0: \u00ab\u00a0Imaginez votre portrait g\u00e9ant \u00e0 l\u2019entr\u00e9e d\u2019une salle aussi fr\u00e9quent\u00e9e, ce n\u2019est pas rien\u00a0!\u00a0\u00bb, remarque Annabelle Cr\u00e9ton. Ou comment rendre les invisibles inoubliables.<br class=\"autobr\"\/><br \/>\nMarie-Dominique Lacour<\/p>\n<p>Sur la photo\u00a0: Charlie, technicien du son, fait partie des 15 \u00ab\u00a0travailleurs de l\u2019ombre\u00a0\u00bb mis \u00e0 l\u2019honneur par le Z\u00e9nith de Toulouse, sous l\u2019objectif de la photographe H\u00e9l\u00e8ne Ressayres. Cr\u00e9dit H\u00e9l\u00e8ne Ressayres &#8211; ToulEmploi<\/p>\n","protected":false},"excerpt":{"rendered":"Ils sont rigger, \u00e9clairagiste, agent de s\u00e9curit\u00e9 ou technicien de maintenance&#8230; Invisibles du public mais pourtant indispensables pour&hellip;\n","protected":false},"author":2,"featured_media":42208,"comment_status":"","ping_status":"","sticky":false,"template":"","format":"standard","meta":{"footnotes":""},"categories":[2816],"tags":[1111,11,1282,251,341,1777,674,1011,27,12,2680,12826,25,2312,9738],"class_list":{"0":"post-42207","1":"post","2":"type-post","3":"status-publish","4":"format-standard","5":"has-post-thumbnail","7":"category-toulouse","8":"tag-actu","9":"tag-actualites","10":"tag-carriere","11":"tag-culture","12":"tag-emploi","13":"tag-eu","14":"tag-europe","15":"tag-fr","16":"tag-france","17":"tag-news","18":"tag-occitanie","19":"tag-orientation","20":"tag-republique-francaise","21":"tag-toulouse","22":"tag-zenith-de-toulouse"},"share_on_mastodon":{"url":"https:\/\/pubeurope.com\/@fr\/114377577145644530","error":""},"_links":{"self":[{"href":"https:\/\/www.europesays.com\/fr\/wp-json\/wp\/v2\/posts\/42207","targetHints":{"allow":["GET"]}}],"collection":[{"href":"https:\/\/www.europesays.com\/fr\/wp-json\/wp\/v2\/posts"}],"about":[{"href":"https:\/\/www.europesays.com\/fr\/wp-json\/wp\/v2\/types\/post"}],"author":[{"embeddable":true,"href":"https:\/\/www.europesays.com\/fr\/wp-json\/wp\/v2\/users\/2"}],"replies":[{"embeddable":true,"href":"https:\/\/www.europesays.com\/fr\/wp-json\/wp\/v2\/comments?post=42207"}],"version-history":[{"count":0,"href":"https:\/\/www.europesays.com\/fr\/wp-json\/wp\/v2\/posts\/42207\/revisions"}],"wp:featuredmedia":[{"embeddable":true,"href":"https:\/\/www.europesays.com\/fr\/wp-json\/wp\/v2\/media\/42208"}],"wp:attachment":[{"href":"https:\/\/www.europesays.com\/fr\/wp-json\/wp\/v2\/media?parent=42207"}],"wp:term":[{"taxonomy":"category","embeddable":true,"href":"https:\/\/www.europesays.com\/fr\/wp-json\/wp\/v2\/categories?post=42207"},{"taxonomy":"post_tag","embeddable":true,"href":"https:\/\/www.europesays.com\/fr\/wp-json\/wp\/v2\/tags?post=42207"}],"curies":[{"name":"wp","href":"https:\/\/api.w.org\/{rel}","templated":true}]}}