{"id":422076,"date":"2025-09-27T19:11:14","date_gmt":"2025-09-27T19:11:14","guid":{"rendered":"https:\/\/www.europesays.com\/fr\/422076\/"},"modified":"2025-09-27T19:11:14","modified_gmt":"2025-09-27T19:11:14","slug":"je-mattendais-a-tout-mais-pas-a-cela-reagit-nicolas-sarkozy-au-sujet-de-sa-condamnation-a-cinq-ans-de-prison-assortie-dune-execution-provisoire","status":"publish","type":"post","link":"https:\/\/www.europesays.com\/fr\/422076\/","title":{"rendered":"\u00ab\u00a0Je m&rsquo;attendais \u00e0 tout, mais pas \u00e0 cela\u00a0\u00bb, r\u00e9agit Nicolas Sarkozy au sujet de sa condamnation \u00e0 cinq ans de prison assortie d&rsquo;une ex\u00e9cution provisoire"},"content":{"rendered":"\n<p class=\"c-chapo \">\n  Dans une interview publi\u00e9e samedi par \u00ab\u00a0Le Journal du Dimanche\u00a0\u00bb, l&rsquo;ex-pr\u00e9sident de la R\u00e9publique r\u00e9cuse les accusations et assure qu&rsquo;il n&rsquo;abandonnera pas son \u00ab\u00a0combat\u00a0\u00bb judiciaire.\n<\/p>\n<p>            lire plus tard<\/p>\n<p id=\"dialog__title\" class=\"dialog__title\">Pour sauvegarder cet article, connectez-vous ou cr\u00e9ez un compte franceinfo<\/p>\n<p class=\"dialog__description\">Sans paiement. Sans abonnement.<\/p>\n<p>        Fermer la fen\u00eatre d\u2019activation des notifications France Info<\/p>\n<p>            cr\u00e9er votre compte<\/p>\n<p>            se connecter<\/p>\n<p>        Fermer la fen\u00eatre de pr\u00e9sentation<\/p>\n<p>    <img loading=\"lazy\" decoding=\"async\" class=\"signature__image lazyload\" width=\"100\" height=\"100\" data- alt=\"\" src=\"https:\/\/www.europesays.com\/fr\/wp-content\/uploads\/2025\/06\/64a55fd777de4_placeholder-36b69ec8.png\"\/><\/p>\n<p>    Publi\u00e9 le 27\/09\/2025 20:49<\/p>\n<p>        Temps de lecture : 1min<\/p>\n<p>    <img decoding=\"async\"  alt=\"L'ancien pr\u00e9sident de la R\u00e9publique, Nicolas Sarkozy, au Tribunal judiciaire de Paris, le 25 septembre 2025. (XOSE BOUZAS \/ HANS LUCAS \/ AFP)\" width=\"432\" height=\"243\" src=\"https:\/\/www.europesays.com\/fr\/wp-content\/uploads\/2025\/09\/080-hl-xbouzas-2897439-68d830ffd88d6470377011.jpg\" fetchpriority=\"high\"\/><\/p>\n<p>      L&rsquo;ancien pr\u00e9sident de la R\u00e9publique, Nicolas Sarkozy, au Tribunal judiciaire de Paris, le 25 septembre 2025. (XOSE BOUZAS \/ HANS LUCAS \/ AFP)<\/p>\n<p>Il continue de se dire \u00ab\u00a0innocent\u00a0\u00bb, et veut continuer le combat pour \u00eatre blanchi. L&rsquo;ex-pr\u00e9sident de la R\u00e9publique Nicolas Sarkozy a choisi de se confier au Journal du dimanche pour revenir <a href=\"https:\/\/www.franceinfo.fr\/politique\/affaire\/financement-de-la-campagne-de-sarkozy\/nicolas-sarkozy-condamne-a-cinq-ans-de-prison-dans-l-affaire-du-financement-libyen-de-sa-campagne-electorale-en-2007_7510897.html\" rel=\"nofollow noopener\" target=\"_blank\">sur sa condamnation<\/a>, jeudi 25 septembre, \u00e0 cinq ans de prison par le Tribunal correctionnel de Paris pour association de malfaiteurs dans l&rsquo;affaire du financement libyen de sa campagne de 2007. Dans cet entretien publi\u00e9 samedi, l&rsquo;ancien chef de l&rsquo;Etat explique se sentir \u00ab\u00a0serein\u00a0\u00bb, malgr\u00e9 l&rsquo;ex\u00e9cution provisoire de peine qui l&rsquo;enverra derri\u00e8re les barreaux cet automne, pour une dur\u00e9e encore inconnue, avant que l&rsquo;appel de cette d\u00e9cision ne soit jug\u00e9.<\/p>\n<p>\u00ab\u00a0Je m\u2019attendais \u00e0 tout, mais pas \u00e0 cela (&#8230;). C\u2019est all\u00e9 encore plus loin que ce que je pouvais imaginer. Toutes les limites de l&rsquo;\u00c9tat de droit ont \u00e9t\u00e9 viol\u00e9es\u00a0\u00bb, d\u00e9nonce-t-il, \u00e9voquant une sanction \u00ab\u00a0invraisemblable\u00a0\u00bb. Nicolas Sarkozy continue par ailleurs de questionner l&rsquo;authenticit\u00e9 du document r\u00e9v\u00e9l\u00e9 par le site Mediapart \u00e0 l&rsquo;origine de l&rsquo;affaire, et estime que l&rsquo;accusation est b\u00e2tie \u00ab\u00a0sur un faux\u00a0\u00bb. L&rsquo;ancien pr\u00e9sident accuse par ailleurs le m\u00e9dia d&rsquo;investigation d&rsquo;avoir voulu \u00ab\u00a0mettre un terme \u00e0 [sa] carri\u00e8re politique\u00a0\u00bb. \u00ab\u00a0De ce point de vue, ils ont r\u00e9ussi\u00a0\u00bb, l\u00e2che-t-il, promettant toutefois de poursuivre sa bataille judiciaire.<\/p>\n","protected":false},"excerpt":{"rendered":"Dans une interview publi\u00e9e samedi par \u00ab\u00a0Le Journal du Dimanche\u00a0\u00bb, l&rsquo;ex-pr\u00e9sident de la R\u00e9publique r\u00e9cuse les accusations et&hellip;\n","protected":false},"author":2,"featured_media":422077,"comment_status":"","ping_status":"","sticky":false,"template":"","format":"standard","meta":{"footnotes":""},"categories":[1888],"tags":[1111,1928,11,1927,1777,674,1011,27,12,1926,626,1925,25],"class_list":{"0":"post-422076","1":"post","2":"type-post","3":"status-publish","4":"format-standard","5":"has-post-thumbnail","7":"category-paris","8":"tag-actu","9":"tag-actu-paris","10":"tag-actualites","11":"tag-actualites-paris","12":"tag-eu","13":"tag-europe","14":"tag-fr","15":"tag-france","16":"tag-news","17":"tag-news-paris","18":"tag-paris","19":"tag-paris-news","20":"tag-republique-francaise"},"share_on_mastodon":{"url":"https:\/\/pubeurope.com\/@fr\/115277849674528862","error":""},"_links":{"self":[{"href":"https:\/\/www.europesays.com\/fr\/wp-json\/wp\/v2\/posts\/422076","targetHints":{"allow":["GET"]}}],"collection":[{"href":"https:\/\/www.europesays.com\/fr\/wp-json\/wp\/v2\/posts"}],"about":[{"href":"https:\/\/www.europesays.com\/fr\/wp-json\/wp\/v2\/types\/post"}],"author":[{"embeddable":true,"href":"https:\/\/www.europesays.com\/fr\/wp-json\/wp\/v2\/users\/2"}],"replies":[{"embeddable":true,"href":"https:\/\/www.europesays.com\/fr\/wp-json\/wp\/v2\/comments?post=422076"}],"version-history":[{"count":0,"href":"https:\/\/www.europesays.com\/fr\/wp-json\/wp\/v2\/posts\/422076\/revisions"}],"wp:featuredmedia":[{"embeddable":true,"href":"https:\/\/www.europesays.com\/fr\/wp-json\/wp\/v2\/media\/422077"}],"wp:attachment":[{"href":"https:\/\/www.europesays.com\/fr\/wp-json\/wp\/v2\/media?parent=422076"}],"wp:term":[{"taxonomy":"category","embeddable":true,"href":"https:\/\/www.europesays.com\/fr\/wp-json\/wp\/v2\/categories?post=422076"},{"taxonomy":"post_tag","embeddable":true,"href":"https:\/\/www.europesays.com\/fr\/wp-json\/wp\/v2\/tags?post=422076"}],"curies":[{"name":"wp","href":"https:\/\/api.w.org\/{rel}","templated":true}]}}