{"id":422086,"date":"2025-09-27T19:17:12","date_gmt":"2025-09-27T19:17:12","guid":{"rendered":"https:\/\/www.europesays.com\/fr\/422086\/"},"modified":"2025-09-27T19:17:12","modified_gmt":"2025-09-27T19:17:12","slug":"face-au-venezuela-trump-fait-fi-des-lois-internationales-mediapart","status":"publish","type":"post","link":"https:\/\/www.europesays.com\/fr\/422086\/","title":{"rendered":"Face au Venezuela, Trump fait fi des lois internationales &#8211; Mediapart"},"content":{"rendered":"<ol>\n<li><a href=\"https:\/\/news.google.com\/rss\/articles\/CBMirwFBVV95cUxNaV82V2R3RUFtcFNhNEdySmZEVXlPckJjOFBwWm9LeWwxbldEWjhxTDFBeEIzbkVwOVBNVG15NHZXNUN5Qi0wcHdpeFJWTEl2U1ZzaVJhZXBhM2RiV0lnWEhtdlBVYWtoSUwtUFMxMS1nX1dWbmducUg2TnpSMlU1czVHT05oLWpSYVltOHVzR0ZPaVVIa21PUjk0eFZkMEplMzR4VWtrRVJEUkV1a1gw?oc=5\" target=\"_blank\" rel=\"noopener\">Face au Venezuela, Trump fait fi des lois internationales<\/a>&nbsp;&nbsp;Mediapart<\/li>\n<li><a href=\"https:\/\/news.google.com\/rss\/articles\/CBMi5wFBVV95cUxNSUd3UjZyVTJPR1IxNFIzYUw4QWRzU2RfaHBfOURUbTJNcWhrdkdRYmhiME9DX2FNNDNmQkVTa1MwVXJaMzFrZWlIZnAxZDhsczBDaGVPVHFWUEhoTUdPVG5iVDZMWEN1bHNaSVgtZDdhOGRydjRmR3RlLWwxRXNVSFVlSlZUaGlMUV9kZnExOTVpWThZOTFjUUJ1TWxSMXJrbnFJRUVCTVh0VTczdGlrYVdpdXhGVnJ1N3hkUHpaclFaUWxJQjltRGJGLURDV2xkdU9ZbDIxRzVzTHF2V0ZPU0VCWmNpVHPSAewBQVVfeXFMTmZBUTJDWFdNWmJkMWN1SVlFWlA0UnVBLVVlcDZfd1RUNUtRZnJxT3FSR1FWdnUxdFpSRGRfbFY1LUFTYzM5ZWktZHVRVUZrR2Z6MVZFWDF3M3NES2VwTmhhbE1MVENHemdWcE44aUxEZzUyVkNscWx4RFFEM2R0MTJsNUFhTDA2VmEtdlBkcHFSV082WFhzY2ZRNlhxVmZFVDUxVDFiU2RCR1hBeWhXZ3V2bU5lSHRHTkFJeXNIUFpfUkJ4TFUwZFBSWmhEbi1FTGZpMXZ0SWg3d29DdGtKd0Ywb0Fjd2hSZGJ4Q3Q?oc=5\" target=\"_blank\" rel=\"noopener\">Caracas continue de se mobiliser face \u00e0 la \u00ab\u00a0menace\u00a0\u00bb am\u00e9ricaine<\/a>&nbsp;&nbsp;Boursorama<\/li>\n<li><a href=\"https:\/\/news.google.com\/rss\/articles\/CBMi5gFBVV95cUxPNGZtckl0UTYzSXFMNnFBSkdUYlpfdFBUOUIzcm9wWC1QSldySnU1YkZUMUZwa2hKb3l2U3RsSE4tYkxobFF3NTBPbG9wa2dIMlJZRkZCelZOcnV4OTRpNGk0SlVEVVNibTM2c0lsa3E4STEwT1BheFRlczdpdVBxWHU5SnRzN3lkQ1dNaEExWFpwZzZXelBZd3hNTjdiMUJ2QUtKN1oxUTl1M2JVWEoyVG01Rk1nS0ZoX3haN3JjNU9COE5JMVdMYkRXOVpLRnlxT3RJV2d0QkptdFE2d3R3T0RiZEpmZw?oc=5\" target=\"_blank\" rel=\"noopener\">Le r\u00e9gime v\u00e9n\u00e9zu\u00e9lien craint un coup d\u2019\u00c9tat et agit \u201ccomme si la guerre \u00e9tait imminente\u201d<\/a>&nbsp;&nbsp;Courrier international<\/li>\n<li><a href=\"https:\/\/news.google.com\/rss\/articles\/CBMi1AFBVV95cUxPc2hjcmNXSWd6QWtrbDhnUUxnajJnUWhrZVRFZ3hIeXI2dkk3S0cwNVlBX3VvYzh2MEwyQl9mQ3djN0k5b3ozOU5GMXhQZDE1SEZnMUdkUGR4LXMzWk9KdDJUUXlsempuU3gteW9QTmJoa3BVOUVqamlVQzF1WXJHMDBhNzROYmFTZ0Y2b0RvV0EyWk0xZWdfS1JYX3RYNGVtYkNwbVNYS2t2T050Zmlha2gxc0VHYlNWano1MkFxTV9DbXJxTV9KaFpKWFA2ZW1TQkhjZg?oc=5\" target=\"_blank\" rel=\"noopener\">Le Venezuela d\u00e9nonce \u00e0 l\u2019ONU la \u00abmenace\u00bb militaire am\u00e9ricaine \u00ababjecte, excentrique et immorale\u00bb<\/a>&nbsp;&nbsp;Le Figaro<\/li>\n<li><a href=\"https:\/\/news.google.com\/rss\/articles\/CBMi7wFBVV95cUxOamRqd0xfZWpmWnYxeHJvZzUydVM0azBPWDlBQnc3RnFwYV81U3VoZFVWS2lQWkxHbHQxRFFIdUEtclF6Z0pyV0h0RktFcFV1OF9tV2pMR2RRRWhwNVpxUEZQeHlMWGNrMVc1Qkc3TVNxcWNrcjBoZ2UyQnNWTkUtNjdfVHNBM2FjcDhVMEdlaXVTWUF6SmY1a194QVNfZnQ3UnVGQWJtUUdGcU9hdkpXODlwMW50V25pWjg1czFWTVBQTWFNZ200cmdSQnluRW45c1Frd3E2amVxbEpkcFpUaVMwVjhVOUxiSUk4b0pKQQ?oc=5\" target=\"_blank\" rel=\"noopener\">Drogue : Donald Trump pr\u00e9pare-t-il des frappes au Venezuela ? L&rsquo;inqui\u00e9tude qui grandit \u00e0 Caracas<\/a>&nbsp;&nbsp;L&rsquo;Express<\/li>\n<\/ol>\n","protected":false},"excerpt":{"rendered":"Face au Venezuela, Trump fait fi des lois internationales&nbsp;&nbsp;Mediapart Caracas continue de se mobiliser face \u00e0 la \u00ab\u00a0menace\u00a0\u00bb&hellip;\n","protected":false},"author":2,"featured_media":422087,"comment_status":"","ping_status":"","sticky":false,"template":"","format":"standard","meta":{"footnotes":""},"categories":[1589],"tags":[11,782,9395,73,1866,12,18892,1864,1865,1863,308,337],"class_list":{"0":"post-422086","1":"post","2":"type-post","3":"status-publish","4":"format-standard","5":"has-post-thumbnail","7":"category-etats-unis","8":"tag-actualites","9":"tag-ameriques","10":"tag-colombie","11":"tag-etats-unis","12":"tag-etats-unis-damerique","13":"tag-news","14":"tag-trafic-de-drogues","15":"tag-united-states","16":"tag-united-states-of-america","17":"tag-us","18":"tag-usa","19":"tag-venezuela"},"share_on_mastodon":{"url":"https:\/\/pubeurope.com\/@fr\/115277872862687601","error":""},"_links":{"self":[{"href":"https:\/\/www.europesays.com\/fr\/wp-json\/wp\/v2\/posts\/422086","targetHints":{"allow":["GET"]}}],"collection":[{"href":"https:\/\/www.europesays.com\/fr\/wp-json\/wp\/v2\/posts"}],"about":[{"href":"https:\/\/www.europesays.com\/fr\/wp-json\/wp\/v2\/types\/post"}],"author":[{"embeddable":true,"href":"https:\/\/www.europesays.com\/fr\/wp-json\/wp\/v2\/users\/2"}],"replies":[{"embeddable":true,"href":"https:\/\/www.europesays.com\/fr\/wp-json\/wp\/v2\/comments?post=422086"}],"version-history":[{"count":0,"href":"https:\/\/www.europesays.com\/fr\/wp-json\/wp\/v2\/posts\/422086\/revisions"}],"wp:featuredmedia":[{"embeddable":true,"href":"https:\/\/www.europesays.com\/fr\/wp-json\/wp\/v2\/media\/422087"}],"wp:attachment":[{"href":"https:\/\/www.europesays.com\/fr\/wp-json\/wp\/v2\/media?parent=422086"}],"wp:term":[{"taxonomy":"category","embeddable":true,"href":"https:\/\/www.europesays.com\/fr\/wp-json\/wp\/v2\/categories?post=422086"},{"taxonomy":"post_tag","embeddable":true,"href":"https:\/\/www.europesays.com\/fr\/wp-json\/wp\/v2\/tags?post=422086"}],"curies":[{"name":"wp","href":"https:\/\/api.w.org\/{rel}","templated":true}]}}