{"id":422088,"date":"2025-09-27T19:18:12","date_gmt":"2025-09-27T19:18:12","guid":{"rendered":"https:\/\/www.europesays.com\/fr\/422088\/"},"modified":"2025-09-27T19:18:12","modified_gmt":"2025-09-27T19:18:12","slug":"pourquoi-les-sanctions-de-lonu-contre-liran-seront-elles-de-retour-ce-samedi-soir","status":"publish","type":"post","link":"https:\/\/www.europesays.com\/fr\/422088\/","title":{"rendered":"Pourquoi les sanctions de l\u2019Onu contre l\u2019Iran seront-elles de retour ce samedi soir ?"},"content":{"rendered":"<p>Sauf coup de th\u00e9\u00e2tre de derni\u00e8re minute, les <a href=\"https:\/\/rennes.maville.com\/actu\/actudet_-nucleaire-quelles-sont-les-sanctions-qui-doivent-etre-retablies-contre-l-iran-la-nuit-prochaine-_54135-6995909_actu.Htm\" target=\"_self\" rel=\"noopener\">sanctions de l\u2019Onu contre l\u2019Iran<\/a>, soup\u00e7onn\u00e9 de vouloir se doter de l\u2019arme nucl\u00e9aire, seront formellement r\u00e9tablies dans la nuit de samedi \u00e0 dimanche.<\/p>\n<p>Les n\u00e9gociations sont au point mort. Et pour le <a href=\"https:\/\/rennes.maville.com\/actu\/actudet_-nucleaire-selon-le-president-iranien-les-etats-unis-ont-exige-de-leur-ceder-l-uranium-enrichi-_54135-6996021_actu.Htm\" target=\"_self\" rel=\"noopener\">pr\u00e9sident iranien Massoud Pezeshkian<\/a>, <strong>\u00ab\u00a0l\u2019exigence des \u00c9tats-Unis que l\u2019Iran leur remette<\/strong> \u00a0 <strong>tout<\/strong>\u00a0<strong>son uranium enrichi en \u00e9change d\u2019une prolongation pour trois mois d\u2019une suspension des sanctions\u00a0\u00bb <\/strong>est<strong> \u00ab\u00a0inacceptable\u00a0\u00bb<\/strong> <strong>.<\/strong> En cons\u00e9quence, il a rappel\u00e9 samedi <strong>\u00ab\u00a0pour consultations\u00a0\u00bb<\/strong>\u00a0<a href=\"https:\/\/rennes.maville.com\/actu\/actudet_-nucleaire-l-iran-rappelle-ses-ambassadeurs-en-france-allemagne-et-royaume-uni-pour-consultations-_54135-6995771_actu.Htm\" target=\"_blank\" rel=\"noopener\">ses ambassadeurs en France, en Allemagne et au Royaume-Uni<\/a>.<\/p>\n<p>Ces trois pays, du groupe appel\u00e9 E3, ont d\u00e9clench\u00e9 fin ao\u00fbt le dispositif snapback, permettant dans un d\u00e9lai de trente jours de r\u00e9tablir les sanctions lev\u00e9es en 2015, en cas de non-respect du JCPOA (Joint comprehensive plan of action). Ce pacte, conclu \u00e0 l\u2019\u00e9poque entre le groupe E3, les \u00c9tats-Unis, la Russie, la Chine et l\u2019Iran, pr\u00e9voyait un encadrement des activit\u00e9s nucl\u00e9aires iraniennes en \u00e9change d\u2019une lev\u00e9e des sanctions.<\/p>\n<p><strong>Lire aussi\u00a0:<\/strong>\u00a0<a href=\"https:\/\/rennes.maville.com\/actu\/actudet_-nucleaire-iranien-pourquoi-des-pays-demandent-ils-le-retablissement-des-sanctions-_54135-6950932_actu.Htm\" target=\"_blank\" rel=\"noopener\">Nucl\u00e9aire iranien\u00a0: pourquoi des pays demandent-ils le r\u00e9tablissement des sanctions\u00a0?<\/a><\/p>\n<p>Un stock enrichi \u00ab\u00a0plus de quarante fois\u00a0\u00bb sup\u00e9rieur \u00e0 la limite<\/p>\n<p>Le 28\u00a0ao\u00fbt, les trois pays europ\u00e9ens ont estim\u00e9 que le pacte avait \u00e9t\u00e9 rompu apr\u00e8s avoir dress\u00e9 une liste des engagements viol\u00e9s par l\u2019Iran, en particulier l\u2019accumulation d\u2019un stock total d\u2019uranium enrichi, <strong>\u00ab\u00a0plus de quarante fois\u00a0\u00bb<\/strong> sup\u00e9rieur \u00e0 la limite fix\u00e9e par le JCPOA.<\/p>\n<p>Des r\u00e9unions au plus haut niveau se sont multipli\u00e9es toute la semaine, en marge de l\u2019Assembl\u00e9e g\u00e9n\u00e9rale de l\u2019Onu \u00e0 New York, pour tenter de trouver une solution diplomatique.<\/p>\n<p>Le trio europ\u00e9en a jug\u00e9 que T\u00e9h\u00e9ran n\u2019avait pas fait de <strong>\u00ab\u00a0gestes concrets\u00a0\u00bb.<\/strong> Apr\u00e8s avoir suspendu ses relations avec l\u2019agence onusienne \u00e0 la suite des attaques men\u00e9es par Isra\u00ebl en juin, l\u2019Iran avait pourtant accept\u00e9, d\u00e9but septembre, un nouveau cadre de coop\u00e9ration avec l\u2019Agence internationale de l\u2019\u00e9nergie atomique (AIEA). Des inspections de certains sites nucl\u00e9aires ont m\u00eame repris cette semaine, selon l\u2019agence.<\/p>\n<p><strong>Lire aussi\u00a0:<\/strong>\u00a0<a href=\"https:\/\/rennes.maville.com\/actu\/actudet_-les-inspecteurs-nucleaires-de-l-onu-de-retour-en-iran-_54135-6949005_actu.Htm\" target=\"_blank\" rel=\"noopener\">Nucl\u00e9aire iranien\u00a0: quatre questions sur le retour des inspecteurs de l\u2019Onu en Iran<\/a><\/p>\n<p>Dans ce contexte, le ministre iranien des Affaires \u00e9trang\u00e8res, Abbas Araghchi a estim\u00e9 vendredi soir que les Europ\u00e9ens avaient ignor\u00e9 les efforts de son pays.<\/p>\n<p>Les Iraniens jugent ill\u00e9gal le processus de r\u00e9tablissement des sanctions, tout comme la Chine et la Russie qui ont propos\u00e9, sans succ\u00e8s, vendredi au Conseil de s\u00e9curit\u00e9 de l\u2019Onu, de prolonger de six mois l\u2019accord sur le nucl\u00e9aire iranien qui expire le 18\u00a0octobre.<\/p>\n<p>Une \u00e9conomie exsangue<\/p>\n<p>Concr\u00e8tement, le snapback pr\u00e9voit de\u00a0r\u00e9enclencher les embargos sur les armes, les \u00e9quipements nucl\u00e9aires et les restrictions bancaires lev\u00e9s il y a dix ans. Cela ajoutera <strong>\u00ab\u00a0une couche de sanctions multilat\u00e9rales aux sanctions unilat\u00e9rales des \u00c9tats-Unis d\u00e9j\u00e0 en place\u00a0\u00bb,<\/strong> souligne Ali Vaez, directeur du groupe Iran du centre de recherche International Crisis Group. Il estime toutefois s\u2019attendre \u00e0 <strong>\u00ab\u00a0un bras de fer sur leur mise en \u0153uvre, en particulier si la Chine et la Russie qui s\u2019y opposent, tentent de freiner leur ex\u00e9cution bureaucratique\u00a0\u00bb<\/strong> <strong>.<\/strong><\/p>\n<p>En attendant, la population d\u00e9j\u00e0 \u00e9conomiquement \u00e9trangl\u00e9e subit une inflation annuelle de 30\u00a0% \u00e0 40\u00a0%. Selon Le Monde, un quart des Iraniens vit avec moins de 2\u00a0dollars par jour, tandis que le salaire minimum r\u00e9el a chut\u00e9 \u00e0 presque 120\u00a0dollars (102\u00a0\u20ac). Sans oublier la hausse du ch\u00f4mage des jeunes, de plus en plus mena\u00e7ante pour l\u2019\u00e9conomie et la s\u00e9curit\u00e9 du pays.<\/p>\n<p>\u00a0<\/p>\n","protected":false},"excerpt":{"rendered":"Sauf coup de th\u00e9\u00e2tre de derni\u00e8re minute, les sanctions de l\u2019Onu contre l\u2019Iran, soup\u00e7onn\u00e9 de vouloir se doter&hellip;\n","protected":false},"author":2,"featured_media":422089,"comment_status":"","ping_status":"","sticky":false,"template":"","format":"standard","meta":{"footnotes":""},"categories":[1588],"tags":[11,11895,1777,674,3019,12,3521,8133,473,1853,11894,3982,7185,55128,3467,1851,1850,1852],"class_list":{"0":"post-422088","1":"post","2":"type-post","3":"status-publish","4":"format-standard","5":"has-post-thumbnail","7":"category-royaume-uni","8":"tag-actualites","9":"tag-d","10":"tag-eu","11":"tag-europe","12":"tag-iran","13":"tag-news","14":"tag-onu","15":"tag-retour","16":"tag-royaume-uni","17":"tag-royaume-uni-de-grande-bretagne-et-dirlande-du-nord","18":"tag-sables","19":"tag-samedi","20":"tag-sanctions","21":"tag-seront-elles","22":"tag-soir","23":"tag-uk","24":"tag-united-kingdom","25":"tag-united-kingdom-of-great-britain-and-northern-ireland"},"share_on_mastodon":{"url":"https:\/\/pubeurope.com\/@fr\/115277876685635715","error":""},"_links":{"self":[{"href":"https:\/\/www.europesays.com\/fr\/wp-json\/wp\/v2\/posts\/422088","targetHints":{"allow":["GET"]}}],"collection":[{"href":"https:\/\/www.europesays.com\/fr\/wp-json\/wp\/v2\/posts"}],"about":[{"href":"https:\/\/www.europesays.com\/fr\/wp-json\/wp\/v2\/types\/post"}],"author":[{"embeddable":true,"href":"https:\/\/www.europesays.com\/fr\/wp-json\/wp\/v2\/users\/2"}],"replies":[{"embeddable":true,"href":"https:\/\/www.europesays.com\/fr\/wp-json\/wp\/v2\/comments?post=422088"}],"version-history":[{"count":0,"href":"https:\/\/www.europesays.com\/fr\/wp-json\/wp\/v2\/posts\/422088\/revisions"}],"wp:featuredmedia":[{"embeddable":true,"href":"https:\/\/www.europesays.com\/fr\/wp-json\/wp\/v2\/media\/422089"}],"wp:attachment":[{"href":"https:\/\/www.europesays.com\/fr\/wp-json\/wp\/v2\/media?parent=422088"}],"wp:term":[{"taxonomy":"category","embeddable":true,"href":"https:\/\/www.europesays.com\/fr\/wp-json\/wp\/v2\/categories?post=422088"},{"taxonomy":"post_tag","embeddable":true,"href":"https:\/\/www.europesays.com\/fr\/wp-json\/wp\/v2\/tags?post=422088"}],"curies":[{"name":"wp","href":"https:\/\/api.w.org\/{rel}","templated":true}]}}