{"id":422092,"date":"2025-09-27T19:20:14","date_gmt":"2025-09-27T19:20:14","guid":{"rendered":"https:\/\/www.europesays.com\/fr\/422092\/"},"modified":"2025-09-27T19:20:14","modified_gmt":"2025-09-27T19:20:14","slug":"xiaomi-cest-dans-la-poche-bientot-sur-vos-routes-le-geant-chinois-annonce-son-debarquement-automobile-en-europe","status":"publish","type":"post","link":"https:\/\/www.europesays.com\/fr\/422092\/","title":{"rendered":"Xiaomi, c&rsquo;est dans la poche, bient\u00f4t sur vos routes : le g\u00e9ant chinois annonce son d\u00e9barquement automobile en Europe"},"content":{"rendered":"<p>Vous pensiez que Xiaomi allait se contenter de votre smartphone et de votre t\u00e9l\u00e9viseur ? D\u00e9trompez-vous ! En 2027, leurs voitures \u00e9lectriques vont d\u00e9barquer sur nos routes europ\u00e9ennes, et franchement, \u00e7a promet d\u2019\u00eatre du spectacle ! L\u2019annonce vient d\u2019\u00eatre officialis\u00e9e par la vice-pr\u00e9sidente Xu Fei : l\u2019offensive est lanc\u00e9e, et elle a de quoi faire trembler la concurrence.<\/p>\n<p>Apr\u00e8s un d\u00e9marrage absolument dingue en Chine, la marque entend conqu\u00e9rir l\u2019Europe avec ses deux premiers mod\u00e8les, la berline SU7 et le SUV YU7. Et quand je dis \u201cd\u00e9marrage dingue\u201d, c\u2019est un euph\u00e9misme : plus de 300 000 SU7 livr\u00e9s en seulement 15 mois, et tenez-vous bien\u2026 200 000 YU7 r\u00e9serv\u00e9s en 3 minutes ! Oui, vous avez bien lu : 3 minutes ! Avec de tels chiffres, Xiaomi veut maintenant se frotter aux g\u00e9ants de l\u2019automobile sur leur propre terrain.<\/p>\n<p>Et pour montrer que ce n\u2019est pas du bluff, le groupe a d\u00e9j\u00e0 pos\u00e9 ses valises \u00e0 Munich avec un tout nouveau centre de recherche et d\u00e9veloppement automobile. Cette premi\u00e8re implantation europ\u00e9enne, c\u2019est le signal que Xiaomi ne vient pas juste tester le march\u00e9 : ils viennent s\u2019installer durablement !<\/p>\n<p>De votre poche \u00e0 votre garage : l\u2019ascension fulgurante de Xiaomi<\/p>\n<p>En \u00e0 peine 15 ans, Xiaomi est pass\u00e9 du statut de petit fabricant de smartphones low-cost \u00e0 celui de mastodonte technologique mondial. Smartphones, objets connect\u00e9s, domotique, t\u00e9l\u00e9viseurs, trottinettes\u2026 La marque chinoise suit une logique d\u2019expansion par \u00e9cosyst\u00e8me qui force le respect.<\/p>\n<p>L\u2019entr\u00e9e dans l\u2019automobile n\u2019a donc rien d\u2019un hasard : elle prolonge naturellement cette strat\u00e9gie de convergence autour du num\u00e9rique et de l\u2019intelligence artificielle. Et en Chine, leur arriv\u00e9e sur le march\u00e9 automobile a fait l\u2019effet d\u2019une bombe ! D\u00e8s les premiers mois, des dizaines de milliers de commandes, des d\u00e9lais d\u2019attente record, et une m\u00e9diatisation qui a d\u00e9pass\u00e9 celle de certains constructeurs historiques.<\/p>\n<p>Xiaomi a su capitaliser sur sa communaut\u00e9 d\u2019utilisateurs fid\u00e8les, sa r\u00e9putation d\u2019innovation rapide et surtout un positionnement prix redoutable. Avec ce premier succ\u00e8s domestique, la marque estime que le moment est venu de viser l\u2019Europe. Et personnellement, je pense qu\u2019ils ont raison !<\/p>\n<p><img loading=\"lazy\" decoding=\"async\" class=\"wp-image-21844 size-full webpexpress-processed\" src=\"data:image\/svg+xml,%3Csvg%20xmlns=\" http:=\"\" alt=\"SUV \u00e9lectrique Xiaomi YU7 vu de profil, silhouette moderne avec jantes a\u00e9rodynamiques\" width=\"1200\" height=\"800\" data-lazy- data-lazy- data-lazy-src=\"https:\/\/www.europesays.com\/fr\/wp-content\/uploads\/2025\/09\/xiaomi-yu7.jpg\"\/>Le Xiaomi YU7 adopte une silhouette tendue et statutaire, parfaitement adapt\u00e9e aux attentes du march\u00e9 europ\u00e9en. Son profil \u00e9quilibr\u00e9 et ses grandes roues confirment ses ambitions de SUV premium. \u00a9 Xiaomi<br \/>\nSU7 et YU7 : les deux missiles de l\u2019offensive \u00e9lectrique<\/p>\n<p>Pour conqu\u00e9rir notre march\u00e9, Xiaomi ne mise pas sur un seul mod\u00e8le, mais sur deux v\u00e9hicules compl\u00e9mentaires qui ont d\u00e9j\u00e0 fait sensation en Chine.<\/p>\n<blockquote class=\"wp-embedded-content\" data-secret=\"ZDJ3WNRciW\">\n<p><a href=\"https:\/\/www.passionandcar.fr\/2025\/09\/26\/faux-air-de-mini-tout-terrain-mais-398-ch-sous-le-capot-ce-4x4-compact-radical-surpasse-les-hybrides-en-efficacite\/\" target=\"_blank\" rel=\"noopener\">Faux air de MINI tout-terrain mais 398 ch sous le capot : ce 4\u00d74 compact radical surpasse les hybrides en efficacit\u00e9<\/a><\/p>\n<\/blockquote>\n<p>La Xiaomi SU7, c\u2019est la berline sportive qui vise directement dans le mille ! Rivale directe des Tesla Model 3 ou BYD Seal, cette beaut\u00e9 longue et ac\u00e9r\u00e9e propose jusqu\u2019\u00e0 800 km d\u2019autonomie (norme chinoise), une acc\u00e9l\u00e9ration de 0 \u00e0 100 km\/h en moins de 3 secondes dans sa version la plus puissante, et un habitacle connect\u00e9 int\u00e9grant tous les services Xiaomi. C\u2019est autant une vitrine technologique qu\u2019un produit de volume.<\/p>\n<p>\u00c0 ses c\u00f4t\u00e9s, le SUV YU7 s\u2019adresse \u00e0 un public plus familial. Plus massif, plus spacieux, il vise le c\u0153ur du march\u00e9 europ\u00e9en qui raffole des mod\u00e8les hauts perch\u00e9s. Son lancement en Chine a \u00e9t\u00e9 un v\u00e9ritable raz-de-mar\u00e9e : ces 200 000 r\u00e9servations en 3 minutes, c\u2019est du jamais vu ! L\u00e0 aussi, Xiaomi a mis\u00e9 sur un design moderne, une autonomie comp\u00e9titive, et cette exp\u00e9rience num\u00e9rique fluide qui fait leur signature.<\/p>\n<p>L\u2019enjeu maintenant sera de les adapter aux normes europ\u00e9ennes : crash-tests, \u00e9quipements obligatoires, interface logicielle, normes de charge\u2026 Tout un programme !<\/p>\n<p><img loading=\"lazy\" decoding=\"async\" class=\"wp-image-21846 size-full webpexpress-processed\" src=\"data:image\/svg+xml,%3Csvg%20xmlns=\" http:=\"\" alt=\" Face avant du Xiaomi SU7 avec projecteurs LED effil\u00e9s et design agressif\" width=\"1200\" height=\"675\" data-lazy- data-lazy- data-lazy-src=\"https:\/\/www.europesays.com\/fr\/wp-content\/uploads\/2025\/09\/xiaomi-yu7-1-02.jpg\"\/>Berline sportive, le SU7 mise sur une calandre pleine, une signature lumineuse sophistiqu\u00e9e et un capot sculpt\u00e9. Un style affirm\u00e9 pour concurrencer les r\u00e9f\u00e9rences du segment. \u00a9 Xiaomi<br \/>\nMunich comme t\u00eate de pont : du s\u00e9rieux dans la strat\u00e9gie<\/p>\n<p>Pour accompagner cette offensive, Xiaomi ne se contente pas de belles promesses : ils ont d\u00e9j\u00e0 ouvert un centre de recherche et d\u00e9veloppement \u00e0 Munich. C\u2019est leur premi\u00e8re installation de ce type hors de Chine, et \u00e7a en dit long sur leurs ambitions !<\/p>\n<p>Ce centre aura pour mission de d\u00e9velopper des technologies adapt\u00e9es au march\u00e9 europ\u00e9en, d\u2019am\u00e9liorer l\u2019ergonomie et le design pour r\u00e9pondre \u00e0 nos attentes locales, de superviser l\u2019homologation technique et r\u00e9glementaire, et de proposer une approche plus orient\u00e9e utilisateur.<\/p>\n<p>L\u2019implantation en Allemagne, pays phare de l\u2019industrie automobile, c\u2019est tout sauf un hasard ! Xiaomi veut prouver sa cr\u00e9dibilit\u00e9 face aux marques \u00e9tablies, en se pla\u00e7ant au c\u0153ur m\u00eame de la concurrence. Malin pour gagner en l\u00e9gitimit\u00e9, capter des talents, et n\u00e9gocier une int\u00e9gration plus fluide sur le march\u00e9.<\/p>\n<p><img loading=\"lazy\" decoding=\"async\" class=\"size-full wp-image-14528 webpexpress-processed\" src=\"data:image\/svg+xml,%3Csvg%20xmlns=\" http:=\"\" alt=\"Int\u00e9rieur du Xiaomi SU7 avec \u00e9cran central flottant et volant tactile\" width=\"1200\" height=\"680\" data-lazy- data-lazy- data-lazy-src=\"https:\/\/www.europesays.com\/fr\/wp-content\/uploads\/2025\/09\/xiaomi-yu7-03.jpg.webp.webp\"\/>Le poste de conduite du SU7 met l\u2019accent sur la digitalisation, avec une dalle centrale XXL, une instrumentation \u00e9pur\u00e9e et des commandes au volant fa\u00e7on aviation. \u00a9 Xiaomi<br \/>\nLes obstacles europ\u00e9ens : pas de cadeau pour les Chinois<\/p>\n<p>Bon, l\u2019ambition c\u2019est bien beau, mais le terrain reste min\u00e9 ! L\u2019Union europ\u00e9enne a durci sa politique envers les v\u00e9hicules \u00e9lectriques produits en Chine, avec l\u2019instauration de droits de douane suppl\u00e9mentaires pouvant atteindre 38%. Ces mesures visent \u00e0 prot\u00e9ger notre industrie locale face aux prix agressifs des constructeurs chinois.<\/p>\n<p>Pour Xiaomi, \u00e7a implique des co\u00fbts d\u2019importation plus \u00e9lev\u00e9s, un repositionnement tarifaire possible en Europe, et la n\u00e9cessit\u00e9 de s\u2019appuyer sur des fili\u00e8res locales ou des accords industriels pour contourner les barri\u00e8res.<\/p>\n<p>Et puis la concurrence est f\u00e9roce ! Tesla, BYD, MG, Renault, Peugeot, Hyundai\u2026 Tous se battent d\u00e9j\u00e0 sur le segment des \u00e9lectriques abordables. Pour s\u2019imposer, Xiaomi devra offrir plus que du design et du prix : r\u00e9seau apr\u00e8s-vente, fiabilit\u00e9 per\u00e7ue, garantie solide, accompagnement client\u2026 Autant d\u2019\u00e9l\u00e9ments indispensables pour convaincre une client\u00e8le europ\u00e9enne encore m\u00e9fiante envers les marques chinoises.<\/p>\n<p><img loading=\"lazy\" decoding=\"async\" class=\"wp-image-19154 size-full webpexpress-processed\" src=\"data:image\/svg+xml,%3Csvg%20xmlns=\" http:=\"\" alt=\" Arri\u00e8re du Xiaomi YU7 avec bande LED et spoiler int\u00e9gr\u00e9\" width=\"1200\" height=\"675\" data-lazy- data-lazy- data-lazy-src=\"https:\/\/www.europesays.com\/fr\/wp-content\/uploads\/2025\/09\/xiaomi-yu7-04.jpg.webp.webp\"\/>Le SUV YU7 affiche un arri\u00e8re \u00e9pur\u00e9, avec une signature LED traversante et un spoiler de pavillon int\u00e9gr\u00e9. Une esth\u00e9tique \u00e0 la fois technologique et robuste. \u00a9 Xiaomi<br \/>\nLa vision \u00e0 360\u00b0 : bien plus que de simples voitures<\/p>\n<p>Ce qui rend la strat\u00e9gie Xiaomi vraiment passionnante, c\u2019est qu\u2019ils ne veulent pas simplement vendre des voitures ! Leur objectif, c\u2019est d\u2019int\u00e9grer leurs v\u00e9hicules dans un \u00e9cosyst\u00e8me technologique global. \u00c0 l\u2019image de leur mod\u00e8le \u00e9conomique sur les smartphones, ils veulent cr\u00e9er une exp\u00e9rience fluide entre mobilit\u00e9, connectivit\u00e9, maison intelligente et objets connect\u00e9s.<\/p>\n<p>D\u2019ici 2030, Xiaomi pr\u00e9voit l\u2019ouverture de 10 000 points de vente dans le monde, tous produits confondus. La voiture devient alors une extension de l\u2019univers Xiaomi, pilotable via smartphone, int\u00e9gr\u00e9e \u00e0 votre environnement num\u00e9rique personnel, connect\u00e9e aux autres objets de la marque. Une approche \u00e0 360\u00b0, inspir\u00e9e des g\u00e9ants du num\u00e9rique plus que des constructeurs historiques.<\/p>\n<p>Si ce pari fonctionne, Xiaomi pourrait bien red\u00e9finir le lien entre mobilit\u00e9 et technologie \u2013 et changer, au passage, les r\u00e8gles du jeu sur notre march\u00e9 automobile europ\u00e9en. Personnellement, j\u2019ai h\u00e2te de voir ce que \u00e7a va donner ! Entre les tarifs potentiellement agressifs et cette int\u00e9gration technologique pouss\u00e9e, \u00e7a risque de secouer s\u00e9rieusement la concurrence \u00e9tablie.<\/p>\n","protected":false},"excerpt":{"rendered":"Vous pensiez que Xiaomi allait se contenter de votre smartphone et de votre t\u00e9l\u00e9viseur ? D\u00e9trompez-vous ! En&hellip;\n","protected":false},"author":2,"featured_media":422093,"comment_status":"","ping_status":"","sticky":false,"template":"","format":"standard","meta":{"footnotes":""},"categories":[1586],"tags":[11,1777,674,1011,27,12,25,409],"class_list":{"0":"post-422092","1":"post","2":"type-post","3":"status-publish","4":"format-standard","5":"has-post-thumbnail","7":"category-europe","8":"tag-actualites","9":"tag-eu","10":"tag-europe","11":"tag-fr","12":"tag-france","13":"tag-news","14":"tag-republique-francaise","15":"tag-xiaomi"},"share_on_mastodon":{"url":"https:\/\/pubeurope.com\/@fr\/115277884553516077","error":""},"_links":{"self":[{"href":"https:\/\/www.europesays.com\/fr\/wp-json\/wp\/v2\/posts\/422092","targetHints":{"allow":["GET"]}}],"collection":[{"href":"https:\/\/www.europesays.com\/fr\/wp-json\/wp\/v2\/posts"}],"about":[{"href":"https:\/\/www.europesays.com\/fr\/wp-json\/wp\/v2\/types\/post"}],"author":[{"embeddable":true,"href":"https:\/\/www.europesays.com\/fr\/wp-json\/wp\/v2\/users\/2"}],"replies":[{"embeddable":true,"href":"https:\/\/www.europesays.com\/fr\/wp-json\/wp\/v2\/comments?post=422092"}],"version-history":[{"count":0,"href":"https:\/\/www.europesays.com\/fr\/wp-json\/wp\/v2\/posts\/422092\/revisions"}],"wp:featuredmedia":[{"embeddable":true,"href":"https:\/\/www.europesays.com\/fr\/wp-json\/wp\/v2\/media\/422093"}],"wp:attachment":[{"href":"https:\/\/www.europesays.com\/fr\/wp-json\/wp\/v2\/media?parent=422092"}],"wp:term":[{"taxonomy":"category","embeddable":true,"href":"https:\/\/www.europesays.com\/fr\/wp-json\/wp\/v2\/categories?post=422092"},{"taxonomy":"post_tag","embeddable":true,"href":"https:\/\/www.europesays.com\/fr\/wp-json\/wp\/v2\/tags?post=422092"}],"curies":[{"name":"wp","href":"https:\/\/api.w.org\/{rel}","templated":true}]}}