{"id":422094,"date":"2025-09-27T19:21:18","date_gmt":"2025-09-27T19:21:18","guid":{"rendered":"https:\/\/www.europesays.com\/fr\/422094\/"},"modified":"2025-09-27T19:21:18","modified_gmt":"2025-09-27T19:21:18","slug":"lallemagne-va-sautoriser-a-abattre-des-drones-apres-un-nouvel-incident-vendredi","status":"publish","type":"post","link":"https:\/\/www.europesays.com\/fr\/422094\/","title":{"rendered":"L\u2019Allemagne va s\u2019autoriser \u00e0 abattre des drones, apr\u00e8s un nouvel incident vendredi"},"content":{"rendered":"<p>L\u2019annonce, samedi, par l\u2019Allemagne d\u2019abattre des drones qui s\u2019introduisent dans son espace a\u00e9rien intervient au moment o\u00f9 la d\u00e9fense des pays de l\u2019UE et de l\u2019Otan est en plein r\u00e9examen apr\u00e8s une s\u00e9rie d\u2019intrusions consid\u00e9r\u00e9es comme mena\u00e7antes et g\u00e9n\u00e9ralement attribu\u00e9es \u00e0 la Russie, en Pologne notamment, mais aussi dans d\u2019autres pays de l\u2019est et du nord de l\u2019Europe.<\/p>\n<p>Dans le dernier incident en date, <a target=\"_blank\" href=\"https:\/\/www.lanouvellerepublique.fr\/a-la-une\/des-drones-non-identifies-ont-survole-la-plus-grande-base-militaire-du-danemark-1758965078\" rel=\"nofollow noopener\">des drones non identifi\u00e9s ont survol\u00e9 des sites militaires danois dans la nuit de vendredi \u00e0 samedi<\/a> alors que Copenhague doit accueillir mercredi et jeudi un sommet europ\u00e9en.<\/p>\n<p>En Allemagne, l&rsquo;\u00ab\u00a0essaim\u00a0\u00bb de drones a \u00e9t\u00e9 rep\u00e9r\u00e9 vendredi au-dessus de l\u2019\u00c9tat de Schleswig-Holstein, frontalier du Danemark, a indiqu\u00e9 le ministre de l&rsquo;Int\u00e9rieur, Alexander Dobrindt, lors d\u2019une conf\u00e9rence de presse. Il a soulign\u00e9 que si des intrusions de drones avaient \u00e9t\u00e9 rep\u00e9r\u00e9es pr\u00e9c\u00e9demment en Allemagne, c\u2019\u00e9tait la premi\u00e8re fois qu\u2019il s\u2019agissait d\u2019un \u00ab essaim \u00bb.<\/p>\n<p>Il n\u2019a pas donn\u00e9 de d\u00e9tails sur les sites survol\u00e9s par les drones ni sur leur origine pr\u00e9sum\u00e9e, mais l\u2019Allemagne a accus\u00e9 la Russie \u00e0 de nombreuses reprises de mener des missions d\u2019espionnage, de sabotage et de surveillance sur son territoire. \u00ab\u00a0Nous observons une menace hybride constante\u00a0\u00bb, a d\u00e9clar\u00e9 Alexander Dobrindt, reprenant le terme d\u00e9signant la mise en \u0153uvre de moyens de d\u00e9stabilisation par un \u00c9tat hostile.<\/p>\n<p>Le ministre de l&rsquo;Int\u00e9rieur a confirm\u00e9 samedi avoir l\u2019intention d\u2019obtenir la modification des r\u00e8gles de s\u00e9curit\u00e9 a\u00e9rienne pour que les forces arm\u00e9es soient autoris\u00e9es \u00e0 \u00ab\u00a0abattre les drones\u00a0\u00bb. \u00ab\u00a0Ce que nous voyons est une course aux armements, entre la menace que constituent les drones et la d\u00e9fense contre les drones. Nous devons nous y pr\u00e9parer\u00a0\u00bb, a-t-il dit.<\/p>\n<p>Le tablo\u00efd allemand Bild a affirm\u00e9 samedi, citant un rapport officiel, que l\u2019autorisation d\u2019abattre des drones ne serait donn\u00e9e aux forces arm\u00e9es que dans le cas o\u00f9 ils pr\u00e9senteraient un danger pour des personnes ou des infrastructures d\u2019importance critique.<\/p>\n","protected":false},"excerpt":{"rendered":"L\u2019annonce, samedi, par l\u2019Allemagne d\u2019abattre des drones qui s\u2019introduisent dans son espace a\u00e9rien intervient au moment o\u00f9 la&hellip;\n","protected":false},"author":2,"featured_media":422095,"comment_status":"","ping_status":"","sticky":false,"template":"","format":"standard","meta":{"footnotes":""},"categories":[1586],"tags":[328,11,1924,1777,674,1779,1011,27,329,74,12,25,132,1778,220,364],"class_list":{"0":"post-422094","1":"post","2":"type-post","3":"status-publish","4":"format-standard","5":"has-post-thumbnail","7":"category-europe","8":"tag-a-la-une","9":"tag-actualites","10":"tag-armement","11":"tag-eu","12":"tag-europe","13":"tag-european-union","14":"tag-fr","15":"tag-france","16":"tag-france-monde","17":"tag-monde","18":"tag-news","19":"tag-republique-francaise","20":"tag-russie","21":"tag-ue","22":"tag-ukraine","23":"tag-union-europeenne"},"share_on_mastodon":{"url":"https:\/\/pubeurope.com\/@fr\/115277888486097271","error":""},"_links":{"self":[{"href":"https:\/\/www.europesays.com\/fr\/wp-json\/wp\/v2\/posts\/422094","targetHints":{"allow":["GET"]}}],"collection":[{"href":"https:\/\/www.europesays.com\/fr\/wp-json\/wp\/v2\/posts"}],"about":[{"href":"https:\/\/www.europesays.com\/fr\/wp-json\/wp\/v2\/types\/post"}],"author":[{"embeddable":true,"href":"https:\/\/www.europesays.com\/fr\/wp-json\/wp\/v2\/users\/2"}],"replies":[{"embeddable":true,"href":"https:\/\/www.europesays.com\/fr\/wp-json\/wp\/v2\/comments?post=422094"}],"version-history":[{"count":0,"href":"https:\/\/www.europesays.com\/fr\/wp-json\/wp\/v2\/posts\/422094\/revisions"}],"wp:featuredmedia":[{"embeddable":true,"href":"https:\/\/www.europesays.com\/fr\/wp-json\/wp\/v2\/media\/422095"}],"wp:attachment":[{"href":"https:\/\/www.europesays.com\/fr\/wp-json\/wp\/v2\/media?parent=422094"}],"wp:term":[{"taxonomy":"category","embeddable":true,"href":"https:\/\/www.europesays.com\/fr\/wp-json\/wp\/v2\/categories?post=422094"},{"taxonomy":"post_tag","embeddable":true,"href":"https:\/\/www.europesays.com\/fr\/wp-json\/wp\/v2\/tags?post=422094"}],"curies":[{"name":"wp","href":"https:\/\/api.w.org\/{rel}","templated":true}]}}