{"id":42210,"date":"2025-04-21T19:23:08","date_gmt":"2025-04-21T19:23:08","guid":{"rendered":"https:\/\/www.europesays.com\/fr\/42210\/"},"modified":"2025-04-21T19:23:08","modified_gmt":"2025-04-21T19:23:08","slug":"a-marseille-loperation-nids-de-poule-de-paques-des-motards-en-colere","status":"publish","type":"post","link":"https:\/\/www.europesays.com\/fr\/42210\/","title":{"rendered":"\u00c0 Marseille, l&rsquo;op\u00e9ration nids-de-poule de P\u00e2ques des motards en col\u00e8re"},"content":{"rendered":"<p>Veste en cuir ou rembourr\u00e9e, casque sur la t\u00eate et grosses cylindr\u00e9es\u00a0: les motards collent aux clich\u00e9s qui les d\u00e9peignent. Mais en changent radicalement quand ils <a href=\"https:\/\/www.laprovence.com\/article\/region\/23604026506704\/a-marseille-les-motards-toujours-en-guerre-contre-les-nids-de-poule\" target=\"_blank\" rel=\"noopener\">d\u00e9posent de la paille et des \u0153ufs<\/a> dans les trous qu\u2019ils rep\u00e8rent sur la chauss\u00e9e.<\/p>\n<p>C\u2019est ce qu\u2019ils ont fait, ce lundi 21\u00a0avril, lors d\u2019une op\u00e9ration sp\u00e9ciale \u00ab\u00a0P\u00e2ques\u00a0\u00bb pour d\u00e9noncer le mauvais \u00e9tat de la route \u00e0 <a href=\"https:\/\/www.laprovence.com\/ville\/marseille\" target=\"_blank\" rel=\"noopener\">Marseille<\/a>, pointant notamment du doigt des nids-de-poule \u00ab\u00a0vraiment dangereux\u00a0\u00bb, selon \u00c9ric Gregori. Coordinateur de ce rassemblement \u00e0 l\u2019initiative de <a href=\"https:\/\/www.laprovence.com\/article\/societe\/15488688115118\/ca-va-emmerder-les-gens-au-salon-de-la-moto-a-marseille-le-controle-technique-des-deux-roues-fait-jaser\" target=\"_blank\" rel=\"noopener\">la F\u00e9d\u00e9ration fran\u00e7aise des motards en col\u00e8re<\/a> des Bouches-du-Rh\u00f4ne, celui que l\u2019on appelle \u00ab\u00a0Gus\u00a0\u00bb justifie donc la pr\u00e9sence des douze b\u00e9canes au rendez-vous donn\u00e9 \u00e0 la Capelette (10e)\u00a0: \u00ab\u00a0Quand il pleut, ils se remplissent d\u2019eau et on ne les distingue plus sur la route. Et ils sont parfois profonds.\u00a0\u00bb<\/p>\n","protected":false},"excerpt":{"rendered":"Veste en cuir ou rembourr\u00e9e, casque sur la t\u00eate et grosses cylindr\u00e9es\u00a0: les motards collent aux clich\u00e9s qui&hellip;\n","protected":false},"author":2,"featured_media":42211,"comment_status":"","ping_status":"","sticky":false,"template":"","format":"standard","meta":{"footnotes":""},"categories":[2814],"tags":[17,1111,11,3254,154,1777,674,1011,27,12827,884,3747,12,12828,4769,882,16,25],"class_list":{"0":"post-42210","1":"post","2":"type-post","3":"status-publish","4":"format-standard","5":"has-post-thumbnail","7":"category-marseille","8":"tag-17","9":"tag-actu","10":"tag-actualites","11":"tag-colere","12":"tag-des","13":"tag-eu","14":"tag-europe","15":"tag-fr","16":"tag-france","17":"tag-loperation","18":"tag-marseille","19":"tag-motards","20":"tag-news","21":"tag-nids-de-poule","22":"tag-paques","23":"tag-provence-alpes-cote-dazur","24":"tag-region","25":"tag-republique-francaise"},"share_on_mastodon":{"url":"https:\/\/pubeurope.com\/@fr\/114377588973909750","error":""},"_links":{"self":[{"href":"https:\/\/www.europesays.com\/fr\/wp-json\/wp\/v2\/posts\/42210","targetHints":{"allow":["GET"]}}],"collection":[{"href":"https:\/\/www.europesays.com\/fr\/wp-json\/wp\/v2\/posts"}],"about":[{"href":"https:\/\/www.europesays.com\/fr\/wp-json\/wp\/v2\/types\/post"}],"author":[{"embeddable":true,"href":"https:\/\/www.europesays.com\/fr\/wp-json\/wp\/v2\/users\/2"}],"replies":[{"embeddable":true,"href":"https:\/\/www.europesays.com\/fr\/wp-json\/wp\/v2\/comments?post=42210"}],"version-history":[{"count":0,"href":"https:\/\/www.europesays.com\/fr\/wp-json\/wp\/v2\/posts\/42210\/revisions"}],"wp:featuredmedia":[{"embeddable":true,"href":"https:\/\/www.europesays.com\/fr\/wp-json\/wp\/v2\/media\/42211"}],"wp:attachment":[{"href":"https:\/\/www.europesays.com\/fr\/wp-json\/wp\/v2\/media?parent=42210"}],"wp:term":[{"taxonomy":"category","embeddable":true,"href":"https:\/\/www.europesays.com\/fr\/wp-json\/wp\/v2\/categories?post=42210"},{"taxonomy":"post_tag","embeddable":true,"href":"https:\/\/www.europesays.com\/fr\/wp-json\/wp\/v2\/tags?post=42210"}],"curies":[{"name":"wp","href":"https:\/\/api.w.org\/{rel}","templated":true}]}}