{"id":422116,"date":"2025-09-27T19:34:14","date_gmt":"2025-09-27T19:34:14","guid":{"rendered":"https:\/\/www.europesays.com\/fr\/422116\/"},"modified":"2025-09-27T19:34:14","modified_gmt":"2025-09-27T19:34:14","slug":"pendant-le-magazine-de-la-sante-il-marrivait-de-ne-plus-etre-la","status":"publish","type":"post","link":"https:\/\/www.europesays.com\/fr\/422116\/","title":{"rendered":"Pendant le magazine de la sant\u00e9, il m&rsquo;arrivait de ne plus \u00eatre l\u00e0"},"content":{"rendered":"<p class=\"article-p mdl\">Une nouvelle aventure pour\u00a0<a class=\"link\" href=\"https:\/\/www.rtl.fr\/programmes\/on-refait-la-tele\/7900395146-l-emission-michel-cymes-refait-la-tele-du-samedi-15-juin-2024\" target=\"_blank\" rel=\"noopener\">Michel Cymes<\/a>\u00a0! Depuis jeudi, il est \u00e0 l&rsquo;affiche du th\u00e9\u00e2tre Saint-Georges \u00e0 Paris de \u00ab\u00a0Secret(s) m\u00e9dical\u00a0\u00bb, une com\u00e9die autour du secret m\u00e9dical. Un v\u00e9ritable challenge d&rsquo;autant que le m\u00e9decin le plus connu du PAF a \u00e9t\u00e9 diagnostiqu\u00e9 il y a quelques ann\u00e9es d&rsquo;un trouble de l&rsquo;attention. Il\u00a0reconna\u00eet que tenir une pi\u00e8ce de 1h30 n\u2019est pas simple pour lui : \u00ab\u00a0<strong>C\u2019est difficile mais pour la premi\u00e8re par exemple j\u2019\u00e9tais focus pendant 1h20, je n\u2019ai pas eu le choix\u00a0\u00bb<\/strong>. Malgr\u00e9 le trac et la pression de la salle comble, il explique que son esprit finit par vagabonder : \u00ab\u00a0Quand j\u2019ai commenc\u00e9 \u00e0 \u00eatre soulag\u00e9 (\u2026),\u00a0j\u2019ai pens\u00e9 \u00e0 ma femme et mes enfants et au fait qu\u2019on aille\u00a0prendre un verre apr\u00e8s\u00a0\u00bb.<\/p>\n<p>            Une perte de concentration qu\u2019il combat par la force :<\/p>\n<p class=\"article-p mdl\">\u00ab\u00a0Je me file un coup de pied au cul en me disant t\u2019es malade ou quoi, remets-toi dans la pi\u00e8ce\u00a0\u00bb explique-t-il au micro d\u2019<a class=\"link\" href=\"https:\/\/www.rtl.fr\/auteur\/eric-dussart\" target=\"_blank\" rel=\"noopener\">Eric Dussart<\/a>\u00a0et\u00a0<a class=\"link\" href=\"https:\/\/www.rtl.fr\/auteur\/jade\" target=\"_blank\" rel=\"noopener\">Jade<\/a>.\u00a0Mais <strong>la moindre contrari\u00e9t\u00e9 peut lui faire perdre pied<\/strong>, comme lors de la r\u00e9p\u00e9tition g\u00e9n\u00e9rale : \u00ab\u00a0Il me manquait un accessoire essentiel d\u00e8s la premi\u00e8re sc\u00e8ne, \u00e7a m\u2019a foutu en l\u2019air pendant toute la dur\u00e9e de la pi\u00e8ce ! (\u2026) Pendant 1h20 je suis rest\u00e9 obs\u00e9d\u00e9 en me disant que j\u2019\u00e9tais con d\u2019avoir oubli\u00e9 cet accessoire\u00a0\u00bb.<\/p>\n<p>            Un d\u00e9fi au quotidien<\/p>\n<p class=\"article-p mdl\"><a class=\"link\" href=\"https:\/\/www.rtl.fr\/programmes\/l-encyclopedie-medicale-de-michel-cymes\/7900527448-psycho-5-5-la-bibliotherapie-pour-chasser-les-mauvaises-ondes\" target=\"_blank\" rel=\"noopener\">Michel Cymes<\/a>\u00a0ne d\u00e9finit pas son\u00a0<a class=\"link\" href=\"https:\/\/www.rtl.fr\/actu\/sante\/hyperactivite-michel-cymes-vous-aide-a-identifier-les-symptomes-7797110583\" target=\"_blank\" rel=\"noopener\">trouble<\/a>\u00a0comme handicapant pour autant\u00a0: \u00ab\u00a0<strong>C\u2019est aussi \u00e7a qui fait que j\u2019ai envie de faire plein de choses\u00a0\u00bb.<\/strong><\/p>\n<p class=\"article-p mdl\">Ses proches, comme son ex co-presentatrice\u00a0<a class=\"link\" href=\"https:\/\/www.rtl.fr\/programmes\/on-refait-la-tele\/7800386416-sophie-davant-marina-carrere-d-encausse-elisabeth-quin-et-henri-guybert-refont-la-tele-samedi-11-avril-2020\" target=\"_blank\" rel=\"noopener\">Marina Carr\u00e8re d\u2019Encausse<\/a>, ont d\u00e9j\u00e0 t\u00e9moign\u00e9 de son inattention sur les plateaux ou dans en r\u00e9unions. Une r\u00e9alit\u00e9 qu\u2019il confirme, non sans humour : \u00ab\u00a0<strong>Pendant le Magazine de la sant\u00e9 il m\u2019arrivait de ne plus \u00eatre l\u00e0 deux ou trois fois par \u00e9mission, d\u2019avoir le cerveau ailleurs<\/strong>. Le fait d\u2019\u00eatre \u00e0 deux avec quelqu\u2019un qui vous conna\u00eet aussi bien que Marina faisait qu\u2019on s\u2019en sortait\u00a0\u00bb.<br \/>Aujourd\u2019hui, il choisit de composer avec ce trouble qui fait partie de lui : \u00ab\u00a0Je suis comme \u00e7a donc je vis avec et j\u2019ai des strat\u00e9gies pour \u00e9viter les complications\u00a0\u00bb.<\/p>\n<p>            Les improbables d\u2019Eva Kruyver<\/p>\n<p class=\"article-p mdl\">La fois o\u00f9 il a fait de la\u00a0<a class=\"link\" href=\"https:\/\/www.rtl.fr\/actu\/sciences-tech\/telepathie-ou-en-est-la-recherche-7900137477\" target=\"_blank\" rel=\"noopener\"><strong>t\u00e9l\u00e9pathie<\/strong><\/a>\u00a0avec un ami ou encore le jour o\u00f9 il a <strong>sauv\u00e9 une\u00a0femme victime d&rsquo;un malaise dans un avion<\/strong>, Eva Kruyver a d\u00e9got\u00e9 des anecdotes improbables sur Michel Cym\u00e8s !<\/p>\n<p>    L&rsquo;\u00e9quipe de l&rsquo;\u00e9mission vous recommande<\/p>\n<p class=\"s-newsletter__title\">\n                L\u2019actualit\u00e9 par la r\u00e9daction de RTL dans votre bo\u00eete mail.\n            <\/p>\n<p class=\"s-newsletter__subtitle\">\n                Gr\u00e2ce \u00e0 votre compte RTL abonnez-vous \u00e0 la newsletter RTL info pour suivre toute l&rsquo;actualit\u00e9 au quotidien\n            <\/p>\n<p>\n                                    Lire la suite\n                                <\/p>\n","protected":false},"excerpt":{"rendered":"Une nouvelle aventure pour\u00a0Michel Cymes\u00a0! Depuis jeudi, il est \u00e0 l&rsquo;affiche du th\u00e9\u00e2tre Saint-Georges \u00e0 Paris de \u00ab\u00a0Secret(s)&hellip;\n","protected":false},"author":2,"featured_media":422117,"comment_status":"","ping_status":"","sticky":false,"template":"","format":"standard","meta":{"footnotes":""},"categories":[1359],"tags":[58,59,11889,2414,107,1011,27,33423,500,973,362,361,360,33424,252,133],"class_list":{"0":"post-422116","1":"post","2":"type-post","3":"status-publish","4":"format-standard","5":"has-post-thumbnail","7":"category-people","8":"tag-divertissement","9":"tag-entertainment","10":"tag-eric-dussart","11":"tag-fil-culture","12":"tag-fil-info","13":"tag-fr","14":"tag-france","15":"tag-jade","16":"tag-medias","17":"tag-people","18":"tag-replay","19":"tag-replay-a-la-une","20":"tag-replay-integral","21":"tag-rtl-divertissement","22":"tag-television","23":"tag-video"},"share_on_mastodon":{"url":"https:\/\/pubeurope.com\/@fr\/115277939594554324","error":""},"_links":{"self":[{"href":"https:\/\/www.europesays.com\/fr\/wp-json\/wp\/v2\/posts\/422116","targetHints":{"allow":["GET"]}}],"collection":[{"href":"https:\/\/www.europesays.com\/fr\/wp-json\/wp\/v2\/posts"}],"about":[{"href":"https:\/\/www.europesays.com\/fr\/wp-json\/wp\/v2\/types\/post"}],"author":[{"embeddable":true,"href":"https:\/\/www.europesays.com\/fr\/wp-json\/wp\/v2\/users\/2"}],"replies":[{"embeddable":true,"href":"https:\/\/www.europesays.com\/fr\/wp-json\/wp\/v2\/comments?post=422116"}],"version-history":[{"count":0,"href":"https:\/\/www.europesays.com\/fr\/wp-json\/wp\/v2\/posts\/422116\/revisions"}],"wp:featuredmedia":[{"embeddable":true,"href":"https:\/\/www.europesays.com\/fr\/wp-json\/wp\/v2\/media\/422117"}],"wp:attachment":[{"href":"https:\/\/www.europesays.com\/fr\/wp-json\/wp\/v2\/media?parent=422116"}],"wp:term":[{"taxonomy":"category","embeddable":true,"href":"https:\/\/www.europesays.com\/fr\/wp-json\/wp\/v2\/categories?post=422116"},{"taxonomy":"post_tag","embeddable":true,"href":"https:\/\/www.europesays.com\/fr\/wp-json\/wp\/v2\/tags?post=422116"}],"curies":[{"name":"wp","href":"https:\/\/api.w.org\/{rel}","templated":true}]}}