{"id":422118,"date":"2025-09-27T19:35:18","date_gmt":"2025-09-27T19:35:18","guid":{"rendered":"https:\/\/www.europesays.com\/fr\/422118\/"},"modified":"2025-09-27T19:35:18","modified_gmt":"2025-09-27T19:35:18","slug":"le-figeac-photo-club-est-en-pleine-forme","status":"publish","type":"post","link":"https:\/\/www.europesays.com\/fr\/422118\/","title":{"rendered":"Le Figeac Photo Club est en pleine forme"},"content":{"rendered":"<p>Salle Roger Laval, le Figeac Photo Club a tenu lundi soir son assembl\u00e9e g\u00e9n\u00e9rale devant une trentaine de participants. L\u2019occasion pour le pr\u00e9sident S\u00e9bastien Girard de dresser un bilan tr\u00e8s positif : le club compte d\u00e9sormais plus de 40 adh\u00e9rents, contre 30 en 2024. Ateliers th\u00e9matiques, s\u00e9ances d\u2019analyse d\u2019images et sorties photo rythment la saison. L\u2019exposition annuelle, accueillie \u00e0 la salle Bal\u00e8ne, a rencontr\u00e9 un vif succ\u00e8s avec pr\u00e8s de 2200 visiteurs et 600 billets de tombola vendus, permettant au club d\u2019investir dans une centaine de cadres r\u00e9utilisables.<\/p>\n<p>La commission \u00ab\u00a0sorties\u00a0\u00bb a rappel\u00e9 les huit rendez-vous propos\u00e9s en 2025, du jeu de piste photographique aux balades nature. C\u00f4t\u00e9 biblioth\u00e8que, les pr\u00eats progressent, et l\u2019achat de nouveaux ouvrages techniques est pr\u00e9vu. Les finances affichent un bon exc\u00e9dent. Les \u00e9changes, parfois tr\u00e8s techniques, ont montr\u00e9 la vitalit\u00e9 du club : partenariats envisag\u00e9s avec d\u2019autres associations, projets d\u2019exposition en Ehpad, accompagnement des adh\u00e9rents d\u00e9butants. Autant de signes d\u2019une dynamique collective. Sans surprise, les rapports moral et financier ont \u00e9t\u00e9 largement approuv\u00e9s, tout comme la reconduction du conseil d\u2019administration.<\/p>\n","protected":false},"excerpt":{"rendered":"Salle Roger Laval, le Figeac Photo Club a tenu lundi soir son assembl\u00e9e g\u00e9n\u00e9rale devant une trentaine de&hellip;\n","protected":false},"author":2,"featured_media":422119,"comment_status":"","ping_status":"","sticky":false,"template":"","format":"standard","meta":{"footnotes":""},"categories":[1358],"tags":[1348,1384,1385,1386,58,59,1011,27],"class_list":{"0":"post-422118","1":"post","2":"type-post","3":"status-publish","4":"format-standard","5":"has-post-thumbnail","7":"category-arts-et-design","8":"tag-arts","9":"tag-arts-and-design","10":"tag-arts-et-design","11":"tag-design","12":"tag-divertissement","13":"tag-entertainment","14":"tag-fr","15":"tag-france"},"share_on_mastodon":{"url":"https:\/\/pubeurope.com\/@fr\/115277943571214641","error":""},"_links":{"self":[{"href":"https:\/\/www.europesays.com\/fr\/wp-json\/wp\/v2\/posts\/422118","targetHints":{"allow":["GET"]}}],"collection":[{"href":"https:\/\/www.europesays.com\/fr\/wp-json\/wp\/v2\/posts"}],"about":[{"href":"https:\/\/www.europesays.com\/fr\/wp-json\/wp\/v2\/types\/post"}],"author":[{"embeddable":true,"href":"https:\/\/www.europesays.com\/fr\/wp-json\/wp\/v2\/users\/2"}],"replies":[{"embeddable":true,"href":"https:\/\/www.europesays.com\/fr\/wp-json\/wp\/v2\/comments?post=422118"}],"version-history":[{"count":0,"href":"https:\/\/www.europesays.com\/fr\/wp-json\/wp\/v2\/posts\/422118\/revisions"}],"wp:featuredmedia":[{"embeddable":true,"href":"https:\/\/www.europesays.com\/fr\/wp-json\/wp\/v2\/media\/422119"}],"wp:attachment":[{"href":"https:\/\/www.europesays.com\/fr\/wp-json\/wp\/v2\/media?parent=422118"}],"wp:term":[{"taxonomy":"category","embeddable":true,"href":"https:\/\/www.europesays.com\/fr\/wp-json\/wp\/v2\/categories?post=422118"},{"taxonomy":"post_tag","embeddable":true,"href":"https:\/\/www.europesays.com\/fr\/wp-json\/wp\/v2\/tags?post=422118"}],"curies":[{"name":"wp","href":"https:\/\/api.w.org\/{rel}","templated":true}]}}