{"id":422120,"date":"2025-09-27T19:36:19","date_gmt":"2025-09-27T19:36:19","guid":{"rendered":"https:\/\/www.europesays.com\/fr\/422120\/"},"modified":"2025-09-27T19:36:19","modified_gmt":"2025-09-27T19:36:19","slug":"reportage-le-salon-de-pont-leveque-un-gage-de-visibilite-pour-les-acteurs-du-livre-locaux","status":"publish","type":"post","link":"https:\/\/www.europesays.com\/fr\/422120\/","title":{"rendered":"REPORTAGE. Le salon de Pont-l\u2019\u00c9v\u00eaque, un gage de visibilit\u00e9 pour les acteurs du livre locaux"},"content":{"rendered":"<p>            Par<br \/>\n        <strong><br \/>\n            <a href=\"https:\/\/actu.fr\/auteur\/anthony-derestiat\" title=\"Consulter tous les articles de Anthony Derestiat\" target=\"_blank\" rel=\"noopener\">Anthony Derestiat<\/a><br \/>\n        <\/strong><\/p>\n<p>        Publi\u00e9 le<\/p>\n<p>            27 sept. 2025 \u00e0 17h58        <\/p>\n<p>C\u2019est jour de f\u00eate au <a href=\"https:\/\/actu.fr\/normandie\/pont-l-eveque_14514\/eric-naulleau-pilier-du-salon-du-livre-de-pont-leveque-le-cote-vu-a-la-tele-sefface-naturellement_63202255.html\" target=\"_blank\" rel=\"noopener\">Salon du livre de Pont-l\u2019\u00c9v\u00eaque <\/a>(Calvados), ce samedi 27\u00a0septembre 2025. Parmi les 42 auteurs et diverses maisons d\u2019\u00e9dition r\u00e9unis, certains sont Normands et commencent \u00e0 conna\u00eetre une petite notori\u00e9t\u00e9 locale. \u00ab\u2009On retrouve nos \u00e9diteurs, d\u2019autres auteurs devenus des amis et des lecteurs qu\u2019on ne conna\u00eet pas personnellement, c\u2019est tr\u00e8s gratifiant\u2009\u00bb, lance <a href=\"https:\/\/actu.fr\/normandie\/vimoutiers_61508\/enseignant-a-vimoutiers-pendant-quinze-ans-denis-brillet-publie-la-diagonale-anderson_58598043.html\" target=\"_blank\" rel=\"noopener\">Denis Brillet, \u00e9crivain de romans et de nouvelles qui vit pr\u00e8s de Livarot<\/a>.<\/p>\n<p>\u00ab\u2009C\u2019est gratifiant quand on reconna\u00eet notre style\u2009\u00bb<\/p>\n<p class=\" wall-content\">Quand on d\u00e9bute l\u2019\u00e9criture, l\u2019audience est confidentielle au d\u00e9but, puis s\u2019\u00e9largit. \u00ab\u2009C\u2019est aussi gratifiant quand on commence \u00e0 reconna\u00eetre notre style, compl\u00e8te l\u2019une des autrices amies en question, Christelle Angano, sp\u00e9cialis\u00e9e dans le roman historique entre autres. J\u2019ai m\u00eame quelqu\u2019un qui est venu me dire qu\u2019il avait une \u00e9tag\u00e8re avec tous mes livres\u2009!\u2009\u00bb<\/p>\n<p class=\" wall-content\">Pour les auteurs<\/p>\n<p class=\" wall-content\">Celle-ci vient pour la \u00ab\u2009quatri\u00e8me ou cinqui\u00e8me fois\u2009\u00bb. Habitante de Douvres-la-D\u00e9livrande, elle venait beaucoup, enfant, chez sa grand-m\u00e8re \u00e0 Saint-Gatien-des-Bois. \u00ab\u2009Je pense \u00e0 elle chaque fois que je viens ici.\u2009\u00bb Famille toujours, Christelle Angano s\u2019est d\u00e9couvert, par hasard, une cousine au salon, lorsqu\u2019elle a pr\u00e9sent\u00e9 \u00e0 une autre \u00e9crivaine <a href=\"https:\/\/actu.fr\/normandie\/honfleur_14333\/christelle-angano-publie-une-lumiere-dans-la-nuit-l-histoire-de-clara-deportee-de-barneville-la-bertran_34372160.html\" target=\"_blank\" rel=\"noopener\">son projet de livre sur son arri\u00e8re-grand-m\u00e8re, qui a recueilli des parachutistes britanniques le 6\u00a0juin 1944 \u00e0 Barneville-la-Bertran<\/a>. \u00ab\u2009Elle m\u2019a demand\u00e9 son nom, car son arri\u00e8re-grand-m\u00e8re avait la m\u00eame histoire\u2009! Et elle m\u2019a appris des d\u00e9tails qui m\u2019ont servi pour le livre.\u2009\u00bb<\/p>\n<p>\u00ab\u2009Il faut essayer de pitcher le livre\u2009\u00bb<\/p>\n<p class=\" wall-content\">Venir au salon, c\u2019est aussi une vitrine pour ces auteurs pratiquement inconnus du grand public. Nomin\u00e9 parmi les 5 candidats au prix du jury (lire encadr\u00e9), le Caennais Mika Mundsen est venu pr\u00e9senter, une quinzaine d\u2019exemplaires \u00e9tal\u00e9s devant lui, son dernier roman, La Villa Ruby.\u00a0Devant les curieux, \u00ab\u2009il faut essayer de pitcher le livre, d\u2019accrocher les gens pour leur donner envie\u2009\u00bb.\u00a0Un r\u00e9cit tr\u00e8s local, un peu plus simple \u00e0 vendre \u00e0 Pont-l\u2019\u00c9v\u00eaque qu\u2019ailleurs, puisqu\u2019il se d\u00e9roule sur les planches de Deauville, en photo sur la couverture. Une histoire de villa en d\u00e9cr\u00e9pitude, que l\u2019on croit abandonn\u00e9e, mais qui est habit\u00e9e par le personnage principal que la mairie aimerait bien expulser. \u00ab\u2009Le r\u00e9cit traverse plusieurs \u00e9poques\u2009!\u2009\u00bb<\/p>\n<p>    <img   decoding=\"async\" loading=\"lazy\" class=\"size-large\" src=\"https:\/\/www.europesays.com\/fr\/wp-content\/uploads\/2025\/09\/d35b528808d86e75b528808d8bb5b5v-960x640.jpg\" alt=\"Nomin\u00e9 au prix du jury du salon du livre de Pont-l'\u00c9v\u00eaque, Mika Mundsen, accompagn\u00e9 par son \u00e9diteur Alain David, esp\u00e8re bien vendre son livre La Villa Ruby.\" width=\"960\" height=\"640\"\/><br \/>\n    Nomin\u00e9 au prix du jury du salon du livre de Pont-l\u2019\u00c9v\u00eaque, Mika Mundsen, accompagn\u00e9 par son \u00e9diteur Alain David, esp\u00e8re bien vendre son livre La Villa Ruby, dont l\u2019histoire se d\u00e9roule \u00e0 Deauville. \u00a9Anthony DERESTIATVid\u00e9os : en ce moment sur Actu<\/p>\n<p class=\" wall-content\">Mika Mundsen est venu avec son \u00e9diteur, Alain David, qui a cr\u00e9\u00e9 la maison d\u2019\u00e9dition L\u2019Oiseau parleur, il y a trois ans, \u00e0 Caen. Des livres soign\u00e9s, qui feraient presque oublier qu\u2019il s\u2019agit d\u2019une petite maison ind\u00e9pendante. Pour lui aussi, l\u2019enjeu est de faire conna\u00eetre son travail\u2009: \u00ab\u2009Dans les salons r\u00e9gionaux, on retrouve des auteurs r\u00e9currents, qui ont leurs fans. En tant qu\u2019\u00e9diteur, ce n\u2019est pas encore notre cas, on essaie de se d\u00e9marquer\u2009!\u2009\u00bb<\/p>\n<p>Une premi\u00e8re pour la biblioth\u00e8que sonore<\/p>\n<p class=\" wall-content\">Se faire conna\u00eetre, mais de mani\u00e8re encore plus d\u00e9sint\u00e9ress\u00e9e, c\u2019est aussi l\u2019objectif de la Biblioth\u00e8que sonore de l\u2019association des Donneurs de voix, <a href=\"https:\/\/actu.fr\/normandie\/benerville-sur-mer_14059\/cote-fleurie-la-bibliotheque-sonore-reve-dun-toit-en-plus-pour-ses-voix-genereuses-et-ses-livres_62989640.html\" target=\"_blank\" rel=\"noopener\">qui a ouvert une antenne a ouvert \u00e0 Benerville-sur-Mer cet \u00e9t\u00e9<\/a>. Sa mission\u2009? Enregistrer des ouvrages au format audio, et les mettre gratuitement \u00e0 disposition de personnes n\u2019arrivant pas \u00e0 lire, en raison de l\u2019illettrisme, du handicap, de probl\u00e8mes de vue ou du grand \u00e2ge.<\/p>\n<p>Votre r\u00e9gion, votre actu !<\/p>\n<p>Recevez chaque jour les infos qui comptent pour vous.<\/p>\n<p>\t<a href=\"https:\/\/actu.fr\/newsletter\" class=\"ac-btn ac-btn--corner ac-btn--medium ac-btn--blue800\" target=\"_blank\" rel=\"noopener\">S&rsquo;incrire<\/a><\/p>\n<p>    <img   decoding=\"async\" loading=\"lazy\" class=\"size-large\" src=\"https:\/\/www.europesays.com\/fr\/wp-content\/uploads\/2025\/09\/9631528808d86ba31528808d8ae315v-960x640.jpg\" alt=\"Pr\u00e9sents pour la premi\u00e8re fois au salon du livre de Pont-l'\u00c9v\u00eaque, les b\u00e9n\u00e9voles de la Biblioth\u00e8que sonore esp\u00e8rent faire d\u00e9couvrir leur association \u00e0 des personnes emp\u00each\u00e9es de lire, mais aussi d\u00e9nicher des ouvrages \u00e0 ajouter \u00e0 leur collection.\" width=\"960\" height=\"640\"\/><br \/>\n    Pr\u00e9sents pour la premi\u00e8re fois au salon du livre de Pont-l\u2019\u00c9v\u00eaque, les b\u00e9n\u00e9voles de la Biblioth\u00e8que sonore esp\u00e8rent faire d\u00e9couvrir leur association \u00e0 des personnes emp\u00each\u00e9es de lire, mais aussi d\u00e9nicher des ouvrages \u00e0 ajouter \u00e0 leur collection. \u00a9Anthony DERESTIAT<\/p>\n<p class=\" wall-content\">Avec un grand stand et des kak\u00e9monos, difficile de rater la pr\u00e9sence de l\u2019association, satisfaite d\u2019avoir \u00ab\u2009recrut\u00e9\u2009\u00bb une dizaine de lecteurs int\u00e9ress\u00e9s sur la journ\u00e9e. Mais l\u00e0 n\u2019est pas le seul enjeu, puisqu\u2019il s\u2019agit aussi de rep\u00e9rer des ouvrages locaux, pour que le fonds ne contienne pas que des best-sellers. Son responsable local, Jean-Luc Gioanni, a d\u2019ailleurs fait une promesse aux organisateurs du salon\u2009: \u00ab\u2009Je me suis engag\u00e9 \u00e0 enregistrer chaque ann\u00e9e le laur\u00e9at du prix du jury\u2009!\u2009\u00bb<\/p>\n<p>Le prix du jury pour Ce que l\u2019oc\u00e9an ne dira jamais, par Aur\u00e9lie Dye-Pellisson<\/p>\n<p>\u00c0 l\u2019unanimit\u00e9 des 7 jur\u00e9s, le prix du jury a \u00e9t\u00e9 remis \u00e0 Aur\u00e9lie Dye-Pellisson, pour son roman Ce que l\u2019oc\u00e9an ne dira jamais, inspir\u00e9 de l\u2019histoire de son arri\u00e8re-grand-oncle, disparu dans le naufrage du Princess Sophia en Alaska le 25\u00a0octobre 1918. Un \u00e9v\u00e9nement plong\u00e9 dans l\u2019oubli par la fin de la Premi\u00e8re guerre mondiale, mais que l\u2019autrice a voulu explorer. Cette professeure de lettre, r\u00e9sidant \u00e0 Aix-en-Provence, re\u00e7oit pour l\u2019occasion son premier prix litt\u00e9raire, d\u00e8s son premier roman publi\u00e9 par une maison nationale, les \u00c9ditions H\u00e9lo\u00efse d\u2019Ormesson. \u00ab\u2009C\u2019est un grand honneur. Je ne connais personne dans le milieu litt\u00e9raire, \u00e7a veut dire que c\u2019est mon histoire qui a gagn\u00e9\u2009!\u2009\u00bb<\/p>\n<p class=\" wall-content\">Personnalisez votre actualit\u00e9 en ajoutant vos villes et m\u00e9dias en favori avec <a href=\"https:\/\/moncompte.actu.fr\" title=\"D\u00e9couvez Mon Actu\" rel=\"nofollow noopener\" data-trk=\"{&quot;cta&quot;:{&quot;action&quot;:&quot;https:\\\/\\\/moncompte.actu.fr&quot;,&quot;category&quot;:&quot;mon compte&quot;,&quot;from&quot;:&quot;article footer&quot;,&quot;name&quot;:&quot;Mon actu&quot;,&quot;type&quot;:&quot;cta&quot;}}\" target=\"_blank\">Mon Actu<\/a>.<\/p>\n","protected":false},"excerpt":{"rendered":"Par Anthony Derestiat Publi\u00e9 le 27 sept. 2025 \u00e0 17h58 C\u2019est jour de f\u00eate au Salon du livre&hellip;\n","protected":false},"author":2,"featured_media":422121,"comment_status":"","ping_status":"","sticky":false,"template":"","format":"standard","meta":{"footnotes":""},"categories":[1357],"tags":[1379,58,59,1011,27,1380,1652,22922],"class_list":{"0":"post-422120","1":"post","2":"type-post","3":"status-publish","4":"format-standard","5":"has-post-thumbnail","7":"category-livres","8":"tag-books","9":"tag-divertissement","10":"tag-entertainment","11":"tag-fr","12":"tag-france","13":"tag-livres","14":"tag-loisirs-culture","15":"tag-pays-dauge"},"share_on_mastodon":{"url":"https:\/\/pubeurope.com\/@fr\/115277948023548809","error":""},"_links":{"self":[{"href":"https:\/\/www.europesays.com\/fr\/wp-json\/wp\/v2\/posts\/422120","targetHints":{"allow":["GET"]}}],"collection":[{"href":"https:\/\/www.europesays.com\/fr\/wp-json\/wp\/v2\/posts"}],"about":[{"href":"https:\/\/www.europesays.com\/fr\/wp-json\/wp\/v2\/types\/post"}],"author":[{"embeddable":true,"href":"https:\/\/www.europesays.com\/fr\/wp-json\/wp\/v2\/users\/2"}],"replies":[{"embeddable":true,"href":"https:\/\/www.europesays.com\/fr\/wp-json\/wp\/v2\/comments?post=422120"}],"version-history":[{"count":0,"href":"https:\/\/www.europesays.com\/fr\/wp-json\/wp\/v2\/posts\/422120\/revisions"}],"wp:featuredmedia":[{"embeddable":true,"href":"https:\/\/www.europesays.com\/fr\/wp-json\/wp\/v2\/media\/422121"}],"wp:attachment":[{"href":"https:\/\/www.europesays.com\/fr\/wp-json\/wp\/v2\/media?parent=422120"}],"wp:term":[{"taxonomy":"category","embeddable":true,"href":"https:\/\/www.europesays.com\/fr\/wp-json\/wp\/v2\/categories?post=422120"},{"taxonomy":"post_tag","embeddable":true,"href":"https:\/\/www.europesays.com\/fr\/wp-json\/wp\/v2\/tags?post=422120"}],"curies":[{"name":"wp","href":"https:\/\/api.w.org\/{rel}","templated":true}]}}