{"id":422126,"date":"2025-09-27T19:39:19","date_gmt":"2025-09-27T19:39:19","guid":{"rendered":"https:\/\/www.europesays.com\/fr\/422126\/"},"modified":"2025-09-27T19:39:19","modified_gmt":"2025-09-27T19:39:19","slug":"qui-est-titouan-leduc-le-nouveau-spider-man-francais-arrete-en-escaladant-le-plus-haut-gratte-ciel-de-lue","status":"publish","type":"post","link":"https:\/\/www.europesays.com\/fr\/422126\/","title":{"rendered":"Qui est Titouan Leduc, le \u00ab\u00a0nouveau Spider-Man fran\u00e7ais\u00a0\u00bb, arr\u00eat\u00e9 en escaladant le plus haut gratte-ciel de l&rsquo;UE ?"},"content":{"rendered":"<ul class=\"jsx-862013697 ArticleChapo__List\">\n<li class=\"jsx-862013697 ArticleChapo__List_Item flex\">Titouan Leduc a \u00e9t\u00e9 arr\u00eat\u00e9 samedi alors qu&rsquo;il grimpait le plus haut gratte-ciel de l&rsquo;Union europ\u00e9enne.<\/li>\n<li class=\"jsx-862013697 ArticleChapo__List_Item flex\">Vosgiens de 24 ans, il n&rsquo;en est pas \u00e0 son coup d&rsquo;essai.<\/li>\n<li class=\"jsx-862013697 ArticleChapo__List_Item flex\">Portrait de celui qui r\u00eave de venir \u00e0 bout de la plus haute tour du globe.<\/li>\n<\/ul>\n<p data-module=\"article-paragraph\" class=\"jsx-3046738180 Paragraph Paragraph__End\">Il avait d\u00e9j\u00e0 escalad\u00e9 l&rsquo;une des plus hautes tours de France. Quatre ans apr\u00e8s <a href=\"https:\/\/www.tf1info.fr\/societe\/video-a-21-ans-ce-jeune-spiderman-escalade-la-tour-montparnasse-a-mains-nues-2182522.html\" target=\"_blank\" rel=\"noopener\">s&rsquo;\u00eatre attaqu\u00e9 \u00e0 la tour Montparnasse (nouvelle fen\u00eatre)<\/a> et ses 209 m\u00e8tres, Titouan Leduc s&rsquo;est lanc\u00e9, samedi 27 septembre, dans une aventure encore plus p\u00e9rilleuse. \u00c0 24 ans, le jeune homme a entrepris de monter \u00e0 mains nues et sans protection jusqu&rsquo;au sommet de la Varso Tower, le plus haut gratte-ciel de l&rsquo;Union europ\u00e9enne, situ\u00e9 \u00e0 Varsovie. Stopp\u00e9 net dans sa course, il a \u00e9t\u00e9 interpell\u00e9 sur la terrasse panoramique, \u00e0 230 m\u00e8tres de hauteur, avant de pouvoir atteindre l&rsquo;antenne haute de 80 m\u00e8tres qui le surplombe. Portrait de ce grimpeur urbain qui multiplie les prouesses physiques.<\/p>\n<p>Un Vosgien qui r\u00eave de Bu<\/p>\n<p data-module=\"article-paragraph\" class=\"jsx-3046738180 Paragraph\">Alors qu&rsquo;il \u00e9tait encore \u00e9tudiant en Staps, Titouan a fait de la tour Montparnasse sa premi\u00e8re grande victoire dans la grimpe urbaine. Amateur depuis le plus jeune \u00e2ge, cette passion est n\u00e9e d&rsquo;une \u00ab\u00a0histoire d&rsquo;amour avec l&rsquo;escalade\u00a0\u00bb, comme il le confiait sur <a href=\"https:\/\/www.radiofrance.fr\/franceinter\/ils-ont-escalade-la-tour-montparnasse-a-mains-nues-qui-sont-les-nouveaux-alain-robert-8067572\" target=\"_blank\" rel=\"nofollow noopener\">France inter (nouvelle fen\u00eatre)<\/a>. \u00ab\u00a0Quand j&rsquo;ai vu que c&rsquo;\u00e9tait possible de grimper des immeubles, je me suis dit &lsquo;OK, je veux faire \u00e7a&rsquo;.\u00a0\u00bb\u00a0Forg\u00e9 sur les montagnes des Vosges, il a souvent troqu\u00e9 ses falaises pour la \u00ab\u00a0jungle urbaine\u00a0\u00bb, vivant cette histoire \u00ab\u00a0du rocher au b\u00e9ton\u00a0\u00bb, explique-t-il sur ses r\u00e9seaux sociaux. Et ce, malgr\u00e9 le risque de sanctions et celui encore plus pr\u00e9sent de la chute.\u00a0<\/p>\n<p data-module=\"article-paragraph\" class=\"jsx-3046738180 Paragraph Paragraph__End\">\u00ab\u00a0Parce que le danger est l\u00e0, permanent\u00a0\u00bb, notait-il d\u00e9j\u00e0 en 2021, \u00ab\u00a0mais pas la peur\u00a0\u00bb. Face \u00e0 l&rsquo;appel du vide, il l&rsquo;assure, ce sont les \u00ab\u00a0sensations\u00a0\u00bb qui prennent le dessus. \u00ab\u00a0On ne les retrouve nulle part ailleurs, impossibles \u00e0 d\u00e9crire. Ce serait comme d\u00e9crire une couleur \u00e0 un aveugle.\u00a0\u00bb \u00ab\u00a0Le vide, c&rsquo;est notre ami\u00a0\u00bb, r\u00e9p\u00e9tait-il encore il y a quelques semaines au quotidien local <a href=\"https:\/\/www.instagram.com\/p\/DL2kxQCNiii\/\" target=\"_blank\" rel=\"noopener\">Vosges Matin (nouvelle fen\u00eatre)<\/a>. \u00ab\u00a0Je l&rsquo;ai tellement fr\u00e9quent\u00e9 que je ne fais plus attention\u00a0\u00bb, avait-il m\u00eame fini par l\u00e2cher. Un argument de taille pour celui qui qualifie la tour Burj Khalifa et ses 828 m\u00e8tres comme son r\u00eave le plus fou. \u00ab\u00a0C&rsquo;est vraiment l&rsquo;accomplissement, le Graal de l&rsquo;escalade urbaine.\u00a0\u00bb<\/p>\n<p data-module=\"article-paragraph\" class=\"jsx-3046738180 Paragraph Paragraph__End\">C&rsquo;est donc peut dire que le jeune homme vit d&rsquo;adr\u00e9naline. Un argument encore mis en avant ce samedi. Apr\u00e8s l&rsquo;ascension le long des parois en verre de l&rsquo;h\u00f4tel pr\u00e9sidentiel de Varsovie, haute de 144 m\u00e8tres, il avait entrepris de s&rsquo;en prendre au plus haut gratte-ciel de la capitale, et de l&rsquo;Union europ\u00e9enne. Interrog\u00e9 sur ses motivations, Titouan Leduc expliquait \u00e0 l&rsquo;AFP vouloir \u00eatre \u00ab\u00a0le premier \u00e0 passer\u00a0\u00bb sur cette tour fraichement construite. \u00ab\u00a0C&rsquo;est quelque chose d&rsquo;assez excitant, d&rsquo;assez palpitant\u00a0\u00bb, avait-il d\u00e9clar\u00e9 \u00e0 l&rsquo;AFP avant son ascension. Ce sont finalement les forces de l&rsquo;ordre qui ont stopp\u00e9 son ascension. Apr\u00e8s avoir \u00e9t\u00e9 arr\u00eat\u00e9, le jeune homme a \u00e9t\u00e9 emmen\u00e9, menottes aux poignets, dans une voiture de police.<\/p>\n<p>F.S.<\/p>\n<p><script async src=\"\/\/www.instagram.com\/embed.js\"><\/script><\/p>\n","protected":false},"excerpt":{"rendered":"Titouan Leduc a \u00e9t\u00e9 arr\u00eat\u00e9 samedi alors qu&rsquo;il grimpait le plus haut gratte-ciel de l&rsquo;Union europ\u00e9enne. Vosgiens de&hellip;\n","protected":false},"author":2,"featured_media":422127,"comment_status":"","ping_status":"","sticky":false,"template":"","format":"standard","meta":{"footnotes":""},"categories":[1354],"tags":[1111,11,1921,58,59,1346,1011,27,1922,1757,1360,2437,133,1920],"class_list":{"0":"post-422126","1":"post","2":"type-post","3":"status-publish","4":"format-standard","5":"has-post-thumbnail","7":"category-films","8":"tag-actu","9":"tag-actualites","10":"tag-article-video","11":"tag-divertissement","12":"tag-entertainment","13":"tag-films","14":"tag-fr","15":"tag-france","16":"tag-info","17":"tag-insolite","18":"tag-movies","19":"tag-pologne","20":"tag-video","21":"tag-video-international"},"share_on_mastodon":{"url":"https:\/\/pubeurope.com\/@fr\/115277959307243012","error":""},"_links":{"self":[{"href":"https:\/\/www.europesays.com\/fr\/wp-json\/wp\/v2\/posts\/422126","targetHints":{"allow":["GET"]}}],"collection":[{"href":"https:\/\/www.europesays.com\/fr\/wp-json\/wp\/v2\/posts"}],"about":[{"href":"https:\/\/www.europesays.com\/fr\/wp-json\/wp\/v2\/types\/post"}],"author":[{"embeddable":true,"href":"https:\/\/www.europesays.com\/fr\/wp-json\/wp\/v2\/users\/2"}],"replies":[{"embeddable":true,"href":"https:\/\/www.europesays.com\/fr\/wp-json\/wp\/v2\/comments?post=422126"}],"version-history":[{"count":0,"href":"https:\/\/www.europesays.com\/fr\/wp-json\/wp\/v2\/posts\/422126\/revisions"}],"wp:featuredmedia":[{"embeddable":true,"href":"https:\/\/www.europesays.com\/fr\/wp-json\/wp\/v2\/media\/422127"}],"wp:attachment":[{"href":"https:\/\/www.europesays.com\/fr\/wp-json\/wp\/v2\/media?parent=422126"}],"wp:term":[{"taxonomy":"category","embeddable":true,"href":"https:\/\/www.europesays.com\/fr\/wp-json\/wp\/v2\/categories?post=422126"},{"taxonomy":"post_tag","embeddable":true,"href":"https:\/\/www.europesays.com\/fr\/wp-json\/wp\/v2\/tags?post=422126"}],"curies":[{"name":"wp","href":"https:\/\/api.w.org\/{rel}","templated":true}]}}