{"id":422137,"date":"2025-09-27T19:45:17","date_gmt":"2025-09-27T19:45:17","guid":{"rendered":"https:\/\/www.europesays.com\/fr\/422137\/"},"modified":"2025-09-27T19:45:17","modified_gmt":"2025-09-27T19:45:17","slug":"cet-americain-avoue-en-pleine-interview-tele-avoir-tue-ses-parents","status":"publish","type":"post","link":"https:\/\/www.europesays.com\/fr\/422137\/","title":{"rendered":"Cet Am\u00e9ricain avoue en pleine interview t\u00e9l\u00e9 avoir tu\u00e9 ses parents"},"content":{"rendered":"<p>        <img decoding=\"async\" loading=\"lazy\" src=\"https:\/\/www.europesays.com\/fr\/wp-content\/uploads\/2025\/09\/980adf2_upload-1-jqq8i080vp9d-capture-d-a-cran-2025-09-27-154823.png\"  width=\"728\" height=\"409\" alt=\"Laurenz Kraus, durant l\u2019interview qu\u2019il a accept\u00e9 de donner \u00e0 la chaine CBS6\u00a0et o\u00f9 il a finalement avou\u00e9 le meurtre de ses parents.\"\/>  <\/p>\n<p>Capture d\u2019\u00e9cran X<\/p>\n<p>Laurenz Kraus, durant l\u2019interview qu\u2019il a accept\u00e9 de donner \u00e0 la chaine CBS6\u00a0et o\u00f9 il a finalement avou\u00e9 le meurtre de ses parents.<\/p>\n<p class=\"asset asset-text\">INTERNATIONAL &#8211; Un r\u00e9cit gla\u00e7ant. Un Am\u00e9ricain de 53\u00a0ans a \u00e9t\u00e9 arr\u00eat\u00e9 d\u00e8s sa sortie d\u2019un studio t\u00e9l\u00e9 o\u00f9 il venait de donner une interview \u00e0 la cha\u00eene d\u2019information locale CBS6. La raison de cette arrestation express\u00a0? L\u2019homme venait tout juste d\u2019avouer le meurtre de ses parents, huit ans plus t\u00f4t.<\/p>\n<p class=\"asset asset-text\">Ces aveux bouleversants ont \u00e9t\u00e9 rapport\u00e9s par <a href=\"https:\/\/apnews.com\/article\/parents-murder-admission-tv-interview-ed80169cffa93ebd9791896edb833646\" target=\"_blank\" rel=\"noopener\" title=\"Nouvelle fen\u00eatre\">Associated Press<\/a> ce samedi 27\u00a0septembre, deux jours apr\u00e8s l\u2019arrestation de Lorenz Kraus pour le meurtre de ses deux parents dans l\u2019\u00c9tat de <a href=\"https:\/\/www.huffingtonpost.fr\/international\/article\/zohran-mamdani-obtient-un-tres-gros-soutien-dans-la-campagne-pour-les-municipales-de-new-york_255164.html\" target=\"_blank\" rel=\"noopener\" title=\"Nouvelle fen\u00eatre\">New York<\/a>. Une histoire singuli\u00e8re que l\u2019homme avait accept\u00e9 de confier au pr\u00e9sentateur local Greg Floyd.<\/p>\n<p class=\"asset asset-text\">Comme l\u2019explique le directeur de l\u2019information de cette cha\u00eene locale, Stone Grissom, l\u2019interview avait \u00e9t\u00e9 organis\u00e9e apr\u00e8s la r\u00e9ception d\u2019une \u00ab\u00a0d\u00e9claration de deux pages\u00a0\u00bb dans les locaux du m\u00e9dia. Dans sa lettre, l\u2019homme laissait \u00e9galement son num\u00e9ro de t\u00e9l\u00e9phone. Contact\u00e9, Lorenz Kraus expliquait alors qu\u2019il avait enterr\u00e9 ses parents dans son jardin. \u00ab\u00a0J\u2019invoque le cinqui\u00e8me amendement [le droit de refuser de t\u00e9moigner contre soi-m\u00eame, ndlr]\u00a0\u00bb, avait-il ensuite r\u00e9pondu, quand il lui a \u00e9t\u00e9 demand\u00e9 s\u2019il les avait tu\u00e9s.<\/p>\n<p> La lecture de ce contenu est susceptible d\u2019entra\u00eener un d\u00e9p\u00f4t de cookies de la part de l\u2019op\u00e9rateur tiers qui l\u2019h\u00e9berge. Compte-tenu des choix que vous avez exprim\u00e9s en mati\u00e8re de d\u00e9p\u00f4t de cookies, nous avons bloqu\u00e9 l\u2019affichage de ce contenu. Si vous souhaitez y acc\u00e9der, vous devez accepter la cat\u00e9gorie de cookies \u201cContenus tiers\u201d en cliquant sur le bouton ci-dessous. <\/p>\n<p> Lire la Vid\u00e9o        \u00ab\u00a0J\u2019ai fait mon devoir envers mes parents\u00a0\u00bb    <\/p>\n<p class=\"asset asset-text\">Persuasif, Stone Grissom arrive finalement \u00e0 n\u00e9gocier une interview de 30\u00a0minutes avec cet homme qui s\u2019est bel et bien pr\u00e9sent\u00e9 au studio de la cha\u00eene jeudi. Et malgr\u00e9 une forme de r\u00e9ticence \u00e0 confier le fond de son histoire, l\u2019insistance du pr\u00e9sentateur a pay\u00e9 apr\u00e8s huit minutes d\u2019entretien.<\/p>\n<p class=\"asset asset-text\">Lorenz Kraus passe alors aux aveux. Et explique comment il a \u00e9touff\u00e9 ses deux parents Franz et Theresia, \u00e2g\u00e9s de 92\u00a0et 83\u00a0ans au moment des faits et d\u00e9crits comme des survivants de la Seconde Guerre mondiale. Selon leur fils, ils \u00e9taient tous les deux souffrants, malgr\u00e9 l\u2019absence de maladie incurable. Sa m\u00e8re avait \u00e9t\u00e9 bless\u00e9e apr\u00e8s une chute en traversant une route. Quant \u00e0 son p\u00e8re, il \u00e9tait dans l\u2019incapacit\u00e9 de se d\u00e9placer en voiture depuis une op\u00e9ration de cataracte.<\/p>\n<p class=\"asset asset-text\">\u00ab\u00a0J\u2019ai fait mon devoir envers mes parents\u00a0\u00bb, explique-t-il dans les extraits de cette interview, o\u00f9 il \u00e9voque des meurtres par compassion. \u00ab\u00a0Mon inqui\u00e9tude face \u00e0 leur malheur \u00e9tait important \u00bb, ajoute l\u2019homme qui affirme toutefois qu\u2019ils n\u2019avaient pas demand\u00e9 \u00e0 \u00eatre tu\u00e9s. \u00ab\u00a0Ils savaient que c\u2019\u00e9tait la fin pour eux, qu\u2019ils allaient p\u00e9rir de votre main\u00a0?\u00a0\u00bb lui a d\u2019ailleurs demand\u00e9 le pr\u00e9sentateur. Sa r\u00e9ponse\u00a0? \u00ab\u00a0Oui. Et c\u2019\u00e9tait tellement rapide.\u00a0\u00bb<\/p>\n<p>    D\u00e9couverte macabre dans l\u2019arri\u00e8re-cour    <\/p>\n<p class=\"asset asset-text\">Mais comment ce crime a-t-il pu rester secret si longtemps\u00a0? Selon AP, la disparition de Franz et Theresia Kraus n\u2019a jamais \u00e9t\u00e9 signal\u00e9e. Les voisins du couple, par exemple, pensaient qu\u2019ils \u00e9taient repartis vivre en Allemagne. Pourtant, deux jours avant cette interview choc, la police locale s\u2019\u00e9tait rendue au domicile du couple pour fouiller la propri\u00e9t\u00e9. Les corps des parents de Lorenz avaient \u00e9t\u00e9 retrouv\u00e9s en creusant dans l\u2019arri\u00e8re-cour.<\/p>\n<p class=\"asset asset-text\">La raison de la venue de la police sur les lieux du crime est \u00e0 chercher du c\u00f4t\u00e9 des paiements de s\u00e9curit\u00e9 sociale que les parents de Lorenz continuaient de percevoir alors qu\u2019ils avaient disparu de la circulation depuis plusieurs ann\u00e9es. En effet, une enqu\u00eate pour crimes financiers avait \u00e9t\u00e9 ouverte afin de faire la lumi\u00e8re sur la situation de cette famille.<\/p>\n<p class=\"asset asset-text\">En r\u00e9alit\u00e9, c\u2019est Lorenz qui percevait ces sommes d\u2019argents \u00e0 des fins personnelles, selon l\u2019enqu\u00eate de police. Une fois son interview termin\u00e9e, la police l\u2019attendait donc logiquement \u00e0 la sortie du studio pour l\u2019inculper. Pr\u00e9sent\u00e9 vendredi \u00e0 un juge du tribunal d\u2019Albany, il a plaid\u00e9 non coupable par l\u2019interm\u00e9diaire de son avocate. Car cette fois, il n\u2019a pas prononc\u00e9 le moindre mot.<\/p>\n","protected":false},"excerpt":{"rendered":"Capture d\u2019\u00e9cran X Laurenz Kraus, durant l\u2019interview qu\u2019il a accept\u00e9 de donner \u00e0 la chaine CBS6\u00a0et o\u00f9 il&hellip;\n","protected":false},"author":2,"featured_media":422138,"comment_status":"","ping_status":"","sticky":false,"template":"","format":"standard","meta":{"footnotes":""},"categories":[5],"tags":[11,73,1011,27,14,2173,777,12,252,28],"class_list":{"0":"post-422137","1":"post","2":"type-post","3":"status-publish","4":"format-standard","5":"has-post-thumbnail","7":"category-international","8":"tag-actualites","9":"tag-etats-unis","10":"tag-fr","11":"tag-france","12":"tag-international","13":"tag-interview","14":"tag-meurtre","15":"tag-news","16":"tag-television","17":"tag-world"},"share_on_mastodon":{"url":"https:\/\/pubeurope.com\/@fr\/115277983352852086","error":""},"_links":{"self":[{"href":"https:\/\/www.europesays.com\/fr\/wp-json\/wp\/v2\/posts\/422137","targetHints":{"allow":["GET"]}}],"collection":[{"href":"https:\/\/www.europesays.com\/fr\/wp-json\/wp\/v2\/posts"}],"about":[{"href":"https:\/\/www.europesays.com\/fr\/wp-json\/wp\/v2\/types\/post"}],"author":[{"embeddable":true,"href":"https:\/\/www.europesays.com\/fr\/wp-json\/wp\/v2\/users\/2"}],"replies":[{"embeddable":true,"href":"https:\/\/www.europesays.com\/fr\/wp-json\/wp\/v2\/comments?post=422137"}],"version-history":[{"count":0,"href":"https:\/\/www.europesays.com\/fr\/wp-json\/wp\/v2\/posts\/422137\/revisions"}],"wp:featuredmedia":[{"embeddable":true,"href":"https:\/\/www.europesays.com\/fr\/wp-json\/wp\/v2\/media\/422138"}],"wp:attachment":[{"href":"https:\/\/www.europesays.com\/fr\/wp-json\/wp\/v2\/media?parent=422137"}],"wp:term":[{"taxonomy":"category","embeddable":true,"href":"https:\/\/www.europesays.com\/fr\/wp-json\/wp\/v2\/categories?post=422137"},{"taxonomy":"post_tag","embeddable":true,"href":"https:\/\/www.europesays.com\/fr\/wp-json\/wp\/v2\/tags?post=422137"}],"curies":[{"name":"wp","href":"https:\/\/api.w.org\/{rel}","templated":true}]}}