{"id":422139,"date":"2025-09-27T19:46:10","date_gmt":"2025-09-27T19:46:10","guid":{"rendered":"https:\/\/www.europesays.com\/fr\/422139\/"},"modified":"2025-09-27T19:46:10","modified_gmt":"2025-09-27T19:46:10","slug":"comment-la-france-et-litalie-ont-demantele-un-reseau-de-blanchiment-pour-narcotrafiquants-marseillais","status":"publish","type":"post","link":"https:\/\/www.europesays.com\/fr\/422139\/","title":{"rendered":"comment la France et l\u2019Italie ont d\u00e9mantel\u00e9 un r\u00e9seau de blanchiment pour narcotrafiquants marseillais"},"content":{"rendered":"<p><strong>R\u00c9CIT<\/strong> &#8211; Plusieurs millions d\u2019euros et 55 kilos d\u2019or ont \u00e9t\u00e9 saisis en France par les gendarmes de la section de recherches de Marseille, lanc\u00e9s sur la piste de blanchisseurs \u00e9trangers qui agissaient notamment pour le compte de criminels li\u00e9s au gang de la DZ Mafia.<\/p>\n<p class=\"fig-paragraph\">Des millions d\u2019euros saisis, de l\u2019or retrouv\u00e9 par dizaines de kilos, et une usine retir\u00e9e des griffes d\u2019un\u00a0<a href=\"http:\/\/www.lefigaro.fr\/marseille\/marseille-un-vaste-reseau-international-de-blanchiment-lie-a-la-dz-mafia-demantele-20250923\" data-fig-type=\"NewsFlash\" data-gtm-custom-categorie=\"navigation\" data-gtm-custom-action=\"crossclick\" data-gtm-custom-label=\"Contextuel\" data-gtm-event=\"customEventSPE\" data-fig-domain=\"LEFIGARO\" target=\"_blank\" rel=\"noopener\">vaste r\u00e9seau de blanchiment international<\/a>\u00a0au service de narcotrafiquants phoc\u00e9ens. L\u2019affaire rev\u00eat un caract\u00e8re \u00abexceptionnel\u00bb, comme le confirme ce samedi le procureur de la R\u00e9publique de Marseille, Nicolas Bessone.<\/p>\n<p class=\"fig-paragraph\">\u00abLes cerveaux de l\u2019op\u00e9ration \u00e9taient en Italie. Ils blanchissaient de l\u2019argent pour des organisations criminelles fran\u00e7aises et \u00e9trang\u00e8res gr\u00e2ce \u00e0 une fonderie install\u00e9e en Italie, tout en proposant leurs services \u00e0 des trafiquants de stup\u00e9fiants partout sur le territoire national\u00bb, a r\u00e9sum\u00e9 le magistrat lors d\u2019une conf\u00e9rence de presse, dessinant les contours d\u2019une\u00a0<a href=\"http:\/\/www.lefigaro.fr\/marseille\/assassinats-extorsions-intimidations-inspiree-par-les-cartels-sud-americains-la-dz-mafia-etend-sa-toile-sur-marseille-20241012\" data-fig-type=\"NewsFlash\" data-gtm-custom-categorie=\"navigation\" data-gtm-custom-action=\"crossclick\" data-gtm-custom-label=\"Contextuel\" data-gtm-event=\"customEventSPE\" data-fig-domain=\"LEFIGARO\" target=\"_blank\" rel=\"noopener\">organisation criminelle<\/a>\u00a0empruntant tous les traits du taylorisme moderne.<\/p>\n<p class=\"fig-paragraph\">Au cours du mois de septembre, les gendarmes de la section de recherches (SR) de Marseille ont mis un coup d\u2019arr\u00eat \u00e0 cette organisation du travail en interpellant quinze personnes suspect\u00e9es d\u2019appartenir au r\u00e9seau. Parmi elles, des \u00abcollecteurs\u00bb<\/p>\n<p class=\"fig-premium-paywall__infos\">\n        Cet article est r\u00e9serv\u00e9 aux abonn\u00e9s.        Il vous reste 76% \u00e0 d\u00e9couvrir.\n    <\/p>\n<p>                <img  data- alt=\"Le Figaro\" class=\"fig-img--complete fig-img\"\/><\/p>\n<p class=\"fig-premium-paywall__title\">Vous avez envie de lire la suite ?<\/p>\n<p class=\"fig-premium-paywall__subtitle\">D\u00e9bloquez tous les articles imm\u00e9diatement.<\/p>\n<p class=\"fig-premium-paywall__connect\">\n                D\u00e9j\u00e0 abonn\u00e9\u00a0?                <a class=\"fig-premium-paywall__connect-link\" href=\"https:\/\/connect.lefigaro.fr\/login?client=horizon_web&amp;type=main&amp;redirect_uri=https%3A%2F%2Fwww.lefigaro.fr%2Fmarseille%2Fles-lingots-les-collecteurs-et-la-fonderie-comment-la-france-et-l-italie-ont-demantele-un-reseau-de-blanchiment-pour-narcotrafiquants-marseillais-20250927\" data-js-gtm=\"{&quot;customCategorie&quot;: &quot;conversion&quot;, &quot;customAction&quot;: &quot;before_Landing_Connexion_paywall_auto&quot;, &quot;customLabel&quot;: &quot;bGVmaWdhcm8uZnJfXzFmMDliOTU0LTEwMDktNmQ0NC1hOGNkLTg3OWI1MzYwNWQ2ZF9fTmV3c0ZsYXNo_Les lingots, les collecteurs et la fonderie\u00a0: comment la France et l\u2019Italie ont d\u00e9mantel\u00e9 un r\u00e9seau de blanchiment pour narcotrafiquants marseillais_236&quot;, &quot;customIDSPE&quot;: &quot;bGVmaWdhcm8uZnJfXzFmMDliOTU0LTEwMDktNmQ0NC1hOGNkLTg3OWI1MzYwNWQ2ZF9fTmV3c0ZsYXNo&quot;, &quot;event&quot;: &quot;customEventSPE&quot;}\" target=\"_blank\" rel=\"noopener\"><br \/>\n                    Connectez-vous<br \/>\n                <\/a>\n            <\/p>\n","protected":false},"excerpt":{"rendered":"R\u00c9CIT &#8211; Plusieurs millions d\u2019euros et 55 kilos d\u2019or ont \u00e9t\u00e9 saisis en France par les gendarmes de&hellip;\n","protected":false},"author":2,"featured_media":422140,"comment_status":"","ping_status":"","sticky":false,"template":"","format":"standard","meta":{"footnotes":""},"categories":[4],"tags":[11,30064,1011,27,3381,12,25,887],"class_list":{"0":"post-422139","1":"post","2":"type-post","3":"status-publish","4":"format-standard","5":"has-post-thumbnail","7":"category-france","8":"tag-actualites","9":"tag-blanchiment-dargent","10":"tag-fr","11":"tag-france","12":"tag-gendarmerie","13":"tag-news","14":"tag-republique-francaise","15":"tag-trafic-de-drogue"},"share_on_mastodon":{"url":"https:\/\/pubeurope.com\/@fr\/115277986788816128","error":""},"_links":{"self":[{"href":"https:\/\/www.europesays.com\/fr\/wp-json\/wp\/v2\/posts\/422139","targetHints":{"allow":["GET"]}}],"collection":[{"href":"https:\/\/www.europesays.com\/fr\/wp-json\/wp\/v2\/posts"}],"about":[{"href":"https:\/\/www.europesays.com\/fr\/wp-json\/wp\/v2\/types\/post"}],"author":[{"embeddable":true,"href":"https:\/\/www.europesays.com\/fr\/wp-json\/wp\/v2\/users\/2"}],"replies":[{"embeddable":true,"href":"https:\/\/www.europesays.com\/fr\/wp-json\/wp\/v2\/comments?post=422139"}],"version-history":[{"count":0,"href":"https:\/\/www.europesays.com\/fr\/wp-json\/wp\/v2\/posts\/422139\/revisions"}],"wp:featuredmedia":[{"embeddable":true,"href":"https:\/\/www.europesays.com\/fr\/wp-json\/wp\/v2\/media\/422140"}],"wp:attachment":[{"href":"https:\/\/www.europesays.com\/fr\/wp-json\/wp\/v2\/media?parent=422139"}],"wp:term":[{"taxonomy":"category","embeddable":true,"href":"https:\/\/www.europesays.com\/fr\/wp-json\/wp\/v2\/categories?post=422139"},{"taxonomy":"post_tag","embeddable":true,"href":"https:\/\/www.europesays.com\/fr\/wp-json\/wp\/v2\/tags?post=422139"}],"curies":[{"name":"wp","href":"https:\/\/api.w.org\/{rel}","templated":true}]}}