{"id":42214,"date":"2025-04-21T19:25:34","date_gmt":"2025-04-21T19:25:34","guid":{"rendered":"https:\/\/www.europesays.com\/fr\/42214\/"},"modified":"2025-04-21T19:25:34","modified_gmt":"2025-04-21T19:25:34","slug":"un-habitant-decully-brule-au-visage-par-lexplosion-et-lincendie-de-sa-maison","status":"publish","type":"post","link":"https:\/\/www.europesays.com\/fr\/42214\/","title":{"rendered":"un habitant d&rsquo;Ecully br\u00fbl\u00e9 au visage par l&rsquo;explosion et l&rsquo;incendie de sa maison"},"content":{"rendered":"<p>Pr\u00e8s de Lyon : un habitant d&rsquo;Ecully br\u00fbl\u00e9 au visage par l&rsquo;explosion et l&rsquo;incendie de sa maison &#8211; LyonMag<\/p>\n<p itemprop=\"description\"><strong>Difficile intervention des pompiers ce lundi matin sur l&rsquo;exigu chemin de Villeneuve \u00e0 Ecully.<\/strong><\/p>\n<p>Une explosion s&rsquo;est d&rsquo;abord produite dans une maison, avant que les flammes ne se propagent et ne la d\u00e9truisent int\u00e9gralement.<\/p>\n<p>L&rsquo;unique occupant des lieux a \u00e9t\u00e9 br\u00fbl\u00e9 au visage. Il a pu \u00eatre \u00e9vacu\u00e9 par des voisins qui l&rsquo;ont pris en charge avant que les secours ne prennent le relais. Les jours de l&rsquo;octog\u00e9naire ne seraient pas en danger.<\/p>\n<p>Une enqu\u00eate a \u00e9t\u00e9 ouverte pour d\u00e9terminer l&rsquo;origine du sinistre.<\/p>\n","protected":false},"excerpt":{"rendered":"Pr\u00e8s de Lyon : un habitant d&rsquo;Ecully br\u00fbl\u00e9 au visage par l&rsquo;explosion et l&rsquo;incendie de sa maison &#8211;&hellip;\n","protected":false},"author":2,"featured_media":42215,"comment_status":"","ping_status":"","sticky":false,"template":"","format":"standard","meta":{"footnotes":""},"categories":[1889],"tags":[1111,11,2813,2190,2430,1109,251,1112,2811,1777,674,118,1011,27,1922,1110,1114,2428,2810,12,241,316,25,2812,517,800],"class_list":{"0":"post-42214","1":"post","2":"type-post","3":"status-publish","4":"format-standard","5":"has-post-thumbnail","7":"category-lyon","8":"tag-actu","9":"tag-actualites","10":"tag-article","11":"tag-asvel","12":"tag-auvergne-rhone-alpes","13":"tag-breves","14":"tag-culture","15":"tag-depeches","16":"tag-economique","17":"tag-eu","18":"tag-europe","19":"tag-faits-divers","20":"tag-fr","21":"tag-france","22":"tag-info","23":"tag-informations","24":"tag-infos","25":"tag-lyon","26":"tag-lyonmag","27":"tag-news","28":"tag-ol","29":"tag-politique","30":"tag-republique-francaise","31":"tag-sociale","32":"tag-sport","33":"tag-transports"},"share_on_mastodon":{"url":"https:\/\/pubeurope.com\/@fr\/114377596764909186","error":""},"_links":{"self":[{"href":"https:\/\/www.europesays.com\/fr\/wp-json\/wp\/v2\/posts\/42214","targetHints":{"allow":["GET"]}}],"collection":[{"href":"https:\/\/www.europesays.com\/fr\/wp-json\/wp\/v2\/posts"}],"about":[{"href":"https:\/\/www.europesays.com\/fr\/wp-json\/wp\/v2\/types\/post"}],"author":[{"embeddable":true,"href":"https:\/\/www.europesays.com\/fr\/wp-json\/wp\/v2\/users\/2"}],"replies":[{"embeddable":true,"href":"https:\/\/www.europesays.com\/fr\/wp-json\/wp\/v2\/comments?post=42214"}],"version-history":[{"count":0,"href":"https:\/\/www.europesays.com\/fr\/wp-json\/wp\/v2\/posts\/42214\/revisions"}],"wp:featuredmedia":[{"embeddable":true,"href":"https:\/\/www.europesays.com\/fr\/wp-json\/wp\/v2\/media\/42215"}],"wp:attachment":[{"href":"https:\/\/www.europesays.com\/fr\/wp-json\/wp\/v2\/media?parent=42214"}],"wp:term":[{"taxonomy":"category","embeddable":true,"href":"https:\/\/www.europesays.com\/fr\/wp-json\/wp\/v2\/categories?post=42214"},{"taxonomy":"post_tag","embeddable":true,"href":"https:\/\/www.europesays.com\/fr\/wp-json\/wp\/v2\/tags?post=42214"}],"curies":[{"name":"wp","href":"https:\/\/api.w.org\/{rel}","templated":true}]}}