{"id":422144,"date":"2025-09-27T19:49:15","date_gmt":"2025-09-27T19:49:15","guid":{"rendered":"https:\/\/www.europesays.com\/fr\/422144\/"},"modified":"2025-09-27T19:49:15","modified_gmt":"2025-09-27T19:49:15","slug":"saint-etienne-de-saint-geoirs-7-kilos-dharicots-verts-equeutes","status":"publish","type":"post","link":"https:\/\/www.europesays.com\/fr\/422144\/","title":{"rendered":"Saint-\u00c9tienne-de-Saint-Geoirs. 7\u00a0kilos d\u2019haricots verts \u00e9queut\u00e9s"},"content":{"rendered":"<p>Ce vendredi 26\u00a0septembre, les r\u00e9sidents \u00e9taient invit\u00e9s \u00e0 \u00e9queuter les haricots verts cueillis la veille\u2026 7\u00a0kilos pour le repas de midi. La veille, les b\u00e9n\u00e9voles, Yolande, Christine, Odile, Gaby et Sandrine, directrice, \u00e9taient pr\u00e9sents au forum de La\u00a0C\u00f4te-Saint-Andr\u00e9, mais, le froid et la pluie ont dissuad\u00e9 ceux qui pouvaient \u00eatre demandeurs d\u2019informations.<\/p>\n","protected":false},"excerpt":{"rendered":"Ce vendredi 26\u00a0septembre, les r\u00e9sidents \u00e9taient invit\u00e9s \u00e0 \u00e9queuter les haricots verts cueillis la veille\u2026 7\u00a0kilos pour le&hellip;\n","protected":false},"author":2,"featured_media":422145,"comment_status":"","ping_status":"","sticky":false,"template":"","format":"standard","meta":{"footnotes":""},"categories":[9653],"tags":[1111,11,2430,114,1777,674,1011,27,12,25,4001,44850,27908,71],"class_list":{"0":"post-422144","1":"post","2":"type-post","3":"status-publish","4":"format-standard","5":"has-post-thumbnail","7":"category-saint-etienne","8":"tag-actu","9":"tag-actualites","10":"tag-auvergne-rhone-alpes","11":"tag-edition-voiron-saint-marcellin","12":"tag-eu","13":"tag-europe","14":"tag-fr","15":"tag-france","16":"tag-news","17":"tag-republique-francaise","18":"tag-saint-etienne","19":"tag-saint-etienne-de-saint-geoirs","20":"tag-saint-geoirs-et-autour","21":"tag-sante"},"share_on_mastodon":{"url":"https:\/\/pubeurope.com\/@fr\/115277999196610288","error":""},"_links":{"self":[{"href":"https:\/\/www.europesays.com\/fr\/wp-json\/wp\/v2\/posts\/422144","targetHints":{"allow":["GET"]}}],"collection":[{"href":"https:\/\/www.europesays.com\/fr\/wp-json\/wp\/v2\/posts"}],"about":[{"href":"https:\/\/www.europesays.com\/fr\/wp-json\/wp\/v2\/types\/post"}],"author":[{"embeddable":true,"href":"https:\/\/www.europesays.com\/fr\/wp-json\/wp\/v2\/users\/2"}],"replies":[{"embeddable":true,"href":"https:\/\/www.europesays.com\/fr\/wp-json\/wp\/v2\/comments?post=422144"}],"version-history":[{"count":0,"href":"https:\/\/www.europesays.com\/fr\/wp-json\/wp\/v2\/posts\/422144\/revisions"}],"wp:featuredmedia":[{"embeddable":true,"href":"https:\/\/www.europesays.com\/fr\/wp-json\/wp\/v2\/media\/422145"}],"wp:attachment":[{"href":"https:\/\/www.europesays.com\/fr\/wp-json\/wp\/v2\/media?parent=422144"}],"wp:term":[{"taxonomy":"category","embeddable":true,"href":"https:\/\/www.europesays.com\/fr\/wp-json\/wp\/v2\/categories?post=422144"},{"taxonomy":"post_tag","embeddable":true,"href":"https:\/\/www.europesays.com\/fr\/wp-json\/wp\/v2\/tags?post=422144"}],"curies":[{"name":"wp","href":"https:\/\/api.w.org\/{rel}","templated":true}]}}