{"id":422146,"date":"2025-09-27T19:50:46","date_gmt":"2025-09-27T19:50:46","guid":{"rendered":"https:\/\/www.europesays.com\/fr\/422146\/"},"modified":"2025-09-27T19:50:46","modified_gmt":"2025-09-27T19:50:46","slug":"voici-ou-et-quand-participer-a-une-marche-ou-une-course-contre-le-cancer-du-sein","status":"publish","type":"post","link":"https:\/\/www.europesays.com\/fr\/422146\/","title":{"rendered":"voici o\u00f9 et quand participer \u00e0 une marche ou une course contre le cancer du sein"},"content":{"rendered":"<p>Pr\u00e9parez-vous \u00e0 chausser vos baskets pour la bonne cause\u00a0! Chaque ann\u00e9e, des vagues roses de marcheurs et marcheuses d\u00e9ferlent dans les rues pour Octobre rose.\u00a0<\/p>\n<p>Faire du sport dans une ambiance festive, tout en sensibilisant \u00e0 l&rsquo;importance du d\u00e9pistage du cancer du sein, voil\u00e0 le but de ces \u00e9v\u00e9nements tr\u00e8s populaires.\u00a0<\/p>\n<p>Tout au long du mois d&rsquo;octobre, il sera donc possible de participer \u00e0 l&rsquo;une de ces marches pr\u00e8s de chez vous.\u00a0<\/p>\n<p>Ce contenu est bloqu\u00e9 car vous n&rsquo;avez pas accept\u00e9 les cookies et autres traceurs.<\/p>\n<p>En cliquant sur \u00ab J\u2019accepte \u00bb, les cookies et autres traceurs seront d\u00e9pos\u00e9s et vous pourrez visualiser les contenus Flourish (<a href=\"\" class=\"consentModule_policy\" target=\"_blank\" title=\"Consulter la politique de protection des donn\u00e9es du fournisseur\">plus d&rsquo;informations<\/a>).<\/p>\n<p>En cliquant sur \u00ab J\u2019accepte tous les cookies \u00bb, vous autorisez des d\u00e9p\u00f4ts de cookies et autres traceurs pour le stockage de vos donn\u00e9es sur nos sites et applications \u00e0 des fins de personnalisation et de ciblage publicitaire.<\/p>\n<p class=\"consentModule_secondaryText\">&#13;<br \/>\n                Vous gardez la possibilit\u00e9 de retirer votre consentement \u00e0 tout moment en consultant notre <a href=\"https:\/\/www.estrepublicain.fr\/protection-des-donnees\" target=\"_blank\" title=\"Consulter notre politique de protection des donn\u00e9es\" rel=\"noopener\">politique de protection des donn\u00e9es<\/a>. <br \/>&#13;<br \/>\n                <a href=\"https:\/\/www.estrepublicain.fr\/magazine-sante\/2025\/09\/27\/javascript:Didomi.notice.show()\" class=\"consentModule_cmp\" target=\"_blank\" rel=\"noopener\">G\u00e9rer mes choix<\/a>&#13;\n            <\/p>\n<p>&#13;<br \/>\n                                J&rsquo;accepte&#13;<br \/>\n                J&rsquo;accepte tous les cookies&#13;\n            <\/p>\n<p>  En Meurthe-et-Moselle<\/p>\n<p><strong>Nancy<\/strong>\u00a0:\u00a0le\u00a05 octobre. <a href=\"https:\/\/www.estrepublicain.fr\/culture-loisirs\/2025\/09\/24\/course-marche-pour-octobre-rose-une-date-avancee-un-prix-stable-et-des-anciens-tee-shirts-roses-collectes\" target=\"_blank\" rel=\"noopener\">La course\/marche d\u2019Octobre rose de 5 km<\/a> se d\u00e9roulera le dimanche 5 octobre, avec un \u00e9chauffement devant le Palais du Gouvernement \u00e0 10 h 15, un d\u00e9part \u00e0 10 h 30 et une arriv\u00e9e place de la Carri\u00e8re. 14 \u20ac\/personne dont 7 seront revers\u00e9s \u00e0 la lutte contre le cancer.<\/p>\n<p><strong>Lun\u00e9ville<\/strong>\u00a0: le\u00a012 octobre.\u00a0Il s&rsquo;agit de la 10e \u00e9dition des Foul\u00e9es Lun\u00e9villoises. Marche, course, stands d\u2019informations, tombola\u2026 Participation de 5 \u20ac mininum.\u00a0<\/p>\n<p><strong>Toul\u00a0:<\/strong>\u00a0le\u00a012 octobre. Pour la Toul&rsquo;en Rose avec Carrefour, le nom a chang\u00e9 mais l&rsquo;\u00e9nergie est toujours la m\u00eame. L&rsquo;hypermarch\u00e9 propose une marche ou course de 6,5 km dans les rues de Toul.\u00a0<\/p>\n<p><strong>Pont-\u00e0-Mousson<\/strong>\u00a0:\u00a0le\u00a019 octobre.\u00a0La nouvelle \u00e9dition d\u2019Octobre Rose revient pour une marche ou une course \u00e0 Pont-\u00e0-Mousson. Plus d&rsquo;informations \u00e0 venir.\u00a0<\/p>\n<p><strong>Bl\u00e9nod-l\u00e8s-Pont-\u00e0-Mousson<\/strong>\u00a0: le\u00a05 octobre.\u00a0Pour sa 5e \u00e9dition, l&rsquo;association \u00ab La vie en rose \u00bb <a href=\"https:\/\/www.estrepublicain.fr\/culture-loisirs\/2025\/06\/27\/octobre-rose-nouvelle-version-on-vous-dit-tout\" target=\"_blank\" rel=\"noopener\">pr\u00e9pare des surprises<\/a>. Au programme : marche et course, animations, petit d\u00e9jeuner offert, buvette, restauration. Un don d\u2019un montant minimum de 5 \u20ac validera l\u2019inscription et permettra d&rsquo;obtenir le t-shirt rose.<\/p>\n<p><strong>Villers-l\u00e8s-Nancy<\/strong>\u00a0: le 11 octobre. Le Trail des Lumi\u00e8res propose un parcours de 7 km pour Octobre rose, un mini-trail sur sentiers forestiers version course (15 \u20ac) ou marche (14 \u20ac) au choix. T-shirt offert.\u00a0<\/p>\n<p><strong>Laxou<\/strong>\u00a0: le\u00a012 octobre.\u00a0L&rsquo;association Les Fourasses organise une marche de 5 km, une marche de 10 km, et une course de 5 km, au stade Gaston Lozzia \u00e0 Laxou. Tarif unique de 6 \u20ac pour les adultes et 4 \u20ac pour les moins de 16 ans, b\u00e9n\u00e9fices\u00a0revers\u00e9s \u00e0 des associations ayant pour but de soutenir les femmes touch\u00e9es par la maladie.<\/p>\n<p><strong>Heillecourt<\/strong>\u00a0: le\u00a04 octobre. Rendez-vous au parc de l&rsquo;Embanie \u00e0 14 h 30 pour le d\u00e9part des deux circuits de 5 et 8 km. Echauffement \u00e0 partir de 13 h 30. Dress code rose.\u00a0<\/p>\n<p><strong>Pulnoy\u00a0<\/strong>:\u00a0le\u00a026 octobre. <a href=\"https:\/\/www.estrepublicain.fr\/culture-loisirs\/2025\/09\/10\/octobre-rose-une-marche-et-une-course-solidaires\" target=\"_blank\" rel=\"noopener\">Une marche et une course,<\/a> toutes deux de 5 km. D\u00e9part et arriv\u00e9e promenade Simone-Veil. \u00c0 9 h 30 pour les marcheurs et 9 h 45 pour les coureurs. Tarif unique, 5 \u20ac.<\/p>\n<p><strong>Lay-Saint-Christophe\u00a0:<\/strong>\u00a0le\u00a012 octobre.\u00a0La 5e \u00e9dition d<a href=\"https:\/\/www.estrepublicain.fr\/sante\/2025\/09\/12\/les-inscriptions-sont-ouvertes-pour-la-randonnee-d-octobre-rose\" target=\"_blank\" rel=\"noopener\">e la randonn\u00e9e \u00ab Lay Rose \u00bb<\/a> aura lieu le dimanche 12 octobre avec un parcours de 7 kilom\u00e8tres. 5 \u20ac pour les plus de 16 ans, 1 \u20ac pour les moins de 16 ans, gratuit pour les enfants jusqu\u2019\u00e0 3 ans.<\/p>\n<p><strong>Mont-Saint-Martin : <\/strong>le\u00a012 octobre. Apr\u00e8s une \u00e9dition 2024 marquante \u00e0 Lexy, qui a r\u00e9uni pr\u00e8s de 6 000 participants et permis de collecter 30 000 euros pour la lutte contre le cancer, la commune de Mont-Saint-Martin prend le relais pour organiser <a href=\"https:\/\/www.republicain-lorrain.fr\/societe\/2025\/07\/11\/le-parcours-rose-aura-lieu-le-12-octobre\" target=\"_blank\" rel=\"noopener\">la 10\u1d49 \u00e9dition du Parcours Rose du Pays-Haut<\/a>.Tarif : 3 \u20ac.<\/p>\n<p><strong>Villerupt\u00a0: <\/strong>le\u00a05 octobre. Villerupt revient pour <a href=\"https:\/\/www.republicain-lorrain.fr\/sante\/2025\/09\/14\/la-derniere-edition-d-octobre-rose-portee-par-claire-aresi\" target=\"_blank\" rel=\"noopener\">sa 5e \u00e9dition d\u2019Octobre rose<\/a> avec sa marche de 5 ou 10 km le dimanche 5 octobre 2025 , au d\u00e9part de l&rsquo;Ehpad, rue Gambetta. T-shirt \u00e0 12 \u20ac en pr\u00e9-vente ou 15 \u20ac sur place.<\/p>\n<p><strong>Jarny<\/strong>\u00a0: le\u00a012 octobre.\u00a0Deux parcours au choix de 5 ou 10 km au d\u00e9part de l&rsquo;espace Rachel Foglia \u00e0 9 h. Tarif de 5 \u20ac, ravitaillement inclus. Dress code rose, \u00e9videmment !<\/p>\n<p><strong>Bayon<\/strong>\u00a0: le 12 octobre.\u00a0Rendez-vous est donn\u00e9 aux participants \u00e0 l&rsquo;\u00e9tang de la Saussaie pour un \u00e9chauffement collectif \u00e0 partir de 9 h 30 suivi\u00a0du d\u00e9part \u00e0 partir de 10 h\u00a0pour les circuits de 5 ou 10 km. La participation est fix\u00e9e \u00e0 10 \u20ac par personne.<\/p>\n<p><strong>Champey-sur-Moselle<\/strong>\u00a0: le 5 octobre.\u00a0Une Marche rose solidaire et familiale de 6 km partira du parking de la salle Armand-Vachon, organis\u00e9e par l&rsquo;association Vittonvillage. <a href=\"https:\/\/www.estrepublicain.fr\/societe\/2025\/09\/21\/octobre-rose-cinq-communes-unies-pour-la-lutte-contre-le-cancer-du-sein-a-champey-sur-moselle\" target=\"_blank\" rel=\"noopener\">De nombreuses animations sont pr\u00e9vues tout le week-end<\/a>.\u00a0<\/p>\n<p><strong>Gerb\u00e9viller\u00a0<\/strong>: le 19 octobre.\u00a0Au programme : \u00e9chauffement \u00e0 13 h 45, d\u00e9part de la course enfants \u00e0 14 h, d\u00e9part des marcheurs \u00e0 14 h 15, d\u00e9part des coureurs \u00e0 15 h. Pour les adultes, deux parcours possibles soit 6 soit 10 km. <a href=\"https:\/\/www.estrepublicain.fr\/sante\/2025\/09\/18\/bientot-la-7e-edition-des-courses-roses-en-mortagne\" target=\"_blank\" rel=\"noopener\">La participation est \u00e0 6 euros<\/a>.<\/p>\n<p>  En Meuse<\/p>\n<p><strong>Bar-le-Duc\u00a0:<\/strong>\u00a0le\u00a018 octobre.\u00a0Marche organis\u00e9e par le centre m\u00e9dical de la femme. Trois parcours de 5, 12 ou 16 km au d\u00e9part du parc de l&rsquo;h\u00f4tel de ville. Inscriptions 3 \u20ac revers\u00e9s \u00e0 la ligue contre le cancer.<\/p>\n<p><strong>Stenay\u00a0:<\/strong>\u00a0le 15 octobre.\u00a0Une marche accessible \u00e0 tous et comment\u00e9e par une archiviste de la ville de Stenay permettra de red\u00e9couvrir le patrimoine de la ville. Participation minimum de 2 \u20ac.\u00a0<\/p>\n<p><strong>Ligny-en-Barrois<\/strong> : le 11 octobre. La maison de sant\u00e9 Georges Richert propose soit une marche de 6 km, soit une activit\u00e9 physique adapt\u00e9e avec une coach. Inscription 5 \u20ac.<\/p>\n<p><strong>Longeville-en-Barrois\u00a0: <\/strong>le 11 octobre. La \u00ab Rando rose \u00bb organis\u00e9e par le groupe amical Sainte-C\u00e9cile dans le cadre d\u2019Octobre Rose revient le 11 octobre avec deux parcours, de 6 et 11 km. Inscription 3 \u20ac.\u00a0<\/p>\n<p><strong>Belleville-sur-Meuse<\/strong>\u00a0: le 11 octobre. Trois marches sont pr\u00e9vues\u00a0: 7,6 km\u00a0le matin, 3,6 et 10,4 km l&rsquo;apr\u00e8s-midi.\u00a0R\u00e9glement sur place de 8 \u20ac.\u00a0<\/p>\n<p><strong>Mogn\u00e9ville\u00a0<\/strong>: le 11 octobre. Une marche ouverte \u00e0 tous aura lieu au d\u00e9part du lavoir, avec un parcours de 6 ou 10 km. 3 \u20ac par personne, revers\u00e9s \u00e0 la ligue.\u00a0<\/p>\n<p><strong>L\u00e9rouville<\/strong> : le 12 octobre.\u00a0La marche se d\u00e9roulera <a href=\"https:\/\/www.estrepublicain.fr\/culture-loisirs\/2025\/09\/16\/des-nouveautes-pour-la-4-sup-e-sup-edition-d-octobre-rose\" target=\"_blank\" rel=\"noopener\">dans les rues de la localit\u00e9,<\/a> dimanche 12 octobre, sur un parcours s\u00e9curis\u00e9 d\u2019environ 5 km. L\u2019inscription est \u00e0 6 \u20ac pour les adultes, avec la remise d\u2019un sac \u00e0 dos \u00ab Octobre rose \u00bb, et \u00e0 2 \u20ac pour les moins de 12 ans.\u00a0<\/p>\n<p>  En Moselle<\/p>\n<p><strong>Metz\u00a0<\/strong>: le\u00a05 octobre.\u00a0Le Rose and Roll Tour, c&rsquo;est une manifestation en mobilit\u00e9 douce sur les pistes cyclables de Metz, pour une balade d\u2019environ 20 km.\u00a0L&rsquo;\u00e9v\u00e9nement est d\u00e9sormais ouvert aux coureurs et marcheurs\/marcheuses\u00a0lors d&rsquo;un trac\u00e9 d\u2019environ 10 km. Tarif de 12 \u20ac pour les adultes et 6 pour les enfants de moins de 12 ans.<\/p>\n<p><strong>Behren-l\u00e8s-Forbach<\/strong>\u00a0: le 28 septembre. Les <a href=\"https:\/\/www.republicain-lorrain.fr\/societe\/2025\/08\/18\/10-km-et-marche-rose-le-28-septembre-les-inscriptions-sont-ouvertes\" target=\"_blank\" rel=\"noopener\">traditionnels 10 km et la marche rose\u00a0de 5 km<\/a> reviennent \u00e0 Behren-l\u00e8s-Forbach, avec des nouveaut\u00e9s pour petits et grands. Les inscriptions sont ouvertes\u00a0: 8 \u20ac pour la course (t-shirt inclus) et 3 \u20ac pour la marche (t-shirt en option \u00e0 7 \u20ac).<\/p>\n<p><strong>Hundling\u00a0:<\/strong>\u00a0le\u00a04 octobre.<a href=\"https:\/\/www.republicain-lorrain.fr\/societe\/2025\/09\/20\/la-hundlingeoise-revient-pour-sa-2-sup-e-sup-edition-le-4-octobre-inscrivez-vous\" target=\"_blank\" rel=\"noopener\"> La deuxi\u00e8me \u00e9dition de \u00ab La Hundlingeoise \u00bb<\/a> propose une marche ou course de 6,4 km au tarif de 10 \u20ac avec t-shirt inclus.<\/p>\n<p><strong>Aumetz\u00a0:<\/strong> le\u00a05\u00a0octobre.\u00a0Balade gourmande et circuit touristique avec plusieurs arr\u00eats gourmands pr\u00e9vus. Le tarif (20 \u20ac pour les adultes, 10 \u20ac enfants) comprend les arr\u00eats gourmands et un t-shirt Octobre Rose.<\/p>\n<p><strong>Spicheren\u00a0:<\/strong> les\u00a03 et 4\u00a0octobre.\u00a0L&rsquo;association \u00ab\u00a0Des KM Pour La Vie\u00a0\u00bb a pr\u00e9vu <a href=\"https:\/\/www.republicain-lorrain.fr\/sante\/2025\/09\/21\/octobre-rose-mobilisation-generale-pour-la-bonne-cause\" target=\"_blank\" rel=\"noopener\">un \u00e9v\u00e9nement tr\u00e8s particulier\u00a0pour Octobre rose\u00a0<\/a>:\u00a0la premi\u00e8re \u00e9dition des \u00ab\u00a024\u00a0h pour la vie\u00a0\u00bb, un d\u00e9fi cycliste solidaire en \u00e9quipe ou en solo, sur un circuit ferm\u00e9 de 2,7 km pendant 24 h, au profit de la lutte contre le cancer du sein. L&rsquo;association lance \u00e9galement un challenge pendant tout le mois d&rsquo;octobre\u00a0: en cumulant des kilom\u00e8tres \u00e0 pied, \u00e0 v\u00e9lo ou \u00e0 la nage, contribuez \u00e0 une collecte de fonds pour l&rsquo;association \u00ab\u00a0Des Seins Pour La Vie\u00a0\u00bb. Objectif 100 000 km cumul\u00e9s\u00a0!<\/p>\n<p><strong>Sarralbe\u00a0<\/strong>: le 5 octobre. La course solidaire Sarralbe en rose, en faveur de La Ligue contre le cancer, aura \u00e0 nouveau lieu pour <a href=\"https:\/\/www.republicain-lorrain.fr\/culture-loisirs\/2025\/09\/12\/sarralbe-en-rose-les-inscriptions-sont-ouvertes-pour-la-troisieme-edition\" target=\"_blank\" rel=\"noopener\">une troisi\u00e8me \u00e9dition en plein c\u0153ur de la ville de Sarralbe.<\/a> Les participants ont le choix entre la course \u00e0 pied ou la marche sur un parcours d\u2019environ 8 km ou 4 km.\u00a0<\/p>\n<p><strong>Boulay-Moselle<\/strong>\u00a0: le 5 octobre.\u00a0Pour la troisi\u00e8me ann\u00e9e, l\u2019union des commer\u00e7ants et artisans de Boulay organise <a href=\"https:\/\/www.republicain-lorrain.fr\/sante\/2025\/09\/16\/contre-le-cancer-du-sein-la-boulageoise-c-est-le-5-octobre\" target=\"_blank\" rel=\"noopener\">la Boulageoise, une course contre le cancer du sein le 5 octobre.<\/a> Adultes et enfants sont les bienvenus sur cette course. Deux d\u00e9parts seront organis\u00e9s.\u00a0Tarif adultes : 10 \u20ac, enfants : 5 \u20ac.<\/p>\n<p><strong>Ch\u00e2teau-Salins\u00a0<\/strong>: le 12 octobre. <a href=\"https:\/\/www.republicain-lorrain.fr\/sante\/2025\/09\/17\/cancer-du-sein-un-automne-tout-entier-en-rose\" target=\"_blank\" rel=\"noopener\">Les 8es Foul\u00e9es du Saulnois <\/a>joueront une nouvelle fois la carte de la solidarit\u00e9 avec une marche rose de 5 km qui s\u2019\u00e9lancera \u00e0 10 h 30 du stade de Ch\u00e2teau-Salins.<\/p>\n<p><strong>Audun-le-Tiche<\/strong>\u00a0: le 12 octobre.\u00a0L\u2019association du Train 11 <a href=\"https:\/\/www.republicain-lorrain.fr\/sante\/2025\/09\/21\/octobre-rose-un-week-end-pour-sensibiliser-et-se-mobiliser\" target=\"_blank\" rel=\"noopener\">proposera deux itin\u00e9raires <\/a>: une promenade de 2 km baptis\u00e9e \u00ab balade rose \u00bb, accessible au plus grand nombre, et un second parcours plus sportif destin\u00e9 aux marcheurs exp\u00e9riment\u00e9s.\u00a0Une participation de 3 \u20ac est demand\u00e9e pour la marche.<\/p>\n<p><strong>R\u00e9ding\u00a0<\/strong>: le 11 octobre.\u00a0Le d\u00e9part sera donn\u00e9 \u00e0 19 h depuis la salle Olympie. <a href=\"https:\/\/www.republicain-lorrain.fr\/culture-loisirs\/2025\/09\/21\/marche-d-octobre-rose-entre-prevention-et-solidarite\" target=\"_blank\" rel=\"noopener\">En amont de l\u2019\u00e9v\u00e9nement,<\/a> les participants pourront d\u00e9couvrir, d\u00e8s 16 h, l\u2019unit\u00e9 mobile de pr\u00e9vention sant\u00e9, un camion r\u00e9cemment mis en service pour le d\u00e9pistage du cancer du sein.\u00a0Tarif : 8 \u20ac.<\/p>\n<p><strong>Puttelange-aux-Lacs<\/strong>\u00a0: le 12 octobre. <a href=\"https:\/\/www.republicain-lorrain.fr\/societe\/2025\/09\/21\/la-ville-se-mobilise-pour-la-premiere-edition-d-octobre-rose\" target=\"_blank\" rel=\"noopener\">Au programme de cette premi\u00e8re \u00e9dition<\/a>\u00a0: une marche de 8 km et une course de 11 km, accessibles \u00e0 tous. L\u2019accueil se fera d\u00e8s 9 h avec \u00e9chauffement collectif pour un d\u00e9part fix\u00e9 \u00e0 10 h.\u00a0<\/p>\n<p><strong>Soucht\u00a0<\/strong>: le 4 octobre.\u00a0Trois parcours sont pr\u00e9vus <a href=\"https:\/\/www.republicain-lorrain.fr\/societe\/2025\/09\/21\/une-4e-souchtoise-le-samedi-4-octobre\" target=\"_blank\" rel=\"noopener\">au d\u00e9part de la salle polyvalente<\/a>. Le d\u00e9part des marches de 3 et 5 km aura lieu \u00e0 16 h 45 mais celle de 10 km partira d\u00e8s 16 h avec lampes frontales conseill\u00e9es.\u00a0<\/p>\n<p><strong>Langatte\u00a0<\/strong>: le 5 octobre. La\u00a011e \u00e9dition de la marche est organis\u00e9e par SEVE (Seins et Vie), dans le cadre d&rsquo;Octobre Rose. Trois marches vous sont propos\u00e9es : 5, 8 ou 13 km avec de nouveaux parcours.<\/p>\n<p>  Dans les Vosges<\/p>\n<p><strong>Epinal\u00a0:<\/strong>\u00a0le\u00a05 octobre.\u00a0Un parcours de marche ou course de 6 km est propos\u00e9 dans les rues de la ville. Attention, l&rsquo;\u00e9v\u00e9nement, baptis\u00e9 Les Foul\u00e9es Roses Spinaliennes, est r\u00e9serv\u00e9 aux femmes. Inscription 10 \u20ac adultes, 7 \u20ac enfants.<\/p>\n<p><strong>Saint-Di\u00e9-des-Vosges\u00a0:<\/strong>\u00a0le 19 octobre.\u00a0Les\u00a0traditionnelles courses autour des \u00e9tangs des Hauts-Monts reviennent avec la Pink Race (10 km), la Pink Run (6 km), la Pink Kid (de 500 m \u00e0 1,5 km). Une marche rose sera\u00a0\u00e9galement lanc\u00e9e au d\u00e9part du parking de Leclerc. Tout le programme d&rsquo;Octobre rose \u00e0 Saint-Di\u00e9 <a href=\"https:\/\/www.vosgesmatin.fr\/sante\/2025\/09\/03\/octobre-rose-a-saint-die-ce-qu-il-faut-savoir-sur-cette-nouvelle-edition\" target=\"_blank\" rel=\"noopener\">est \u00e0 retrouver par ici<\/a>.<\/p>\n<p><strong>Remiremont\u00a0<\/strong>: le 11 octobre. La marche rose revient pour sa 5e \u00e9dition, avec un parcours de 6 km accessible \u00e0 tous. Inscriptions 3 ou 10 \u20ac avec remise d&rsquo;un article rose.\u00a0<\/p>\n<p><strong>G\u00e9rardmer<\/strong> : le 19 octobre.\u00a0<\/p>\n<p><strong>Vom\u00e9court\u00a0:<\/strong>\u00a0le 4\u00a0octobre.\u00a0C&rsquo;est la 2e \u00e9dition d&rsquo;Octobre rose \u00e0 Vom\u00e9court, avec une marche nocturne de 5,5 km \u00e0 19 h 30. Inscriptions 3 ou 10 \u20ac (avec t-shirt, casquette, bonnet, bandeau ou socquettes au choix).\u00a0<\/p>\n<p><strong>Hadigny-les-Verri\u00e8res\u00a0<\/strong>: le 28 septembre. Pour la 4e \u00e9dition de sa marche rose, le foyer rural propose trois parcours : 3, 6 et 10 km. D\u00e9parts libres de 9 h \u00e0 14 h. Tarif libre.\u00a0<\/p>\n<p><strong>Thi\u00e9fosse\u00a0<\/strong>: le 12 octobre. Trois parcours de 2, 5 et 10 km. Inscriptions sur place 3 ou 10 \u20ac avec remise d&rsquo;un article rose.\u00a0<\/p>\n<p><strong>Chavelot<\/strong> : le 28 septembre. La Vague rose chavelotaise propose un parcours fl\u00e9ch\u00e9 de 7 km, et de 2 km pour les enfants. Inscriptions 3 ou 10 \u20ac (avec remise d&rsquo;un article rose).<\/p>\n<p><strong>Rupt-sur-Moselle<\/strong>\u00a0: le 19 octobre.\u00a0Pour sa premi\u00e8re \u00e9dition, la marche rose propose trois parcours\u00a0: 2 km, 5 km et 10 km.\u00a0Inscriptions 3 ou 10 \u20ac (avec remise d&rsquo;un article rose).<\/p>\n<p><strong>Neufch\u00e2teau\u00a0<\/strong>: le 4 octobre. Le d\u00e9part de la marche se fera \u00e0 10 h, avec des circuits de 5 ou 10 km. Des circuits v\u00e9lo sont aussi propos\u00e9s de 20, 30 ou 45 km.\u00a0<\/p>\n<p><strong>Padoux\u00a0<\/strong>: le 11 octobre. C&rsquo;est la 3e \u00e9dition de la marche rose, avec deux parcours de 8 et 12 km. Inscriptions 3 ou 10 \u20ac (avec remise d&rsquo;un article rose).<\/p>\n<p><strong>Bruy\u00e8res\u00a0<\/strong>: le 26 octobre. Un parcours de 7 km, ouvert \u00e0 tous et gratuit. Inscriptions \u00e0 9 h, au parking relais de la cit\u00e9.\u00a0<\/p>\n<p><strong>Contrex\u00e9ville\u00a0<\/strong>: le 12 octobre. Deux parcours d&rsquo;environ 5 ou 8 km, accessibles \u00e0 tous.\u00a0Inscriptions 3 ou 10 \u20ac (avec remise d&rsquo;un article rose).<\/p>\n<p><strong>Mirecourt\u00a0<\/strong>: le 5 octobre. Deux parcours de 5 ou 7 km. Participation gratuite.\u00a0<\/p>\n<p><strong>Corcieux\u00a0<\/strong>: le 11 octobre. Marche de 6 ou 8 km \u00e0 14 h 30. Possibilit\u00e9 aussi de participer \u00e0 une sortie v\u00e9lo avec deux parcours de 9 ou 20 km.\u00a0\u00a0Inscriptions\u00a05 ou 10 \u20ac (avec remise d&rsquo;un article rose).<\/p>\n","protected":false},"excerpt":{"rendered":"Pr\u00e9parez-vous \u00e0 chausser vos baskets pour la bonne cause\u00a0! Chaque ann\u00e9e, des vagues roses de marcheurs et marcheuses&hellip;\n","protected":false},"author":2,"featured_media":422147,"comment_status":"","ping_status":"","sticky":false,"template":"","format":"standard","meta":{"footnotes":""},"categories":[9635],"tags":[1111,11,12163,3602,1707,1704,1706,1705,10174,1777,674,107,1011,27,775,230,5362,3457,1702,12,3456,25,71,273,104],"class_list":{"0":"post-422146","1":"post","2":"type-post","3":"status-publish","4":"format-standard","5":"has-post-thumbnail","7":"category-nancy","8":"tag-actu","9":"tag-actualites","10":"tag-data","11":"tag-edition-bar-le-duc","12":"tag-edition-luneville","13":"tag-edition-nancy-et-agglomeration","14":"tag-edition-pont-a-mousson","15":"tag-edition-toul","16":"tag-edition-verdun","17":"tag-eu","18":"tag-europe","19":"tag-fil-info","20":"tag-fr","21":"tag-france","22":"tag-grand-est","23":"tag-infographie","24":"tag-magazine-sante","25":"tag-meurthe-et-moselle","26":"tag-nancy","27":"tag-news","28":"tag-region-lorraine","29":"tag-republique-francaise","30":"tag-sante","31":"tag-selection-de-la-redaction","32":"tag-societe"},"share_on_mastodon":{"url":"https:\/\/pubeurope.com\/@fr\/115278002490312865","error":""},"_links":{"self":[{"href":"https:\/\/www.europesays.com\/fr\/wp-json\/wp\/v2\/posts\/422146","targetHints":{"allow":["GET"]}}],"collection":[{"href":"https:\/\/www.europesays.com\/fr\/wp-json\/wp\/v2\/posts"}],"about":[{"href":"https:\/\/www.europesays.com\/fr\/wp-json\/wp\/v2\/types\/post"}],"author":[{"embeddable":true,"href":"https:\/\/www.europesays.com\/fr\/wp-json\/wp\/v2\/users\/2"}],"replies":[{"embeddable":true,"href":"https:\/\/www.europesays.com\/fr\/wp-json\/wp\/v2\/comments?post=422146"}],"version-history":[{"count":0,"href":"https:\/\/www.europesays.com\/fr\/wp-json\/wp\/v2\/posts\/422146\/revisions"}],"wp:featuredmedia":[{"embeddable":true,"href":"https:\/\/www.europesays.com\/fr\/wp-json\/wp\/v2\/media\/422147"}],"wp:attachment":[{"href":"https:\/\/www.europesays.com\/fr\/wp-json\/wp\/v2\/media?parent=422146"}],"wp:term":[{"taxonomy":"category","embeddable":true,"href":"https:\/\/www.europesays.com\/fr\/wp-json\/wp\/v2\/categories?post=422146"},{"taxonomy":"post_tag","embeddable":true,"href":"https:\/\/www.europesays.com\/fr\/wp-json\/wp\/v2\/tags?post=422146"}],"curies":[{"name":"wp","href":"https:\/\/api.w.org\/{rel}","templated":true}]}}