{"id":422148,"date":"2025-09-27T19:51:12","date_gmt":"2025-09-27T19:51:12","guid":{"rendered":"https:\/\/www.europesays.com\/fr\/422148\/"},"modified":"2025-09-27T19:51:12","modified_gmt":"2025-09-27T19:51:12","slug":"nationale-2-f-lasptt-nancy-tomblaine-impuissante-face-a-bourges","status":"publish","type":"post","link":"https:\/\/www.europesays.com\/fr\/422148\/","title":{"rendered":"Nationale 2 (F). L\u2019ASPTT Nancy-Tomblaine impuissante face \u00e0 Bourges"},"content":{"rendered":"<p>ASPTT Nancy-Tomblaine &#8211; Bourges<\/p>\n<p>48-74<\/p>\n<p>Battues en ouverture dans le Nord (87-77, \u00e0 Estaires), les Tomblainoises n\u2019ont pas vraiment quitt\u00e9 Gentilly rassur\u00e9es, ce samedi soir. Certes, l\u2019\u00e9quipe de Bertrand Ternard est parvenue \u00e0 baisser un peu le curseur des points encaiss\u00e9s, par rapport \u00e0 la premi\u00e8re journ\u00e9e, mais cela n\u2019a pas suffi \u00e0 perturber le jeu acad\u00e9mique et terriblement efficace du centre de formation de Bourges. Une \u00e9quipe berruy\u00e8re qui s\u2019est m\u00eame permis une agr\u00e9able promenade de sant\u00e9 en deuxi\u00e8me p\u00e9riode, alors que l\u2019impuissance avait d\u00e9finitivement coup\u00e9 les ailes des Meurthe-et-Mosellanes.<\/p>\n<p>Pourtant, Ziegler et ses co\u00e9quipi\u00e8res avaient su se remettre d\u2019une s\u00e9v\u00e8re panne de r\u00e9veil, qui les a mises d\u2019embl\u00e9e dans le dur (1-12, 4e). Rien de bien m\u00e9chant, jusque-l\u00e0. Avec un peu d\u2019adresse ext\u00e9rieure et, surtout, une d\u00e9fense enfin agressive, l\u2019ASPTT a trouv\u00e9 son rythme et s\u2019est cal\u00e9e dans le match (17-16, 10e). En d\u00e9but de deuxi\u00e8me quart-temps, les Tomblainoises ont m\u00eame laiss\u00e9 croire \u00e0 la centaine de spectateurs pr\u00e9sents \u00e0 Jean-Weille qu\u2019elles avaient d\u00e9finitivement trouv\u00e9 les solutions pour ne laisser que des miettes \u00e0 leurs adversaires (26-18, 14e).<\/p>\n<p>Mais les balles perdues, la maladresse pr\u00e8s du panier et la domination de la Berruy\u00e8re Tournebize dans la raquette ont progressivement pourri la vie de Nanc\u00e9iennes \u00e0 nouveau trop permissives en d\u00e9fense (28-34, 20e). La situation de l\u2019ASPTT Nancy-Tomblaine s\u2019est m\u00eame s\u00e9rieusement d\u00e9grad\u00e9e en d\u00e9but de deuxi\u00e8me p\u00e9riode, lorsque Bourges a parfaitement altern\u00e9 adresse ext\u00e9rieure et paniers dans la raquette. L\u2019ASPTT ne savait plus o\u00f9 donner de la t\u00eate et son retard au tableau d\u2019affichage a pris des proportions (33-48, 27e\u00a0; 41-64, 35e).<\/p>\n<p>Impuissantes face \u00e0 des adversaires qui s\u2019\u00e9taient rendues le match facile et r\u00e9citaient leur basket, les Tomblainoises ont fini par l\u00e2cher dans les t\u00eates. Des t\u00eates qu\u2019il faudra vite redresser.<\/p>\n<p class=\"note\"><strong>Les marqueuses<\/strong><strong>ASPTT Nancy-Tomblaine\u00a0:<\/strong> Bohro 9, Bar 3, Lambert 2, Camara, Mban 4, Soufflet 15, Mulumba 1, Sifferlin 2, Eymard 4, Kalonji, Ziegler 8, Aubriot. <strong>Bourges\u00a0:<\/strong> Rousselier 10, Bamba 7, De Pina, Poilve 14, Loubibet 14, Am. Mane 2, Selle 4, An. Mane 4, Tournebize 14, Lefevre 5.<\/p>\n","protected":false},"excerpt":{"rendered":"ASPTT Nancy-Tomblaine &#8211; Bourges 48-74 Battues en ouverture dans le Nord (87-77, \u00e0 Estaires), les Tomblainoises n\u2019ont pas&hellip;\n","protected":false},"author":2,"featured_media":422149,"comment_status":"","ping_status":"","sticky":false,"template":"","format":"standard","meta":{"footnotes":""},"categories":[9635],"tags":[1111,11,1791,1704,1777,674,1011,27,775,1702,1703,12,25,517,1700],"class_list":{"0":"post-422148","1":"post","2":"type-post","3":"status-publish","4":"format-standard","5":"has-post-thumbnail","7":"category-nancy","8":"tag-actu","9":"tag-actualites","10":"tag-basket-ball","11":"tag-edition-nancy-et-agglomeration","12":"tag-eu","13":"tag-europe","14":"tag-fr","15":"tag-france","16":"tag-grand-est","17":"tag-nancy","18":"tag-nancy-ville-54b","19":"tag-news","20":"tag-republique-francaise","21":"tag-sport","22":"tag-sport-lorrain"},"share_on_mastodon":{"url":"https:\/\/pubeurope.com\/@fr\/115278006445673550","error":""},"_links":{"self":[{"href":"https:\/\/www.europesays.com\/fr\/wp-json\/wp\/v2\/posts\/422148","targetHints":{"allow":["GET"]}}],"collection":[{"href":"https:\/\/www.europesays.com\/fr\/wp-json\/wp\/v2\/posts"}],"about":[{"href":"https:\/\/www.europesays.com\/fr\/wp-json\/wp\/v2\/types\/post"}],"author":[{"embeddable":true,"href":"https:\/\/www.europesays.com\/fr\/wp-json\/wp\/v2\/users\/2"}],"replies":[{"embeddable":true,"href":"https:\/\/www.europesays.com\/fr\/wp-json\/wp\/v2\/comments?post=422148"}],"version-history":[{"count":0,"href":"https:\/\/www.europesays.com\/fr\/wp-json\/wp\/v2\/posts\/422148\/revisions"}],"wp:featuredmedia":[{"embeddable":true,"href":"https:\/\/www.europesays.com\/fr\/wp-json\/wp\/v2\/media\/422149"}],"wp:attachment":[{"href":"https:\/\/www.europesays.com\/fr\/wp-json\/wp\/v2\/media?parent=422148"}],"wp:term":[{"taxonomy":"category","embeddable":true,"href":"https:\/\/www.europesays.com\/fr\/wp-json\/wp\/v2\/categories?post=422148"},{"taxonomy":"post_tag","embeddable":true,"href":"https:\/\/www.europesays.com\/fr\/wp-json\/wp\/v2\/tags?post=422148"}],"curies":[{"name":"wp","href":"https:\/\/api.w.org\/{rel}","templated":true}]}}